{"id":135736,"date":"2025-05-29T01:52:11","date_gmt":"2025-05-29T01:52:11","guid":{"rendered":"https:\/\/www.europesays.com\/fr\/135736\/"},"modified":"2025-05-29T01:52:11","modified_gmt":"2025-05-29T01:52:11","slug":"lyon-une-redoutable-arnaque-a-lirlandaise-sevit-dans-la-rue-huit-victimes-identifiees","status":"publish","type":"post","link":"https:\/\/www.europesays.com\/fr\/135736\/","title":{"rendered":"Lyon. Une redoutable \u00ab\u00a0arnaque \u00e0 l&rsquo;irlandaise\u00a0\u00bb s\u00e9vit dans la rue, huit victimes identifi\u00e9es"},"content":{"rendered":"<p>            Par<br \/>\n        <strong><br \/>\n            <a href=\"https:\/\/actu.fr\/auteur\/nicolas-zaugra\" title=\"Consulter tous les articles de Nicolas Zaugra\" target=\"_blank\" rel=\"noopener\">Nicolas Zaugra<\/a><br \/>\n        <\/strong><\/p>\n<p>        Publi\u00e9 le<\/p>\n<p>            28 mai 2025 \u00e0 18h50        <\/p>\n<p>Ils ont tent\u00e9 d\u2019arnaquer des passants dans les rues de <a href=\"https:\/\/actu.fr\/auvergne-rhone-alpes\/lyon_69123\" target=\"_blank\" rel=\"noopener\">Lyon<\/a> avec une arnaque redoutable et bien huil\u00e9e. Deux Irlandais, qui vivent \u00e0 Londres, et pr\u00e9sents dans la ville, ont mis en place <a href=\"https:\/\/actu.fr\/auvergne-rhone-alpes\/lyon_69123\/lyon-il-est-victime-de-l-arnaque-a-l-irlandaise-il-avait-pourtant-l-air-tres-sympa_61933837.html\" target=\"_blank\" rel=\"noopener\">l\u2019arnaque \u00e0 l\u2019irlandaise<\/a> qui consiste \u00e0 soutirer de l\u2019argent \u00e0 des personnes en misant sur la piti\u00e9. Au total, <strong>huit victimes d\u2019escroquerie<\/strong> ou de tentatives d\u2019escroquerie ont \u00e9t\u00e9 d\u00e9nombr\u00e9es par la police nationale de Lyon. Ils visaient des secteurs bien pr\u00e9cis.<\/p>\n<p>Ils visaient le 3e arrondissement et la place Bellecour<\/p>\n<p class=\" wall-content\">Dimanche 25 mai 2025, aux environs de 16h, les policiers mettaient en place une surveillance sur deux individus anglophones qui arr\u00eataient les passants dans la rue. Ces derniers, pr\u00e9textant un probl\u00e8me d\u2019argent, demandaient alors aux passants de retirer de l\u2019argent liquide en \u00e9change d\u2019un virement bancaire. Le mode op\u00e9ratoire classique de la fameuse \u00ab\u00a0arnaque \u00e0 l\u2019irlandaise\u00a0\u00bb.<\/p>\n<p class=\" wall-content\">Les arnaqueurs pris en filature par la police tentent d\u2019abord leurs chances sur le secteur de Lyon 3\u1d49, \u00ab\u00a0sans succ\u00e8s\u00a0\u00bb. Les deux individus se rendent ensuite sur la Presqu\u2019\u00eele dans un v\u00e9hicule immatricul\u00e9 en Irlande, toujours surveill\u00e9s par les policiers.<\/p>\n<p class=\" wall-content\">Les deux hommes finissent par aborder deux jeunes femmes place Bellecour, vers 18h. L\u2019une des deux retire <strong>une forte somme d\u2019argent au distributeur<\/strong> pour la remettre \u00e0 l\u2019un des deux hommes. Les individus s\u2019empressent de quitter les lieux apr\u00e8s lui avoir assur\u00e9 que le virement bancaire allait arriver. Sans les perdre de vue, les policiers prennent rapidement contact avec la victime.<\/p>\n<p>4 500 euros en liquide, des cartes SIM, des plaques d\u2019immatriculation\u2026<\/p>\n<p class=\" wall-content\">Selon la police, la victime de la place Bellecour qui a remis une forte somme a port\u00e9 plainte.\u00a0<\/p>\n<p class=\" wall-content\">Les deux suspects se sentant suivis ont pris la fuite dans deux directions oppos\u00e9es mais \u00e9taient finalement interpell\u00e9s rue d\u2019Amboise et rue du Pr\u00e9sident \u00c9douard Herriot.<\/p>\n<p class=\" wall-content\">La perquisition men\u00e9e par les enqu\u00eateurs dans le v\u00e9hicule immatricul\u00e9 en Irlande a permis de d\u00e9couvrir 4 550 \u20ac en num\u00e9raire, plusieurs cartes SIM, une carte d\u2019h\u00f4tel et un jeu de 8 plaques d\u2019immatriculations \u00e9trang\u00e8res.<\/p>\n<p>Les arnaqueurs pr\u00e9sum\u00e9s nient les faits<\/p>\n<p class=\" wall-content\">Lors de leurs auditions respectives, les deux hommes de nationalit\u00e9 irlandaise mais demeurant \u00e0 Londres, \u00e2g\u00e9s de 22 et 24 ans, ont ni\u00e9 les faits ou pr\u00e9f\u00e9raient garder le silence. Ils ont refus\u00e9 de communiquer les codes de d\u00e9verrouillage de leurs t\u00e9l\u00e9phones. Cette infraction \u00e9t\u00e9 aussi \u00e9t\u00e9 retenue contre eux.<\/p>\n<p class=\" wall-content\">Au total, huit victimes d\u2019escroquerie ou de tentatives d\u2019escroquerie \u00e9taient d\u00e9nombr\u00e9es. Celles qui avaient remis de l\u2019argent aux individus ont pu r\u00e9cup\u00e9rer leur bien lors du d\u00e9p\u00f4t de plainte.<\/p>\n<p class=\" wall-content\">Les deux mis en cause sont pr\u00e9sent\u00e9s au parquet de Lyon ce jour, le 28 mai 2025, en vue d\u2019une comparution imm\u00e9diate.<\/p>\n<p class=\" wall-content\">Suivez toute l\u2019actualit\u00e9 de vos villes et m\u00e9dias favoris en vous inscrivant \u00e0 <a href=\"https:\/\/moncompte.actu.fr\" title=\"D\u00e9couvez Mon Actu\" rel=\"nofollow noopener\" data-trk=\"{&quot;cta&quot;:{&quot;action&quot;:&quot;https:\\\/\\\/moncompte.actu.fr&quot;,&quot;category&quot;:&quot;mon compte&quot;,&quot;from&quot;:&quot;article footer&quot;,&quot;name&quot;:&quot;Mon actu&quot;,&quot;type&quot;:&quot;cta&quot;}}\" target=\"_blank\">Mon Actu<\/a>.<\/p>\n","protected":false},"excerpt":{"rendered":"Par Nicolas Zaugra Publi\u00e9 le 28 mai 2025 \u00e0 18h50 Ils ont tent\u00e9 d\u2019arnaquer des passants dans les&hellip;\n","protected":false},"author":2,"featured_media":135737,"comment_status":"","ping_status":"","sticky":false,"template":"","format":"standard","meta":{"footnotes":""},"categories":[1889],"tags":[1111,11,2430,5272,1777,674,118,1011,27,2428,12,1072,25],"class_list":{"0":"post-135736","1":"post","2":"type-post","3":"status-publish","4":"format-standard","5":"has-post-thumbnail","7":"category-lyon","8":"tag-actu","9":"tag-actualites","10":"tag-auvergne-rhone-alpes","11":"tag-bellecour","12":"tag-eu","13":"tag-europe","14":"tag-faits-divers","15":"tag-fr","16":"tag-france","17":"tag-lyon","18":"tag-news","19":"tag-police","20":"tag-republique-francaise"},"share_on_mastodon":{"url":"https:\/\/pubeurope.com\/@fr\/114588624033271001","error":""},"_links":{"self":[{"href":"https:\/\/www.europesays.com\/fr\/wp-json\/wp\/v2\/posts\/135736","targetHints":{"allow":["GET"]}}],"collection":[{"href":"https:\/\/www.europesays.com\/fr\/wp-json\/wp\/v2\/posts"}],"about":[{"href":"https:\/\/www.europesays.com\/fr\/wp-json\/wp\/v2\/types\/post"}],"author":[{"embeddable":true,"href":"https:\/\/www.europesays.com\/fr\/wp-json\/wp\/v2\/users\/2"}],"replies":[{"embeddable":true,"href":"https:\/\/www.europesays.com\/fr\/wp-json\/wp\/v2\/comments?post=135736"}],"version-history":[{"count":0,"href":"https:\/\/www.europesays.com\/fr\/wp-json\/wp\/v2\/posts\/135736\/revisions"}],"wp:featuredmedia":[{"embeddable":true,"href":"https:\/\/www.europesays.com\/fr\/wp-json\/wp\/v2\/media\/135737"}],"wp:attachment":[{"href":"https:\/\/www.europesays.com\/fr\/wp-json\/wp\/v2\/media?parent=135736"}],"wp:term":[{"taxonomy":"category","embeddable":true,"href":"https:\/\/www.europesays.com\/fr\/wp-json\/wp\/v2\/categories?post=135736"},{"taxonomy":"post_tag","embeddable":true,"href":"https:\/\/www.europesays.com\/fr\/wp-json\/wp\/v2\/tags?post=135736"}],"curies":[{"name":"wp","href":"https:\/\/api.w.org\/{rel}","templated":true}]}}