{"id":135738,"date":"2025-05-29T01:53:23","date_gmt":"2025-05-29T01:53:23","guid":{"rendered":"https:\/\/www.europesays.com\/fr\/135738\/"},"modified":"2025-05-29T01:53:23","modified_gmt":"2025-05-29T01:53:23","slug":"le-trafic-brievement-interrompu-apres-un-acte-de-malveillance-a-jean-mace","status":"publish","type":"post","link":"https:\/\/www.europesays.com\/fr\/135738\/","title":{"rendered":"le trafic bri\u00e8vement interrompu apr\u00e8s un acte de malveillance \u00e0 Jean Mac\u00e9"},"content":{"rendered":"<p>M\u00e9tro B \u00e0 Lyon : le trafic bri\u00e8vement interrompu apr\u00e8s un acte de malveillance \u00e0 Jean Mac\u00e9<\/p>\n<p itemprop=\"description\"><strong>Le m\u00e9tro B a \u00e9t\u00e9 perturb\u00e9 ce mardi 28 mai en fin d\u2019apr\u00e8s-midi \u00e0 Lyon, \u00e0 la suite d\u2019un acte de malveillance survenu \u00e0 la station Jean Mac\u00e9.<\/strong><\/p>\n<p>Selon les informations communiqu\u00e9es par les TCL,\u00a0\u00ab\u00a0la ligne de m\u00e9tro B a \u00e9t\u00e9 partiellement interrompue \u00e0 partir de 16h56 en raison d\u2019un acte de malveillance, survenu \u00e0 Jean Mac\u00e9.\u00a0\u00bb <\/p>\n<p>L\u2019incident a n\u00e9cessit\u00e9 une \u00e9vacuation en tunnel. Les stations comprises entre\u00a0Charpennes Charles Hernu et Debourg\u00a0n\u2019\u00e9taient plus desservies.<\/p>\n<p>Pendant l&rsquo;interruption, une\u00a0flotte de bus relais\u00a0a \u00e9t\u00e9 mise en place entre\u00a0Gerland et Part-Dieu\u00a0pour garantir la continuit\u00e9 des d\u00e9placements. Des dispositifs d\u2019information et d\u2019accompagnement ont \u00e9galement \u00e9t\u00e9 d\u00e9ploy\u00e9s.<\/p>\n<p>Toujours selon TCL, \u00ab\u00a0les \u00e9quipes TCL, en lien avec les \u00e9quipes techniques, se sont pleinement mobilis\u00e9es pour r\u00e9soudre cet incident et r\u00e9tablir un fonctionnement normal dans les meilleurs d\u00e9lais\u00a0\u00bb. Le trafic a pu reprendre\u00a0\u00e0 17h20, soit 24 minutes apr\u00e8s l\u2019interruption.<\/p>\n<p>\u00ab\u00a0Toutes les \u00e9quipes TCL pr\u00e9sentent leurs excuses pour les d\u00e9sagr\u00e9ments occasionn\u00e9s\u00a0\u00bb, conclut le communiqu\u00e9.<\/p>\n","protected":false},"excerpt":{"rendered":"M\u00e9tro B \u00e0 Lyon : le trafic bri\u00e8vement interrompu apr\u00e8s un acte de malveillance \u00e0 Jean Mac\u00e9 Le&hellip;\n","protected":false},"author":2,"featured_media":135739,"comment_status":"","ping_status":"","sticky":false,"template":"","format":"standard","meta":{"footnotes":""},"categories":[1889],"tags":[1111,11,2813,2190,2430,1109,251,1112,2811,1777,674,118,1011,27,1922,1110,1114,2428,2810,12,241,316,25,2812,517,800],"class_list":{"0":"post-135738","1":"post","2":"type-post","3":"status-publish","4":"format-standard","5":"has-post-thumbnail","7":"category-lyon","8":"tag-actu","9":"tag-actualites","10":"tag-article","11":"tag-asvel","12":"tag-auvergne-rhone-alpes","13":"tag-breves","14":"tag-culture","15":"tag-depeches","16":"tag-economique","17":"tag-eu","18":"tag-europe","19":"tag-faits-divers","20":"tag-fr","21":"tag-france","22":"tag-info","23":"tag-informations","24":"tag-infos","25":"tag-lyon","26":"tag-lyonmag","27":"tag-news","28":"tag-ol","29":"tag-politique","30":"tag-republique-francaise","31":"tag-sociale","32":"tag-sport","33":"tag-transports"},"share_on_mastodon":{"url":"https:\/\/pubeurope.com\/@fr\/114588627950975231","error":""},"_links":{"self":[{"href":"https:\/\/www.europesays.com\/fr\/wp-json\/wp\/v2\/posts\/135738","targetHints":{"allow":["GET"]}}],"collection":[{"href":"https:\/\/www.europesays.com\/fr\/wp-json\/wp\/v2\/posts"}],"about":[{"href":"https:\/\/www.europesays.com\/fr\/wp-json\/wp\/v2\/types\/post"}],"author":[{"embeddable":true,"href":"https:\/\/www.europesays.com\/fr\/wp-json\/wp\/v2\/users\/2"}],"replies":[{"embeddable":true,"href":"https:\/\/www.europesays.com\/fr\/wp-json\/wp\/v2\/comments?post=135738"}],"version-history":[{"count":0,"href":"https:\/\/www.europesays.com\/fr\/wp-json\/wp\/v2\/posts\/135738\/revisions"}],"wp:featuredmedia":[{"embeddable":true,"href":"https:\/\/www.europesays.com\/fr\/wp-json\/wp\/v2\/media\/135739"}],"wp:attachment":[{"href":"https:\/\/www.europesays.com\/fr\/wp-json\/wp\/v2\/media?parent=135738"}],"wp:term":[{"taxonomy":"category","embeddable":true,"href":"https:\/\/www.europesays.com\/fr\/wp-json\/wp\/v2\/categories?post=135738"},{"taxonomy":"post_tag","embeddable":true,"href":"https:\/\/www.europesays.com\/fr\/wp-json\/wp\/v2\/tags?post=135738"}],"curies":[{"name":"wp","href":"https:\/\/api.w.org\/{rel}","templated":true}]}}