{"id":135742,"date":"2025-05-29T01:57:16","date_gmt":"2025-05-29T01:57:16","guid":{"rendered":"https:\/\/www.europesays.com\/fr\/135742\/"},"modified":"2025-05-29T01:57:16","modified_gmt":"2025-05-29T01:57:16","slug":"inter-milan-ecrans-geants-fan-zones-bars-ou-regarder-la-finale-sur-paris","status":"publish","type":"post","link":"https:\/\/www.europesays.com\/fr\/135742\/","title":{"rendered":"Inter Milan\u00a0: \u00c9crans g\u00e9ants, fan zones, bars\u2026 O\u00f9 regarder la finale sur Paris\u00a0?"},"content":{"rendered":"<p>Il n\u2019y aura pas de fan zone officielle mais les supporteurs parisiens pourront tout de m\u00eame suivre la finale de la Ligue des Champions entre le Paris Saint-Germain et l\u2019Inter de Milan, ce samedi 31\u00a0mai \u00e0 21 heures, dans la capitale et sa banlieue. D\u00e9couvrez les \u00e9crans g\u00e9ants et les bars pour suivre cette affiche europ\u00e9enne.<\/p>\n<p>La carte des \u00e9crans g\u00e9ants pour suivre PSG &#8211; Inter de Milan<\/p>\n<p class=\"mb-m@xs text-l@xs\">En cliquant sur\u00ab J\u2019accepte \u00bb, vous acceptez le d\u00e9p\u00f4t de cookies par des services externes et aurez ainsi acc\u00e8s aux contenus de nos partenaires.<\/p>\n<p class=\"mb-xl@xs text-s@xs\">Plus d\u2019informations sur la page<a href=\"https:\/\/www.20minutes.fr\/gestion-cookies\" class=\"mx-xxs@xs color-ultramarine\" rel=\"nofollow noopener\" target=\"_blank\">Politique de gestion des cookies<\/a><\/p>\n<p>J\u2019accepte<\/p>\n<p>Les supporters du PSG n\u2019ayant pas pu se d\u00e9placer \u00e0 <a href=\"https:\/\/www.20minutes.fr\/dossier\/munich\" class=\"color-ultramarine c-link\" rel=\"nofollow noopener\" target=\"_blank\">Munich<\/a> pour encourager leur \u00e9quipe pourront se contenter de voir le match sur \u00e9cran g\u00e9ant \u00e0 Paris, en <a href=\"https:\/\/www.20minutes.fr\/societe\/seine-saint-denis\/\" class=\"color-ultramarine c-link\" rel=\"nofollow noopener\" target=\"_blank\">Seine-Saint-Denis<\/a> ou encore dans le <a href=\"https:\/\/www.20minutes.fr\/societe\/val-de-marne\/\" class=\"color-ultramarine c-link\" rel=\"nofollow noopener\" target=\"_blank\">Val-de-Marne<\/a>.<\/p>\n<p>Les bons plans pour voir la finale de la Ligue des Champions PSG &#8211; Inter<\/p>\n<p>D\u00e9couvrez les meilleurs plans pour vivre le choc entre les deux meilleures \u00e9quipes d\u2019<a href=\"https:\/\/www.20minutes.fr\/dossier\/europe\" class=\"color-ultramarine c-link\" rel=\"nofollow noopener\" target=\"_blank\">Europe<\/a>\u00a0:<\/p>\n<p>Au Parc des Princes<\/p>\n<p>Des places devraient \u00eatre mises en vente le jour J m\u00eame si la billetterie est close actuellement. Il faudra certes d\u00e9bourser un petit billet, mais l\u2019ambiance voudra la peine, surtout en cas de victoire. Le PSG organise une f\u00eate dans son stade, avec 40.000 supporteurs. C\u2019est l\u2019occasion id\u00e9ale de pousser derri\u00e8re votre \u00e9quipe, dans des conditions de match (ou presque, vu que la finale se jouera \u00e0 plusieurs centaines de kilom\u00e8tres du Parc).<\/p>\n<p>Au V\u00e9lodrome National de Saint-Quentin-en-Yvelines<\/p>\n<p>Dans la banlieue parisienne, le V\u00e9lodrome National de Saint-Quentin-en-Yvelines diffuse la finale sur grand \u00e9cran, gratuitement. Il faut toute de m\u00eame r\u00e9server (maximum 4 places par personne). Les portes ouvriront \u00e0 18h30.<\/p>\n<ul>\n<li>V\u00e9lodrome National de Saint-Quentin-en-Yvelines \u2013 78180 Montigny-le-Bretonneux<\/li>\n<\/ul>\n<p>Au Camp des Loges<\/p>\n<p>Le camp d\u2019entra\u00eenement du PSG propose une diffusion sur \u00e9cran g\u00e9ant, en plein air, dans le stade Georges-Lef\u00e8vre. C\u2019est ici que le PSG a jou\u00e9 ses premiers matches en professionnels.<\/p>\n<p>Au Mazette ou au Sacr\u00e9 avec So Foot<\/p>\n<p>Le c\u00e9l\u00e8bre magazine propose une diffusion dans deux lieux diff\u00e9rents. Au Sacr\u00e9, les lumi\u00e8res rouges et bleues serviront \u00e0 mettre l\u2019ambiance. Au Mazette, 10 \u00e9crans seront install\u00e9s sur les 3 ponts de la p\u00e9niche pour suivre la finale, dans une ambiance plus pos\u00e9e.<\/p>\n<ul>\n<li>Le Mazette \u2013 69, porte de la Rap\u00e9e, 75013<\/li>\n<li>Le Sacr\u00e9 \u2013 142, rue Montmartre, 75002<\/li>\n<\/ul>\n<p>Dans les bars parisiens<\/p>\n<p>Le Belushi\u2019s, le <a href=\"https:\/\/www.20minutes.fr\/dossier\/perroquet\" class=\"color-ultramarine c-link\" rel=\"nofollow noopener\" target=\"_blank\">Perroquet<\/a>, le Galway Irish Pub, le Thirsty Mad Cat, le Rush Bar, le Ground Control,\u00a0etc., seront \u00e9galement tr\u00e8s pris\u00e9s samedi soir. Les bars restent le moyen le plus s\u00fbr d\u2019avoir une place dans un cadre convivial.<\/p>\n","protected":false},"excerpt":{"rendered":"Il n\u2019y aura pas de fan zone officielle mais les supporteurs parisiens pourront tout de m\u00eame suivre la&hellip;\n","protected":false},"author":2,"featured_media":135743,"comment_status":"","ping_status":"","sticky":false,"template":"","format":"standard","meta":{"footnotes":""},"categories":[1888],"tags":[1111,1928,11,1927,1777,674,63,1011,27,662,447,12,1926,626,1925,2332,25,517],"class_list":{"0":"post-135742","1":"post","2":"type-post","3":"status-publish","4":"format-standard","5":"has-post-thumbnail","7":"category-paris","8":"tag-actu","9":"tag-actu-paris","10":"tag-actualites","11":"tag-actualites-paris","12":"tag-eu","13":"tag-europe","14":"tag-football","15":"tag-fr","16":"tag-france","17":"tag-ile-de-france","18":"tag-ligue-des-champions","19":"tag-news","20":"tag-news-paris","21":"tag-paris","22":"tag-paris-news","23":"tag-paris-saint-germain-psg","24":"tag-republique-francaise","25":"tag-sport"},"share_on_mastodon":{"url":"https:\/\/pubeurope.com\/@fr\/114588643830775897","error":""},"_links":{"self":[{"href":"https:\/\/www.europesays.com\/fr\/wp-json\/wp\/v2\/posts\/135742","targetHints":{"allow":["GET"]}}],"collection":[{"href":"https:\/\/www.europesays.com\/fr\/wp-json\/wp\/v2\/posts"}],"about":[{"href":"https:\/\/www.europesays.com\/fr\/wp-json\/wp\/v2\/types\/post"}],"author":[{"embeddable":true,"href":"https:\/\/www.europesays.com\/fr\/wp-json\/wp\/v2\/users\/2"}],"replies":[{"embeddable":true,"href":"https:\/\/www.europesays.com\/fr\/wp-json\/wp\/v2\/comments?post=135742"}],"version-history":[{"count":0,"href":"https:\/\/www.europesays.com\/fr\/wp-json\/wp\/v2\/posts\/135742\/revisions"}],"wp:featuredmedia":[{"embeddable":true,"href":"https:\/\/www.europesays.com\/fr\/wp-json\/wp\/v2\/media\/135743"}],"wp:attachment":[{"href":"https:\/\/www.europesays.com\/fr\/wp-json\/wp\/v2\/media?parent=135742"}],"wp:term":[{"taxonomy":"category","embeddable":true,"href":"https:\/\/www.europesays.com\/fr\/wp-json\/wp\/v2\/categories?post=135742"},{"taxonomy":"post_tag","embeddable":true,"href":"https:\/\/www.europesays.com\/fr\/wp-json\/wp\/v2\/tags?post=135742"}],"curies":[{"name":"wp","href":"https:\/\/api.w.org\/{rel}","templated":true}]}}