{"id":135744,"date":"2025-05-29T01:58:17","date_gmt":"2025-05-29T01:58:17","guid":{"rendered":"https:\/\/www.europesays.com\/fr\/135744\/"},"modified":"2025-05-29T01:58:17","modified_gmt":"2025-05-29T01:58:17","slug":"paris-la-fontaine-des-innocents-degradee-apres-une-action-pro-gaza","status":"publish","type":"post","link":"https:\/\/www.europesays.com\/fr\/135744\/","title":{"rendered":"Paris\u00a0: la fontaine des Innocents d\u00e9grad\u00e9e apr\u00e8s une action pro-Gaza"},"content":{"rendered":"<p class=\"paragraph text_align_left\">Un tag \u00ab Isra\u00ebl assassin \u00bb grav\u00e9 en rouge sur la pierre. Une eau ros\u00e9e qui coule \u00e0 peine. Ce mercredi 28 mai, les traces d\u2019une action coup de poing sont encore visibles sur <a href=\"https:\/\/www.leparisien.fr\/paris-75\/paris-avant-les-travaux-de-restauration-la-fontaine-des-innocents-se-pare-de-son-ecrin-vegetal-21-04-2023-ZTXSB67YXRES5JZYOT7Y5PWFNE.php\" target=\"_self\" rel=\"nofollow noopener\">la fontaine des Innocents<\/a>, tout juste r\u00e9nov\u00e9e l\u2019\u00e9t\u00e9 dernier, en plein c\u0153ur du quartier des Halles \u00e0 Paris (Ier).<\/p>\n<p class=\"paragraph text_align_left\">Peu avant midi, plusieurs activistes ont investi la place Joachim-du-Bellay, munis de pancartes : \u00ab Stop au bain de sang \u00bb, \u00ab Macron doit (enfin) agir \u00bb, \u00ab Cessez-le-feu \u00bb. Ils ont d\u00e9vers\u00e9 dans le bassin des litres de colorant alimentaire rouge, teintant l\u2019eau de la fontaine class\u00e9e monument historique.<\/p>\n<p class=\"paragraph text_align_left\">Les \u00e9lus parisiens ont rapidement r\u00e9agi. Sur X, Ariel Weil, maire (PS) de Paris Centre, a d\u00e9nonc\u00e9 un <a href=\"https:\/\/www.leparisien.fr\/paris-75\/le-maire-de-paris-centre-excede-par-les-tags-sur-la-statue-de-la-republique-veut-identifier-les-auteurs-25-02-2025-ONJJUJXJSRDG7PQD5GFZWAR67Y.php\" target=\"_self\" rel=\"nofollow noopener\">\u00ab acte de vandalisme \u00bb<\/a> et annonc\u00e9 qu\u2019une plainte serait d\u00e9pos\u00e9e. \u00ab La fontaine vient tout juste d\u2019\u00eatre restaur\u00e9e par la Ville \u00bb, rappelle-t-il. \u00ab Honte \u00e0 ces associations, et notamment Greenpeace, qui cautionnent cette d\u00e9gradation d\u2019une fontaine d\u2019exception \u00bb, a r\u00e9agi de son c\u00f4t\u00e9 Karen Ta\u00efeb, adjointe \u00e0 la maire de Paris charg\u00e9e du patrimoine. Elle \u00e9voque aussi \u00ab une d\u00e9pense d\u2019eau consid\u00e9rable \u00bb pour le nettoyage.<\/p>\n<blockquote class=\"twitter-tweet\">\n<p lang=\"fr\" dir=\"ltr\">Comme pour chaque d\u00e9gradation, nous portons \u00e9videmment plainte apr\u00e8s le vandalisme de la fontaine des Innocents, tout juste restaur\u00e9e par la ville tandis que nos services nettoieront le syst\u00e8me hydraulique, comme d\u2019habitude \u00e9galement. Nous comptons sur la police et la justice. <a href=\"https:\/\/t.co\/krO6I2XO4l\" rel=\"nofollow\">pic.twitter.com\/krO6I2XO4l<\/a><\/p>\n<p>\u2014 Ariel Weil (@ArielWeilT) <a href=\"https:\/\/twitter.com\/ArielWeilT\/status\/1927679741466742925?ref_src=twsrc%5Etfw\" rel=\"nofollow noopener\" target=\"_blank\">May 28, 2025<\/a><\/p><\/blockquote>\n<p class=\"paragraph text_align_left\">L\u2019action a \u00e9t\u00e9 revendiqu\u00e9e par plusieurs ONG : Greenpeace France, Oxfam France, Amnesty International France, M\u00e9decins du Monde et Ek\u014d. Objectif affich\u00e9 : \u00ab d\u00e9noncer la lenteur d\u2019action de la France face \u00e0 l\u2019urgence humanitaire absolue dans laquelle se trouve la population de Gaza aujourd\u2019hui \u00bb, expliquent-elles dans un communiqu\u00e9 commun.<\/p>\n<p class=\"paragraph text_align_left\">La fontaine des Innocents, joyau architectural du XVIe si\u00e8cle, avait fait l\u2019objet d\u2019importants travaux de r\u00e9novation et de v\u00e9g\u00e9talisation, achev\u00e9s en 2024 pour un co\u00fbt total de 6 millions d\u2019euros. Le chantier avait \u00e9t\u00e9 financ\u00e9 par la mairie d\u2019arrondissement, la Ville de Paris et le minist\u00e8re de la Culture.<\/p>\n<p><script async src=\"https:\/\/platform.twitter.com\/widgets.js\" charset=\"utf-8\"><\/script><\/p>\n","protected":false},"excerpt":{"rendered":"Un tag \u00ab Isra\u00ebl assassin \u00bb grav\u00e9 en rouge sur la pierre. Une eau ros\u00e9e qui coule \u00e0&hellip;\n","protected":false},"author":2,"featured_media":135745,"comment_status":"","ping_status":"","sticky":false,"template":"","format":"standard","meta":{"footnotes":""},"categories":[1888],"tags":[11,1777,674,1011,27,1944,12,626,25],"class_list":{"0":"post-135744","1":"post","2":"type-post","3":"status-publish","4":"format-standard","5":"has-post-thumbnail","7":"category-paris","8":"tag-actualites","9":"tag-eu","10":"tag-europe","11":"tag-fr","12":"tag-france","13":"tag-ma-ville","14":"tag-news","15":"tag-paris","16":"tag-republique-francaise"},"share_on_mastodon":{"url":"https:\/\/pubeurope.com\/@fr\/114588647726006990","error":""},"_links":{"self":[{"href":"https:\/\/www.europesays.com\/fr\/wp-json\/wp\/v2\/posts\/135744","targetHints":{"allow":["GET"]}}],"collection":[{"href":"https:\/\/www.europesays.com\/fr\/wp-json\/wp\/v2\/posts"}],"about":[{"href":"https:\/\/www.europesays.com\/fr\/wp-json\/wp\/v2\/types\/post"}],"author":[{"embeddable":true,"href":"https:\/\/www.europesays.com\/fr\/wp-json\/wp\/v2\/users\/2"}],"replies":[{"embeddable":true,"href":"https:\/\/www.europesays.com\/fr\/wp-json\/wp\/v2\/comments?post=135744"}],"version-history":[{"count":0,"href":"https:\/\/www.europesays.com\/fr\/wp-json\/wp\/v2\/posts\/135744\/revisions"}],"wp:featuredmedia":[{"embeddable":true,"href":"https:\/\/www.europesays.com\/fr\/wp-json\/wp\/v2\/media\/135745"}],"wp:attachment":[{"href":"https:\/\/www.europesays.com\/fr\/wp-json\/wp\/v2\/media?parent=135744"}],"wp:term":[{"taxonomy":"category","embeddable":true,"href":"https:\/\/www.europesays.com\/fr\/wp-json\/wp\/v2\/categories?post=135744"},{"taxonomy":"post_tag","embeddable":true,"href":"https:\/\/www.europesays.com\/fr\/wp-json\/wp\/v2\/tags?post=135744"}],"curies":[{"name":"wp","href":"https:\/\/api.w.org\/{rel}","templated":true}]}}