{"id":135748,"date":"2025-05-29T02:00:09","date_gmt":"2025-05-29T02:00:09","guid":{"rendered":"https:\/\/www.europesays.com\/fr\/135748\/"},"modified":"2025-05-29T02:00:09","modified_gmt":"2025-05-29T02:00:09","slug":"kiev-pret-a-des-pourparlers-avec-moscou-sous-reserve-de-connaitre-ses-conditions-a-lavance","status":"publish","type":"post","link":"https:\/\/www.europesays.com\/fr\/135748\/","title":{"rendered":"Kiev pr\u00eat \u00e0 des pourparlers avec Moscou sous r\u00e9serve de conna\u00eetre ses conditions \u00e0 l\u2019avance"},"content":{"rendered":"<p><strong>LE POINT SUR LA SITUATION &#8211;<\/strong> La Russie a propos\u00e9 ce mercredi \u00e0 l\u2019Ukraine une deuxi\u00e8me s\u00e9ance de pourparlers directs \u00e0 Istanbul, le 2 juin.<\/p>\n<p class=\"fig-paragraph\">Des experts de l\u2019ONU ont d\u00e9nonc\u00e9 les attaques massives de drones men\u00e9es par la Russie sur l\u2019Ukraine,\u00a0l\u2019Allemagne a annonc\u00e9 aider l\u2019<a href=\"http:\/\/www.lefigaro.fr\/vox\/monde\/la-russie-doit-payer-pour-la-relance-de-l-industrie-de-defense-francaise-qui-aidera-l-ukraine-20250528\" target=\"_blank\" data-fig-type=\"Article\" rel=\"noopener\" data-gtm-custom-categorie=\"navigation\" data-gtm-custom-action=\"crossclick\" data-gtm-custom-label=\"Contextuel\" data-gtm-event=\"customEventSPE\" data-fig-domain=\"LEFIGARO\">Ukraine<\/a>\u00a0\u00e0 produire des missiles sans restriction de port\u00e9e, Moscou propose une deuxi\u00e8me s\u00e9ance de pourparlers&#8230; Le Figaro fait le point.<\/p>\n<p>L\u2019Ukraine pr\u00eate \u00e0 des pourparlers avec la Russie \u00e0 condition de conna\u00eetre ses conditions \u00e0 l\u2019avance<\/p>\n<p class=\"fig-paragraph\">L\u2019Ukraine s\u2019est dit pr\u00eate ce mercredi 28 mai \u00e0 des pourparlers avec la Russie \u00e0 condition de conna\u00eetre ses conditions \u00e0 l\u2019avance. Moscou a propos\u00e9 la date du 2 juin \u00e0 Istanbul pour des discussions sur une tr\u00eave en Ukraine.<\/p>\n<p class=\"fig-paragraph\">\u00abNous ne sommes pas oppos\u00e9s \u00e0 de nouvelles r\u00e9unions avec les Russes et attendons leur m\u00e9morandum\u00bb, a d\u00e9clar\u00e9 le ministre ukrainien de la D\u00e9fense, Roustem Oumerov, dans un message sur X. \u00abLa partie russe dispose encore d\u2019au moins quatre jours avant son d\u00e9part (\u00e0 Istanbul) pour nous fournir son document \u00e0 examiner.\u00bb<\/p>\n<p><strong>Moscou propose une deuxi\u00e8me s\u00e9ance de pourparlers avec l\u2019Ukraine le 2 juin \u00e0 Istanbul<\/strong><\/p>\n<p class=\"fig-paragraph\">La Russie a propos\u00e9 mercredi \u00e0 l\u2019Ukraine une deuxi\u00e8me s\u00e9ance de pourparlers directs \u00e0\u00a0<a href=\"http:\/\/www.lefigaro.fr\/international\/en-pleins-pourparlers-difficiles-a-istanbul-l-armee-ukrainienne-flanche-face-aux-russes-dans-le-donbass-20250516\" target=\"_blank\" data-fig-type=\"NewsFlash\" rel=\"noopener\" data-gtm-custom-categorie=\"navigation\" data-gtm-custom-action=\"crossclick\" data-gtm-custom-label=\"Contextuel\" data-gtm-event=\"customEventSPE\" data-fig-domain=\"LEFIGARO\">Istanbul<\/a>, le 2 juin, afin de lui transmettre son \u00abm\u00e9morandum\u00bb cens\u00e9 exposer les conditions russes pour un accord de paix durable \u00abNotre d\u00e9l\u00e9gation, dirig\u00e9e par (Vladimir) Medinski, est pr\u00eate \u00e0 pr\u00e9senter ce m\u00e9morandum \u00e0 la d\u00e9l\u00e9gation ukrainienne et \u00e0 fournir les explications n\u00e9cessaires lors d\u2019un deuxi\u00e8me cycle de n\u00e9gociations directes reprenant \u00e0 Istanbul lundi prochain, le 2 juin\u00bb, a d\u00e9clar\u00e9 le ministre russe des Affaires \u00e9trang\u00e8res, Sergue\u00ef Lavrov, dans un communiqu\u00e9.<\/p>\n<p class=\"fig-paragraph\">Vladimir Medinski avait men\u00e9 la d\u00e9l\u00e9gation russe lors des pourparlers du 16 mai \u00e0 Istanbul. Il s\u2019agissait des premi\u00e8res discussions de paix directes entre Kiev et Moscou depuis le printemps 2022, au d\u00e9but de l\u2019attaque russe \u00e0 grande \u00e9chelle contre l\u2019Ukraine. Les \u00e9changes du 16 mai \u00e0 Istanbul n\u2019avaient pas abouti \u00e0 une perc\u00e9e majeure pour trouver une issue diplomatique au conflit, mais les deux camps s\u2019\u00e9taient engag\u00e9s \u00e0 mener un \u00e9change de prisonniers d\u2019une ampleur in\u00e9dite, au format 1000 personnes contre 1000 personnes, qui s\u2019est achev\u00e9 le week-end dernier.<\/p>\n<p><strong>Le chef de la diplomatie russe a appel\u00e9 son homologue am\u00e9ricain pour lui pr\u00e9senter la proposition de pourparlers \u00e0 Istanbul<\/strong><\/p>\n<p class=\"fig-paragraph\">Le chef de la diplomatie russe Sergue\u00ef Lavrov a expliqu\u00e9 \u00e0 son homologue am\u00e9ricain Marco Rubio comment Moscou entendait entamer des discussions directes avec l\u2019Ukraine \u00e0 Istanbul lundi, a annonc\u00e9 mercredi le minist\u00e8re russe des Affaires \u00e9trang\u00e8res.<\/p>\n<p class=\"fig-paragraph\">Dans un entretien t\u00e9l\u00e9phonique, Sergue\u00ef Lavrov a parl\u00e9 \u00e0 Marco Rubio des \u00abpr\u00e9paratifs de la partie russe pour des propositions sp\u00e9cifiques pour le prochain cycle de discussions directes russo-ukrainiennes \u00e0 Istanbul\u00bb, a d\u00e9clar\u00e9 le minist\u00e8re.<\/p>\n<p><strong>Des experts de l\u2019ONU estiment que des attaques de drones russes sur l\u2019Ukraine sont des \u00abcrimes contre l\u2019humanit\u00e9\u00bb<\/strong><\/p>\n<p class=\"fig-paragraph\">L\u2019arm\u00e9e russe a commis des \u00abcrimes contre l\u2019humanit\u00e9\u00bb et des \u00abcrimes de guerre\u00bb lors de ses attaques de drones contre des civils dans la r\u00e9gion ukrainienne de\u00a0<a href=\"http:\/\/www.lefigaro.fr\/international\/a-kherson-la-vie-sous-la-menace-incessante-des-drones-tueurs-le-recit-de-l-envoye-special-du-figaro-20250514\" target=\"_blank\" data-fig-type=\"Article\" rel=\"noopener\" data-gtm-custom-categorie=\"navigation\" data-gtm-custom-action=\"crossclick\" data-gtm-custom-label=\"Contextuel\" data-gtm-event=\"customEventSPE\" data-fig-domain=\"LEFIGARO\">Kherson<\/a>, selon un rapport d\u2019enqu\u00eate d\u2019experts de l\u2019ONU publi\u00e9 mercredi 28 mai 2025. \u00abLes forces arm\u00e9es russes ont commis des crimes contre l\u2019humanit\u00e9, notamment des meurtres, et des crimes de guerre, en attaquant des civils, au cours de plusieurs mois d\u2019attaques de drones ciblant des civils sur la rive droite du Dniepr, dans la province de Kherson\u00bb, a conclu l\u2019enqu\u00eate, men\u00e9e par la Commission d\u2019enqu\u00eate internationale ind\u00e9pendante des Nations unies sur l\u2019Ukraine.<\/p>\n<p class=\"fig-paragraph\">Cette commission d\u2019experts, cr\u00e9\u00e9e par le Conseil des droits de l\u2019homme dans le sillage de l\u2019<a href=\"http:\/\/www.lefigaro.fr\/international\/guerre-en-ukraine-fin-2022-antony-blinken-se-serait-oppose-au-pentagone-qui-voulait-lancer-des-negociations-de-paix-avec-moscou-20250120\" target=\"_blank\" data-fig-type=\"NewsFlash\" rel=\"noopener\" data-gtm-custom-categorie=\"navigation\" data-gtm-custom-action=\"crossclick\" data-gtm-custom-label=\"Contextuel\" data-gtm-event=\"customEventSPE\" data-fig-domain=\"LEFIGARO\">invasion \u00e0 grande \u00e9chelle de l\u2019Ukraine par la Russie en f\u00e9vrier 2022<\/a>, accuse les forces arm\u00e9es russes de frapper \u00absyst\u00e9matiquement\u00bb des civils. Les conclusions de l\u2019enqu\u00eate sont particuli\u00e8rement d\u2019actualit\u00e9. Ces derniers jours Moscou a lanc\u00e9 les attaques a\u00e9riennes les plus massives depuis le d\u00e9but de l\u2019invasion avec des centaines de drones &#8211; et des missiles balistiques &#8211; lanc\u00e9s contre des centres urbains ukrainiens, dont Kiev, la capitale.<\/p>\n<p><strong>Berlin va aider l\u2019Ukraine \u00e0 produire des missiles sans restriction de port\u00e9e\u00a0<\/strong><\/p>\n<p class=\"fig-paragraph\">Le chancelier allemand\u00a0<a href=\"http:\/\/www.lefigaro.fr\/international\/guerre-en-ukraine-friedrich-merz-ouvre-un-nouveau-chapitre-du-soutien-militaire-europeen-a-kiev-20250526\" target=\"_blank\" data-fig-type=\"Article\" rel=\"noopener\" data-gtm-custom-categorie=\"navigation\" data-gtm-custom-action=\"crossclick\" data-gtm-custom-label=\"Contextuel\" data-gtm-event=\"customEventSPE\" data-fig-domain=\"LEFIGARO\">Friedrich Merz\u00a0<\/a>a annonc\u00e9 mercredi que son pays allait aider l\u2019Ukraine \u00e0 produire sur son sol des missiles sans restriction de port\u00e9e. \u00abNos ministres de la D\u00e9fense vont signer aujourd\u2019hui un protocole d\u2019accord sur l\u2019acquisition de syst\u00e8mes d\u2019armes \u00e0 longue port\u00e9e de fabrication ukrainienne (&#8230;) L\u2019Ukraine pourra ainsi se d\u00e9fendre pleinement, y compris contre des cibles militaires en dehors de son territoire national &#8211; c\u2019est une bonne nouvelle\u00bb, a d\u00e9clar\u00e9 le chancelier lors d\u2019une conf\u00e9rence de presse \u00e0 Berlin avec le pr\u00e9sident ukrainien, Volodymyr Zelensky.<\/p>\n<p class=\"fig-paragraph\">Friedrich Merz a en outre promis mercredi que son pays ferait \u00abtout\u00bb pour emp\u00eacher que le gazoduc\u00a0<a href=\"http:\/\/www.lefigaro.fr\/societes\/pourquoi-l-hypothese-d-une-resurrection-du-gazoduc-nord-stream-2-ressurgit-deux-ans-et-demi-apres-le-sabotage-20250509\" target=\"_blank\" data-fig-type=\"Article\" rel=\"noopener\" data-gtm-custom-categorie=\"navigation\" data-gtm-custom-action=\"crossclick\" data-gtm-custom-label=\"Contextuel\" data-gtm-event=\"customEventSPE\" data-fig-domain=\"LEFIGARO\">Nord Stream 2<\/a>\u00a0endommag\u00e9 puisse \u00eatre remis en service pour approvisionner l\u2019Europe en gaz russe. \u00abNous continuerons \u00e0 augmenter la pression sur la Russie\u00bb, a d\u00e9clar\u00e9 le chef du gouvernement allemand lors d\u2019une conf\u00e9rence de presse avec le pr\u00e9sident ukrainien Volodymyr Zelensky \u00e0 Berlin. \u00abNous ferons tout ce qui est en notre pouvoir pour emp\u00eacher la remise en service du gazoduc Nord Stream 2\u00bb, a-t-il ajout\u00e9, alors que cette hypoth\u00e8se a \u00e9t\u00e9 r\u00e9cemment relanc\u00e9e.<\/p>\n<p><strong>Zelensky exhorte l\u2019Otan \u00e0 inviter l\u2019Ukraine \u00e0 son sommet en juin<\/strong><\/p>\n<p class=\"fig-paragraph\">Le pr\u00e9sident ukrainien<a href=\"http:\/\/www.lefigaro.fr\/international\/minerais-zelensky-salue-l-accord-veritablement-equitable-signe-avec-washington-20250501\" target=\"_blank\" data-fig-type=\"NewsFlash\" rel=\"noopener\" data-gtm-custom-categorie=\"navigation\" data-gtm-custom-action=\"crossclick\" data-gtm-custom-label=\"Contextuel\" data-gtm-event=\"customEventSPE\" data-fig-domain=\"LEFIGARO\">\u00a0Volodymyr Zelensky<\/a>, en visite en Allemagne, a exhort\u00e9 mercredi l\u2019Otan \u00e0 inviter l\u2019Ukraine \u00e0 son prochain sommet en juin, estimant que ne pas le faire serait accorder \u00abune victoire\u00bb au dirigeant russe Vladimir Poutine.<\/p>\n<p class=\"fig-paragraph\">\u00abSi l\u2019Ukraine n\u2019est pas pr\u00e9sente, ce sera une victoire pour Poutine, mais pas contre l\u2019Ukraine, mais contre l\u2019Otan. La d\u00e9cision appartient donc \u00e0 nos partenaires\u00bb, a-t-il dit. Le prochain sommet de l\u2019Alliance est pr\u00e9vu les 24 et 25 juin \u00e0 La Haye, aux Pays-Bas.<\/p>\n<p class=\"fig-paragraph\">Le pr\u00e9sident ukrainien a en outre accus\u00e9 mercredi la Russie de ralentir les pourparlers de paix en cherchant \u00abdes raisons de ne pas arr\u00eater la guerre\u00bb, plus de trois ans apr\u00e8s le d\u00e9but de l\u2019invasion de son pays. \u00abIls chercheront constamment des raisons de ne pas arr\u00eater la guerre. Ce n\u2019est pas tr\u00e8s s\u00e9rieux\u00bb, a-t-il dit lors d\u2019une conf\u00e9rence de presse \u00e0 Berlin. L\u2019Ukraine et la Russie ont tenu en mai des\u00a0<a href=\"http:\/\/www.lefigaro.fr\/international\/guerre-en-ukraine-attaque-record-de-drones-russes-deux-jours-apres-les-pourparlers-a-istanbul-20250518\" target=\"_blank\" data-fig-type=\"NewsFlash\" rel=\"noopener\" data-gtm-custom-categorie=\"navigation\" data-gtm-custom-action=\"crossclick\" data-gtm-custom-label=\"Contextuel\" data-gtm-event=\"customEventSPE\" data-fig-domain=\"LEFIGARO\">pourparlers \u00e0 Istanbul<\/a>, mais ceux-ci n\u2019ont pas permis de r\u00e9elle perc\u00e9e et le flou persiste sur le lieu et la date du prochain round de n\u00e9gociations.<\/p>\n<p class=\"fig-paragraph\"><strong>Marco Rubio demande au chef de la diplomatie russe de n\u00e9gocier \u00abde bonne foi\u00bb avec l\u2019Ukraine<\/strong><\/p>\n<p class=\"fig-paragraph\">Le secr\u00e9taire d\u2019\u00c9tat am\u00e9ricain Marco Rubio a appel\u00e9 mercredi Moscou \u00e0 s\u2019engager dans des n\u00e9gociations \u00abde bonne foi\u00bb avec l\u2019Ukraine, lors d\u2019un appel avec son homologue russe Sergue\u00ef Lavrov, selon la porte-parole du d\u00e9partement d\u2019\u00c9tat. Le chef de la diplomatie am\u00e9ricaine a r\u00e9it\u00e9r\u00e9 aupr\u00e8s du ministre russe des Affaires \u00e9trang\u00e8res l\u2019appel de Donald Trump \u00e0 \u00abun dialogue constructif et de bonne foi avec l\u2019Ukraine, seul moyen de mettre fin \u00e0 cette guerre\u00bb, a affirm\u00e9 Tammy Bruce dans un communiqu\u00e9.<\/p>\n<p>296 drones abattus durant la nuit<\/p>\n<p class=\"fig-paragraph\">La Russie a indiqu\u00e9 avoir abattu 296 drones ukrainiens dans la nuit de mardi \u00e0 mercredi, une attaque qui a notamment vis\u00e9 Moscou et perturb\u00e9 le trafic de plusieurs a\u00e9roports. Alors que\u00a0<a href=\"http:\/\/www.lefigaro.fr\/international\/ukraine-une-nouvelle-attaque-fait-au-moins-13-morts-trump-insatisfait-de-ce-que-fait-poutine-20250526\" target=\"_blank\" data-fig-type=\"NewsFlash\" rel=\"noopener\" data-gtm-custom-categorie=\"navigation\" data-gtm-custom-action=\"crossclick\" data-gtm-custom-label=\"Contextuel\" data-gtm-event=\"customEventSPE\" data-fig-domain=\"LEFIGARO\">l&rsquo;Ukraine a \u00e9t\u00e9 cibl\u00e9e ces derniers jours par des bombardements russes sans pr\u00e9c\u00e9dent<\/a>, le minist\u00e8re russe de la D\u00e9fense a annonc\u00e9 dans un communiqu\u00e9 au sujet de cette attaque\u00a0: \u00abau cours de la nuit pass\u00e9e (&#8230;), les syst\u00e8mes de d\u00e9fense antia\u00e9rienne ont d\u00e9truit et intercept\u00e9 296 drones a\u00e9riens ukrainiens\u00bb. Il s\u2019agit de l\u2019une des plus importantes visant le territoire russe depuis le d\u00e9but de l\u2019offensive de Moscou d\u00e9clench\u00e9e en f\u00e9vrier 2022 contre l\u2019Ukraine.<\/p>\n<p class=\"fig-paragraph\">Plus tard dans la nuit, le maire de Moscou Sergue\u00ef Sobianine a indiqu\u00e9 dans une s\u00e9rie de messages sur les r\u00e9seaux sociaux que 33 drones se dirigeant vers la capitale avaient \u00e9t\u00e9 abattus. Les attaques se sont intensifi\u00e9es r\u00e9cemment en direction de\u00a0<a href=\"http:\/\/www.lefigaro.fr\/international\/guerre-en-ukraine-trump-annonce-un-gros-echange-de-prisonniers-entre-moscou-et-kiev-20250523\" target=\"_blank\" data-fig-type=\"NewsFlash\" rel=\"noopener\" data-gtm-custom-categorie=\"navigation\" data-gtm-custom-action=\"crossclick\" data-gtm-custom-label=\"Contextuel\" data-gtm-event=\"customEventSPE\" data-fig-domain=\"LEFIGARO\">Moscou<\/a>, situ\u00e9 \u00e0 plusieurs centaines de kilom\u00e8tres de la fronti\u00e8re ukrainienne et jusqu&rsquo;alors rarement cibl\u00e9e depuis le d\u00e9but de l&rsquo;offensive russe \u00e0 grande \u00e9chelle en Ukraine il y a plus de trois ans.<\/p>\n","protected":false},"excerpt":{"rendered":"LE POINT SUR LA SITUATION &#8211; La Russie a propos\u00e9 ce mercredi \u00e0 l\u2019Ukraine une deuxi\u00e8me s\u00e9ance de&hellip;\n","protected":false},"author":2,"featured_media":135749,"comment_status":"","ping_status":"","sticky":false,"template":"","format":"standard","meta":{"footnotes":""},"categories":[1591],"tags":[259,11,260,2024,1887,131,14,261,12,262,1885,1886,132],"class_list":{"0":"post-135748","1":"post","2":"type-post","3":"status-publish","4":"format-standard","5":"has-post-thumbnail","7":"category-russie","8":"tag-actualite-internationale","9":"tag-actualites","10":"tag-affaires-etrangeres","11":"tag-drones","12":"tag-federation-de-russie","13":"tag-guerre-en-ukraine","14":"tag-international","15":"tag-ministere-des-affaires-etrangeres","16":"tag-news","17":"tag-politique-etrangere","18":"tag-russia","19":"tag-russian-federation","20":"tag-russie"},"share_on_mastodon":{"url":"https:\/\/pubeurope.com\/@fr\/114588655859705641","error":""},"_links":{"self":[{"href":"https:\/\/www.europesays.com\/fr\/wp-json\/wp\/v2\/posts\/135748","targetHints":{"allow":["GET"]}}],"collection":[{"href":"https:\/\/www.europesays.com\/fr\/wp-json\/wp\/v2\/posts"}],"about":[{"href":"https:\/\/www.europesays.com\/fr\/wp-json\/wp\/v2\/types\/post"}],"author":[{"embeddable":true,"href":"https:\/\/www.europesays.com\/fr\/wp-json\/wp\/v2\/users\/2"}],"replies":[{"embeddable":true,"href":"https:\/\/www.europesays.com\/fr\/wp-json\/wp\/v2\/comments?post=135748"}],"version-history":[{"count":0,"href":"https:\/\/www.europesays.com\/fr\/wp-json\/wp\/v2\/posts\/135748\/revisions"}],"wp:featuredmedia":[{"embeddable":true,"href":"https:\/\/www.europesays.com\/fr\/wp-json\/wp\/v2\/media\/135749"}],"wp:attachment":[{"href":"https:\/\/www.europesays.com\/fr\/wp-json\/wp\/v2\/media?parent=135748"}],"wp:term":[{"taxonomy":"category","embeddable":true,"href":"https:\/\/www.europesays.com\/fr\/wp-json\/wp\/v2\/categories?post=135748"},{"taxonomy":"post_tag","embeddable":true,"href":"https:\/\/www.europesays.com\/fr\/wp-json\/wp\/v2\/tags?post=135748"}],"curies":[{"name":"wp","href":"https:\/\/api.w.org\/{rel}","templated":true}]}}