{"id":135750,"date":"2025-05-29T02:01:10","date_gmt":"2025-05-29T02:01:10","guid":{"rendered":"https:\/\/www.europesays.com\/fr\/135750\/"},"modified":"2025-05-29T02:01:10","modified_gmt":"2025-05-29T02:01:10","slug":"kiev-se-dit-pret-a-des-pourparlers-avec-la-russie-lundi-a-istanbul","status":"publish","type":"post","link":"https:\/\/www.europesays.com\/fr\/135750\/","title":{"rendered":"Kiev se dit pr\u00eat \u00e0 des pourparlers avec la Russie, lundi \u00e0 Istanbul"},"content":{"rendered":"<p>Alors que la guerre en <a href=\"https:\/\/www.20minutes.fr\/monde\/ukraine\/\" target=\"_blank\" class=\"color-ultramarine c-link\" rel=\"noopener\">Ukraine<\/a> continue de s\u2019enliser, la <a href=\"https:\/\/www.20minutes.fr\/monde\/russie\/\" target=\"_blank\" class=\"color-ultramarine c-link\" rel=\"noopener\">Russie<\/a> a propos\u00e9 une nouvelle s\u00e9ance de pourparlers directs avec Kiev \u00e0 <a href=\"https:\/\/www.20minutes.fr\/monde\/istanbul\/\" target=\"_blank\" class=\"color-ultramarine c-link\" rel=\"noopener\">Istanbul<\/a>, le 2\u00a0juin, pour pr\u00e9senter un \u00ab\u00a0m\u00e9morandum\u00a0\u00bb exposant ses conditions en vue d\u2019un accord de paix durable. L\u2019Ukraine, qui r\u00e9clame la transparence sur les intentions russes, se dit pr\u00eate \u00e0 participer, sous r\u00e9serve de recevoir \u00e0 l\u2019avance ce document cl\u00e9.<\/p>\n<p>\u00ab\u00a0Notre d\u00e9l\u00e9gation, dirig\u00e9e par Vladimir Medinski, est pr\u00eate \u00e0 pr\u00e9senter ce m\u00e9morandum \u00e0 la d\u00e9l\u00e9gation ukrainienne et \u00e0 fournir les explications n\u00e9cessaires\u00a0\u00bb, a d\u00e9clar\u00e9 le chef de la diplomatie russe <a href=\"https:\/\/www.20minutes.fr\/monde\/serguei-lavrov\/\" target=\"_blank\" class=\"color-ultramarine c-link\" rel=\"noopener\">Sergue\u00ef Lavrov<\/a> mercredi, appelant au soutien de \u00ab\u00a0tous ceux qui sont sinc\u00e8rement int\u00e9ress\u00e9s\u00a0\u00bb \u00e0 la r\u00e9ussite de ces n\u00e9gociations. La Russie a transmis sa volont\u00e9 de dialogue \u00e0 <a href=\"https:\/\/www.20minutes.fr\/dossier\/washington\" target=\"_blank\" class=\"color-ultramarine c-link\" rel=\"noopener\">Washington<\/a> et Sergue\u00ef Lavrov s\u2019est entretenu avec <a href=\"https:\/\/www.20minutes.fr\/politique\/marco-rubio\/\" target=\"_blank\" class=\"color-ultramarine c-link\" rel=\"noopener\">Marco Rubio<\/a> pour d\u00e9tailler les intentions de Moscou. Lors de cet \u00e9change, le chef de la diplomatie am\u00e9ricaine a r\u00e9it\u00e9r\u00e9 l&rsquo;appel de Donald Trump \u00e0 \u00ab un dialogue constructif et de bonne foi avec l&rsquo;Ukraine, seul moyen de mettre fin \u00e0 cette guerre \u00bb.<\/p>\n<p>\u00ab\u00a0Nous attendons leur m\u00e9morandum\u00a0\u00bb<\/p>\n<p>La r\u00e9ponse ukrainienne n\u2019a pas tard\u00e9. \u00ab\u00a0Nous ne sommes pas oppos\u00e9s \u00e0 de nouvelles r\u00e9unions avec les Russes et attendons leur m\u00e9morandum\u00a0\u00bb, a d\u00e9clar\u00e9 dans la soir\u00e9e le ministre ukrainien de la <a href=\"https:\/\/www.20minutes.fr\/dossier\/defense\" target=\"_blank\" class=\"color-ultramarine c-link\" rel=\"noopener\">D\u00e9fense<\/a>, Roustem Oumerov. Il a pr\u00e9cis\u00e9 que la Russie disposait encore de \u00ab\u00a0quatre jours\u00a0\u00bb pour transmettre ses propositions avant le d\u00e9part de la d\u00e9l\u00e9gation pour la Turquie.<\/p>\n<\/p>\n<p>Ce second cycle s\u2019inscrit dans la continuit\u00e9 des discussions entam\u00e9es le 16\u00a0mai, d\u00e9j\u00e0 \u00e0 Istanbul, les premi\u00e8res en face-\u00e0-face entre Moscou et Kiev depuis le printemps\u00a02022. Bien que ces pourparlers n\u2019aient pas abouti \u00e0 une avanc\u00e9e politique majeure, ils avaient permis un \u00e9change in\u00e9dit de prisonniers finalis\u00e9 le week-end dernier.<\/p>\n<p>Que va proposer la Russie\u00a0?<\/p>\n<p>Dans un contexte marqu\u00e9 par le durcissement du ton adopt\u00e9 r\u00e9cemment par le pr\u00e9sident am\u00e9ricain <a href=\"https:\/\/www.20minutes.fr\/dossier\/donald_trump\" target=\"_blank\" class=\"color-ultramarine c-link\" rel=\"noopener\">Donald Trump<\/a> envers <a href=\"https:\/\/www.20minutes.fr\/monde\/vladimir_poutine\/\" target=\"_blank\" class=\"color-ultramarine c-link\" rel=\"noopener\">Vladimir Poutine<\/a>, Moscou semble vouloir prendre les devants. Sergue\u00ef Lavrov a r\u00e9it\u00e9r\u00e9 que le \u00ab\u00a0m\u00e9morandum\u00a0\u00bb russe \u00e9tait en cours de finalisation et serait bient\u00f4t communiqu\u00e9 \u00e0 Kiev.<\/p>\n<p><a href=\"https:\/\/www.20minutes.fr\/monde\/ukraine\/\" target=\"_blank\" class=\"c-link c-btn c-btn--primary\" rel=\"noopener\">Notre dossier sur la guerre en Ukraine<\/a><\/p>\n<p>Mais les obstacles restent majeurs. La Russie exige que l\u2019Ukraine renonce d\u00e9finitivement \u00e0 rejoindre l\u2019Otan et reconnaisse l\u2019annexion de cinq r\u00e9gions ukrainiennes \u2013 des revendications jug\u00e9es inacceptables par les autorit\u00e9s de Kiev et <a href=\"https:\/\/www.20minutes.fr\/monde\/volodymyr-zelensky\/\" target=\"_blank\" class=\"color-ultramarine c-link\" rel=\"noopener\">Volodymyr Zelensky<\/a>. La viabilit\u00e9 m\u00eame de ces n\u00e9gociations repose d\u00e9sormais sur la teneur exacte du document que Moscou s\u2019est engag\u00e9 \u00e0 remettre d\u2019ici le d\u00e9but de semaine prochaine.<\/p>\n","protected":false},"excerpt":{"rendered":"Alors que la guerre en Ukraine continue de s\u2019enliser, la Russie a propos\u00e9 une nouvelle s\u00e9ance de pourparlers&hellip;\n","protected":false},"author":2,"featured_media":135751,"comment_status":"","ping_status":"","sticky":false,"template":"","format":"standard","meta":{"footnotes":""},"categories":[1590],"tags":[47,11,75,1777,674,131,5886,4997,74,1916,12,136,2403,132,1135,3496,220,135,134],"class_list":{"0":"post-135750","1":"post","2":"type-post","3":"status-publish","4":"format-standard","5":"has-post-thumbnail","7":"category-ukraine","8":"tag-actualite","9":"tag-actualites","10":"tag-donald-trump","11":"tag-eu","12":"tag-europe","13":"tag-guerre-en-ukraine","14":"tag-istanbul","15":"tag-kiev-kyiv","16":"tag-monde","17":"tag-moscou","18":"tag-news","19":"tag-otan","20":"tag-paix","21":"tag-russie","22":"tag-serguei-lavrov","23":"tag-turquie","24":"tag-ukraine","25":"tag-vladimir-poutine","26":"tag-volodymyr-zelensky"},"share_on_mastodon":{"url":"https:\/\/pubeurope.com\/@fr\/114588659468534987","error":""},"_links":{"self":[{"href":"https:\/\/www.europesays.com\/fr\/wp-json\/wp\/v2\/posts\/135750","targetHints":{"allow":["GET"]}}],"collection":[{"href":"https:\/\/www.europesays.com\/fr\/wp-json\/wp\/v2\/posts"}],"about":[{"href":"https:\/\/www.europesays.com\/fr\/wp-json\/wp\/v2\/types\/post"}],"author":[{"embeddable":true,"href":"https:\/\/www.europesays.com\/fr\/wp-json\/wp\/v2\/users\/2"}],"replies":[{"embeddable":true,"href":"https:\/\/www.europesays.com\/fr\/wp-json\/wp\/v2\/comments?post=135750"}],"version-history":[{"count":0,"href":"https:\/\/www.europesays.com\/fr\/wp-json\/wp\/v2\/posts\/135750\/revisions"}],"wp:featuredmedia":[{"embeddable":true,"href":"https:\/\/www.europesays.com\/fr\/wp-json\/wp\/v2\/media\/135751"}],"wp:attachment":[{"href":"https:\/\/www.europesays.com\/fr\/wp-json\/wp\/v2\/media?parent=135750"}],"wp:term":[{"taxonomy":"category","embeddable":true,"href":"https:\/\/www.europesays.com\/fr\/wp-json\/wp\/v2\/categories?post=135750"},{"taxonomy":"post_tag","embeddable":true,"href":"https:\/\/www.europesays.com\/fr\/wp-json\/wp\/v2\/tags?post=135750"}],"curies":[{"name":"wp","href":"https:\/\/api.w.org\/{rel}","templated":true}]}}