{"id":135753,"date":"2025-05-29T02:03:15","date_gmt":"2025-05-29T02:03:15","guid":{"rendered":"https:\/\/www.europesays.com\/fr\/135753\/"},"modified":"2025-05-29T02:03:15","modified_gmt":"2025-05-29T02:03:15","slug":"kings-of-leon-annule-les-dates-de-tournee-au-royaume-uni-et-en-europe-apres-un-accident-de-bizarrerie","status":"publish","type":"post","link":"https:\/\/www.europesays.com\/fr\/135753\/","title":{"rendered":"Kings of Leon annule les dates de tourn\u00e9e au Royaume-Uni et en Europe apr\u00e8s un \u00abaccident de bizarrerie\u00bb"},"content":{"rendered":"<p>Les rois de L\u00e9on ont annonc\u00e9 l\u2019annulation des dates de tourn\u00e9e au Royaume-Uni et en Europe \u00e0 la suite d\u2019un \u00ab\u00a0accident bizarre\u00a0\u00bb.<\/p>\n<p>Le groupe, compos\u00e9 des fr\u00e8res Caleb, Nathan et de Jared Followill et de leur cousin Matthew Followill, devait prendre la route au cours de l\u2019\u00e9t\u00e9.<\/p>\n<p>Caleb, 43 ans, s\u2019est rendu sur Instagram mercredi pour r\u00e9v\u00e9ler qu\u2019il a subi une blessure \u2013 qui a d\u00e9raill\u00e9 les dates pr\u00e9vues.<\/p>\n<p>\u00ab\u00a0Malheureusement, je regrette de vous informer que ces \u00e9missions devront \u00eatre annul\u00e9es en raison d\u2019un accident bizarre qui s\u2019est produit l\u2019autre jour. J\u2019ai cass\u00e9 mon pied assez mal en jouant avec mes enfants\u00a0\u00bb, a-t-il r\u00e9v\u00e9l\u00e9.<\/p>\n<p>\u00ab\u00a0C\u2019est assez noueux et j\u2019\u00e9pargnerai tous les d\u00e9tails. Mais nous avons la chance d\u2019avoir de grands m\u00e9decins ici \u00e0 Nashville qui m\u2019ont donn\u00e9 une intervention chirurgicale d\u2019urgence.\u00a0\u00bb<\/p>\n<p>Il a poursuivi en expliquant qu\u2019il a re\u00e7u l\u2019ordre de rester hors de ses pieds pendant les huit prochaines semaines \u2013 ce qui pr\u00e9voit de se produire en juin et juillet.<\/p>\n<p>Followill a poursuivi en expliquant que lui et ses camarades de groupe tirent le meilleur parti d\u2019une mauvaise situation et frappent le studio pour enregistrer de nouvelles pistes.<\/p>\n<p>Il a conclu: \u00ab\u00a0Je suis tr\u00e8s excit\u00e9 lorsque nous pouvons vous montrer ce que nous faisons, et en attendant, nous allons faire le travail que nous pouvons pendant que j\u2019ai ces limites.<\/p>\n<p>\u00ab\u00a0Des trucs passionnants arrivent, je sais que ce n\u2019est pas le message que quelqu\u2019un veut entendre. Ce n\u2019est certainement pas le message que je veux envoyer, mais \u00e7a va bien. J\u2019esp\u00e8re que nous vous verrons tous bient\u00f4t.\u00a0\u00bb<\/p>\n","protected":false},"excerpt":{"rendered":"Les rois de L\u00e9on ont annonc\u00e9 l\u2019annulation des dates de tourn\u00e9e au Royaume-Uni et en Europe \u00e0 la&hellip;\n","protected":false},"author":2,"featured_media":135754,"comment_status":"","ping_status":"","sticky":false,"template":"","format":"standard","meta":{"footnotes":""},"categories":[1588],"tags":[119,11,17884,150,26160,13799,1777,674,26161,26162,151,12,473,1853,1873,4441,1851,1850,1852],"class_list":{"0":"post-135753","1":"post","2":"type-post","3":"status-publish","4":"format-standard","5":"has-post-thumbnail","7":"category-royaume-uni","8":"tag-accident","9":"tag-actualites","10":"tag-annule","11":"tag-apres","12":"tag-bizarrerie","13":"tag-dates","14":"tag-eu","15":"tag-europe","16":"tag-kings","17":"tag-leon","18":"tag-les","19":"tag-news","20":"tag-royaume-uni","21":"tag-royaume-uni-de-grande-bretagne-et-dirlande-du-nord","22":"tag-royaumeuni","23":"tag-tournee","24":"tag-uk","25":"tag-united-kingdom","26":"tag-united-kingdom-of-great-britain-and-northern-ireland"},"share_on_mastodon":{"url":"https:\/\/pubeurope.com\/@fr\/114588667314292783","error":""},"_links":{"self":[{"href":"https:\/\/www.europesays.com\/fr\/wp-json\/wp\/v2\/posts\/135753","targetHints":{"allow":["GET"]}}],"collection":[{"href":"https:\/\/www.europesays.com\/fr\/wp-json\/wp\/v2\/posts"}],"about":[{"href":"https:\/\/www.europesays.com\/fr\/wp-json\/wp\/v2\/types\/post"}],"author":[{"embeddable":true,"href":"https:\/\/www.europesays.com\/fr\/wp-json\/wp\/v2\/users\/2"}],"replies":[{"embeddable":true,"href":"https:\/\/www.europesays.com\/fr\/wp-json\/wp\/v2\/comments?post=135753"}],"version-history":[{"count":0,"href":"https:\/\/www.europesays.com\/fr\/wp-json\/wp\/v2\/posts\/135753\/revisions"}],"wp:featuredmedia":[{"embeddable":true,"href":"https:\/\/www.europesays.com\/fr\/wp-json\/wp\/v2\/media\/135754"}],"wp:attachment":[{"href":"https:\/\/www.europesays.com\/fr\/wp-json\/wp\/v2\/media?parent=135753"}],"wp:term":[{"taxonomy":"category","embeddable":true,"href":"https:\/\/www.europesays.com\/fr\/wp-json\/wp\/v2\/categories?post=135753"},{"taxonomy":"post_tag","embeddable":true,"href":"https:\/\/www.europesays.com\/fr\/wp-json\/wp\/v2\/tags?post=135753"}],"curies":[{"name":"wp","href":"https:\/\/api.w.org\/{rel}","templated":true}]}}