{"id":135756,"date":"2025-05-29T02:05:10","date_gmt":"2025-05-29T02:05:10","guid":{"rendered":"https:\/\/www.europesays.com\/fr\/135756\/"},"modified":"2025-05-29T02:05:10","modified_gmt":"2025-05-29T02:05:10","slug":"bonne-nouvelle-pour-les-constructeurs-en-europe","status":"publish","type":"post","link":"https:\/\/www.europesays.com\/fr\/135756\/","title":{"rendered":"bonne nouvelle pour les constructeurs en Europe !"},"content":{"rendered":"<p>Ce mardi 27 mai 2025, <strong>les Etats membres<\/strong> ont valid\u00e9 d\u00e9finitivement<strong> les changements<\/strong> au niveau des \u00e9missions de CO2. Les constructeurs vont pouvoir <strong>souffler<\/strong> car un assouplissement des normes va arriver et permettra d\u2019\u00e9viter <a href=\"https:\/\/www.autojournal.fr\/environnement\/normes-co2-2025-lourdes-amendes-a-venir-pour-deux-constructeurs-362556.html\" target=\"_blank\" rel=\"noopener nofollow\">les amendes en 2025.<\/a><\/p>\n<p>la Commission europ\u00e9enne avait propos\u00e9 cette mesure, qui avait \u00e9t\u00e9 adopt\u00e9 par le Parlement europ\u00e9en \u00e0 <strong>458 voix pour<\/strong> et 101 contre.<br \/> Il fallait que les Etats membres votent d\u00e9finitivement ces changements pour <strong>ent\u00e9riner<\/strong> les mesures. C\u2019est d\u00e9sormais chose faites. Les constructeurs \u00e9tant en retard sur <strong>les objectifs CO2<\/strong> auront d\u00e9sormais un peu plus de temps pour r\u00e9gler la situation et \u00e9viteront surtout les amendes. Agir pour sauver l\u2019industrie automobile europ\u00e9enne ! <\/p>\n<p>Cette nouvelle va soulager grandement<strong> les constructeurs.<\/strong> Ces derniers r\u00e9clament depuis de nombreux mois <strong>une mesure similaire<\/strong> \u00e0 ce qui est propos\u00e9 par les Etats membres. En t\u00eate de ligne : <a href=\"https:\/\/www.autojournal.fr\/actu\/luca-de-meo-john-elkann-industrie-automobile-interview-383300.html\" target=\"_blank\" rel=\"noopener nofollow\">Luca de Meo, le patron de Renault.<\/a><br \/>Les autorit\u00e9s europ\u00e9ennes se sont sans doute rendu compte que<strong> la situation<\/strong> autour de l\u2019industrie automobile du continent est en grand danger. Ces derni\u00e8res semaines, les autorit\u00e9s ont donc d\u00e9cid\u00e9 d\u2019agir et de prendre <strong>des mesures.<\/strong><br \/>De fait, les diff\u00e9rentes normes vont \u00eatre assouplies autour <strong>des \u00e9missions de CO2.<\/strong> Des mesures qui font des m\u00e9contents, \u00e0 savoir <strong>les ONG \u00e9cologistes.<\/strong> C\u2019est ainsi que Diane Strauss, de l\u2019ONG Transport et Environnement France, a exprim\u00e9 :<br \/>\u00ab\u00a0Cette concession faite \u00e0 l\u2019industrie automobile doit \u00eatre la derni\u00e8re. La Commission doit rester ferme sur les objectifs 2030 et 2035. Ralentir l\u2019\u00e9lectrification en Europe ne peut en aucun cas \u00eatre une r\u00e9ponse ad\u00e9quate pour rester dans la course face \u00e0 la Chine\u00a0\u00bb. A l\u2019inverse, l\u2019ACEA, soit <a href=\"https:\/\/www.acea.auto\/\" target=\"_blank\" rel=\"noopener nofollow\">l\u2019Association europ\u00e9enne des constructeurs automobiles<\/a>, s\u2019est f\u00e9licit\u00e9e de<strong> la d\u00e9cision<\/strong> des Etats membres.<\/p>\n<p>Pour rappel, <strong>en Europe<\/strong>, le secteur de l\u2019automobile emploie un peu plus de <strong>13 millions de personnes.<\/strong><\/p>\n","protected":false},"excerpt":{"rendered":"Ce mardi 27 mai 2025, les Etats membres ont valid\u00e9 d\u00e9finitivement les changements au niveau des \u00e9missions de&hellip;\n","protected":false},"author":2,"featured_media":135757,"comment_status":"","ping_status":"","sticky":false,"template":"","format":"standard","meta":{"footnotes":""},"categories":[1586],"tags":[11,1777,674,1011,27,1638,12,25],"class_list":{"0":"post-135756","1":"post","2":"type-post","3":"status-publish","4":"format-standard","5":"has-post-thumbnail","7":"category-europe","8":"tag-actualites","9":"tag-eu","10":"tag-europe","11":"tag-fr","12":"tag-france","13":"tag-has_diapo","14":"tag-news","15":"tag-republique-francaise"},"share_on_mastodon":{"url":"https:\/\/pubeurope.com\/@fr\/114588675199939661","error":""},"_links":{"self":[{"href":"https:\/\/www.europesays.com\/fr\/wp-json\/wp\/v2\/posts\/135756","targetHints":{"allow":["GET"]}}],"collection":[{"href":"https:\/\/www.europesays.com\/fr\/wp-json\/wp\/v2\/posts"}],"about":[{"href":"https:\/\/www.europesays.com\/fr\/wp-json\/wp\/v2\/types\/post"}],"author":[{"embeddable":true,"href":"https:\/\/www.europesays.com\/fr\/wp-json\/wp\/v2\/users\/2"}],"replies":[{"embeddable":true,"href":"https:\/\/www.europesays.com\/fr\/wp-json\/wp\/v2\/comments?post=135756"}],"version-history":[{"count":0,"href":"https:\/\/www.europesays.com\/fr\/wp-json\/wp\/v2\/posts\/135756\/revisions"}],"wp:featuredmedia":[{"embeddable":true,"href":"https:\/\/www.europesays.com\/fr\/wp-json\/wp\/v2\/media\/135757"}],"wp:attachment":[{"href":"https:\/\/www.europesays.com\/fr\/wp-json\/wp\/v2\/media?parent=135756"}],"wp:term":[{"taxonomy":"category","embeddable":true,"href":"https:\/\/www.europesays.com\/fr\/wp-json\/wp\/v2\/categories?post=135756"},{"taxonomy":"post_tag","embeddable":true,"href":"https:\/\/www.europesays.com\/fr\/wp-json\/wp\/v2\/tags?post=135756"}],"curies":[{"name":"wp","href":"https:\/\/api.w.org\/{rel}","templated":true}]}}