{"id":135770,"date":"2025-05-29T02:15:14","date_gmt":"2025-05-29T02:15:14","guid":{"rendered":"https:\/\/www.europesays.com\/fr\/135770\/"},"modified":"2025-05-29T02:15:14","modified_gmt":"2025-05-29T02:15:14","slug":"un-grand-prix-presque-unanimement-horrible-chez-ktm","status":"publish","type":"post","link":"https:\/\/www.europesays.com\/fr\/135770\/","title":{"rendered":"Un Grand Prix presque unanimement \u00ab\u00a0horrible\u00a0\u00bb chez KTM"},"content":{"rendered":"<p>Pourtant auteur des meilleurs r\u00e9sultats de son groupe, <a href=\"https:\/\/fr.motorsport.com\/motogp\/news\/acosta-hausse-ton-ktm-accepte-pas\/10726941\/\" target=\"_self\" rel=\"noopener\">Pedro Acosta s&rsquo;est montr\u00e9 tr\u00e8s virulent \u00e0 Silverstone<\/a>, multipliant les appels \u00e0 destination de KTM pour que le constructeur mette rapidement en place des solutions face au manque de comp\u00e9titivit\u00e9 actuel. L&rsquo;Espagnol disait parler en cela au nom des quatre pilotes de Mattighofen, et il est vrai qu&rsquo;il \u00e9tait difficile de trouver des propos positifs chez l&rsquo;un d&rsquo;eux pendant ce septi\u00e8me week-end de course de la saison.<\/p>\n<p><a href=\"https:\/\/fr.motorsport.com\/driver\/enea-bastianini\/109398\/\" target=\"_blank\" rel=\"noopener\">Enea Bastianini<\/a> \u00e9tait particuli\u00e8rement abattu \u00e0 l&rsquo;issue du Grand Prix. Arriv\u00e9 cette ann\u00e9e sur la RC16, il semble s&rsquo;effondrer un peu plus chaque week-end, incapable jusqu&rsquo;\u00e0 pr\u00e9sent de v\u00e9ritablement trouver la cl\u00e9 de la performance avec cette moto.\u00a0\u00c0 Silverstone, piste qui l&rsquo;avait vu gagner il y a un an, le coup \u00e9tait rude \u00e0 encaisser.<\/p>\n<p>\u00ab\u00a0\u00c7a a \u00e9t\u00e9 une course vraiment difficile, y compris d&rsquo;un point de vue mental\u00a0\u00bb, a expliqu\u00e9 le pilote italien. \u00ab\u00a0D\u00e9j\u00e0, la situation \u00e9tait difficile parce qu&rsquo;il y avait beaucoup de vent, et <a href=\"https:\/\/fr.motorsport.com\/motogp\/news\/quartararo-sanction-desobei-commissaires-bastianini-penalite\/10721897\/\" target=\"_self\" rel=\"noopener\">avec le long-lap<\/a> j&rsquo;ai perdu le contact sur le groupe, mais \u00e7a n&rsquo;\u00e9tait pas \u00e7a le probl\u00e8me. Le probl\u00e8me, c&rsquo;est que je n&rsquo;y arrive plus. Je n&rsquo;arrive pas \u00e0 trouver la solution. J&rsquo;ai pens\u00e9 \u00e0 abandonner \u00e0 tous les tours\u00a0!\u00a0\u00c0 chaque tour qui passait, je me disais &lsquo;allez, je rentre&rsquo;, mais par respect pour tout le monde j&rsquo;ai continu\u00e9. Mais, vraiment, aujourd&rsquo;hui \u00e7a a \u00e9t\u00e9 la course la plus difficile de ma vie.\u00a0\u00bb <\/p>\n<p>Le pilote Tech3 a expliqu\u00e9 avoir vu ses probl\u00e8mes amplifi\u00e9s par les conditions compliqu\u00e9es de dimanche, avec un circuit balay\u00e9 par de grosses rafales de vente. Une moto qui \u00ab\u00a0ne tourne pas\u00a0\u00bb, une \u00e9lectronique qui \u00ab\u00a0ne fonctionne pas\u00a0\u00bb et une moto tr\u00e8s nerveuse, devenue incroyablement instable en course, voici ce qu&rsquo;il d\u00e9crivait.\u00a0\u00ab\u00a0La course a \u00e9t\u00e9 tr\u00e8s compliqu\u00e9e. En ligne droite, il m&rsquo;\u00e9tait m\u00eame difficile de garder l&rsquo;acc\u00e9l\u00e9ration parce que l&rsquo;avant \u00e9tait trop l\u00e9ger et il se d\u00e9robait souvent en ligne droite. \u00c7a a \u00e9t\u00e9 tr\u00e8s frustrant pour moi.\u00a0\u00bb<\/p>\n<p>   <img decoding=\"async\" draggable=\"false\" src=\"https:\/\/www.europesays.com\/fr\/wp-content\/uploads\/2025\/05\/1748484913_328_enea-bastianini-red-bull-ktm-t.jpg\" alt=\"La saison devient extr\u00eamement compliqu\u00e9e pour Enea Bastianini.\" width=\"1200\" height=\"800\" loading=\"lazy\"\/> <\/p>\n<p class=\"title\">La saison devient extr\u00eamement compliqu\u00e9e pour Enea Bastianini.<\/p>\n<p class=\"photographer\">Photo de: KTM Images<\/p>\n<p>La qualit\u00e9 de la RC16 sur les gros freinages, qu&rsquo;il dit \u00eatre le seul point fort de la moto, se r\u00e9v\u00e9lait inutile sur le trac\u00e9 fluide de Silverstone et c&rsquo;est un Bastianini tr\u00e8s loin de son potentiel qui a travers\u00e9 le week-end, \u00e0 l&rsquo;arriv\u00e9e des deux courses mais \u00e0 nette distance des points. \u00ab\u00a0Je suis actuellement le plus mauvais en piste. J&rsquo;ai gagn\u00e9 ici l&rsquo;ann\u00e9e derni\u00e8re, les deux courses, et c&rsquo;est impossible que je sois dernier cette ann\u00e9e. Je pense que KTM doit faire quelque chose pour moi, pour mon avenir, parce que c&rsquo;est impossible de continuer comme \u00e7a.\u00a0\u00bb<\/p>\n<p>\u00ab\u00a0\u00c9tant donn\u00e9 ma course d&rsquo;aujourd&rsquo;hui, c&rsquo;est difficile d&rsquo;\u00eatre positif. C&rsquo;est tr\u00e8s difficile d&rsquo;\u00eatre de bonne humeur. Je m&rsquo;attendais et je m&rsquo;attends \u00e0 plus, c&rsquo;est \u00e9vident, et au lieu de \u00e7a, ce &lsquo;plus&rsquo; n&rsquo;arrive pas. Au contraire, souvent c&rsquo;est m\u00eame &lsquo;moins&rsquo; et tout ce qu&rsquo;on essaye ne fonctionne pas. \u00c7a n&rsquo;est vraiment pas bon\u00a0\u00bb, a-t-il ajout\u00e9.\u00a0\u00ab\u00a0J&rsquo;esp\u00e8re voir arriver quelque chose qui pourra m&rsquo;aider. Avant tout en termes d&rsquo;ergonomie parce que je ne suis pas \u00e0 l&rsquo;aise, mais aussi en termes d&rsquo;\u00e9lectronique et de ch\u00e2ssis qui sont \u00e0 mon avis les deux aspects \u00e0 ne pas sous-estimer et qui ne nous aident pas.\u00a0\u00bb<\/p>\n<p>Lire aussi :<\/p>\n<p>Binder ne \u00ab\u00a0cherche aucune excuse\u00a0\u00bb<\/p>\n<p>Moins radical dans ses propos, <a href=\"https:\/\/fr.motorsport.com\/driver\/brad-binder\/109383\/\" target=\"_blank\" rel=\"noopener\">Brad Binder<\/a> a n\u00e9anmoins conc\u00e9d\u00e9 avoir connu une course \u00ab\u00a0horrible\u00a0\u00bb lui aussi, lui qui est reparti d&rsquo;Angleterre avec seulement deux points en poche, apr\u00e8s un week-end blanc en France. N\u00e9anmoins, le Sud-Africain a surtout insist\u00e9 sur un choix de pneu qu&rsquo;il estime avoir \u00e9t\u00e9 mauvais.<\/p>\n<p>\u00ab\u00a0Je me sentais bien quand j&rsquo;\u00e9tais derri\u00e8re quelqu&rsquo;un et que je prenais un peu de temp\u00e9rature, mais d\u00e8s que j&rsquo;\u00e9tais seul, j&rsquo;avais l&rsquo;impression de ne pas pouvoir faire tourner la moto parce que l&rsquo;avant n&rsquo;arr\u00eatait pas de se d\u00e9rober\u00a0\u00bb, a-t-il d\u00e9crit. \u00ab\u00a0J&rsquo;ai vraiment, vraiment eu du mal dans cette course. M\u00eame en roulant lentement, il y a eu des moments o\u00f9 j&rsquo;ai eu de la chance de ne pas tomber. Il faut que je trouve de la confiance, que j&rsquo;essaye juste de retrouver un peu de bonnes sensations et que j&rsquo;essaye de les utiliser.\u00a0\u00bb<\/p>\n<p>\u00c0 l&rsquo;instar de Bastianini, Binder\u00a0a soulign\u00e9 le besoin de s&rsquo;en tenir \u00e0 des r\u00e9glages stables.\u00a0\u00ab\u00a0On joue beaucoup avec les r\u00e9glages pour essayer de trouver quelque chose mais\u2026 Franchement, j&rsquo;ai le sentiment d&rsquo;avoir fait une grosse erreur en ne prenant pas le pneu avant soft. Je savais que j&rsquo;aurais d\u00e9truit le soft, il ne tenait pas tr\u00e8s bien, mais avec le medium, \u00e0 la seconde o\u00f9 il perdait en temp\u00e9rature j&rsquo;avais \u00e9norm\u00e9ment de sous-virage. Du coup, quand on ne peut pas pousser sur l&rsquo;avant et qu&rsquo;on perd tout le temps en traction et en sortie, on est vraiment lents.\u00a0\u00bb<\/p>\n<p>   <img decoding=\"async\" draggable=\"false\" src=\"https:\/\/www.europesays.com\/fr\/wp-content\/uploads\/2025\/05\/1748484914_936_brad-binder-red-bull-ktm-facto.jpg\" alt=\"Brad Binder a pris la 14e place en course.\" width=\"1200\" height=\"800\" loading=\"lazy\"\/> <\/p>\n<p class=\"title\">Brad Binder a pris la 14e place en course.<\/p>\n<p class=\"photographer\">Photo de: KTM Images<\/p>\n<p>\u00ab\u00a0J&rsquo;\u00e9tais vraiment lent aujourd&rsquo;hui et je ne cherche aucune excuse\u00a0\u00bb, a ajout\u00e9 Binder, \u00ab\u00a0je dois faire mieux et on doit trouver une solution. Je me bats beaucoup avec les r\u00e9glages, je les modifie beaucoup pour essayer de trouver des solutions, mais \u00e7a ne change pas grand-chose. Il faut qu&rsquo;on trouve quelque chose qui me donne un peu de confiance et qu&rsquo;on le garde.\u00a0\u00bb<\/p>\n<p>\u00ab\u00a0Pas le v\u00e9ritable potentiel de la moto\u00a0\u00bb<\/p>\n<p>Il n&rsquo;y a finalement que <a href=\"https:\/\/fr.motorsport.com\/driver\/maverick-vinales\/96553\/\" target=\"_blank\" rel=\"noopener\">Maverick Vi\u00f1ales<\/a> qui arrive \u00e0 trouver des traces de positif et \u00e0 relativiser la mauvaise performance collective de ce Grand Prix. \u00ab\u00a0Honn\u00eatement, ce week-end je n&rsquo;ai pas fait tellement de changements parce que j&rsquo;ai confiance dans la moto qu&rsquo;on a\u00a0\u00bb, a d\u00e9clar\u00e9 l&rsquo;Espagnol, \u00e0 rebours des propos de Bastianini et Binder. Il \u00e9tait 11e \u00e0 l&rsquo;arriv\u00e9e de la course, alors qu&rsquo;il vu la fin de sa belle s\u00e9rie de qualifications.<\/p>\n<p>\u00ab\u00a0C&rsquo;est juste que j&rsquo;ai eu beaucoup de soucis ce week-end. J&rsquo;ai eu un souci technique vendredi, ensuite en Q1, et apr\u00e8s, si vous partez 18e c&rsquo;est loin, c&rsquo;est difficile. J&rsquo;avais le rythme pour me battre pour le top 5, mais en partant derri\u00e8re je me suis battu avec tout le monde\u00a0\u2013\u00a0avec Enea, Ra\u00fal [Fern\u00e1ndez], Brad\u2026 Je me suis tellement battu qu&rsquo;en l&rsquo;espace de cinq tours, j&rsquo;ai perdu six ou sept secondes. C&rsquo;est comme \u00e7a qu&rsquo;on perd une course.\u00a0\u00bb<\/p>\n<p>Lire aussi :<\/p>\n<p>Sans nier les difficult\u00e9s rencontr\u00e9es en Angleterre, Vi\u00f1ales parvenait \u00e0 les relativiser quelque peu en prenant du recul\u00a0:\u00a0\u00ab\u00a0Je pense que cette piste est tr\u00e8s particuli\u00e8re, et le grip sur l&rsquo;angle n&rsquo;est pas notre point fort, or il en faut beaucoup sur cette piste pour sortir des virages. Il y a de tr\u00e8s longs virages avec beaucoup de banking. Pour moi, il faut qu&rsquo;on oublie cette piste et qu&rsquo;on se concentre sur Arag\u00f3n parce que \u00e7a n&rsquo;\u00e9tait clairement pas le v\u00e9ritable potentiel de la moto.\u00a0\u00bb<\/p>\n<p>\u00ab\u00a0Il faut qu&rsquo;on essaye de ne pas trop se laisser abattre par ce r\u00e9sultat, et qu&rsquo;on se tourne vers la prochaine course\u00a0\u00bb, a ajout\u00e9 l&rsquo;Espagnol, le seul pilote KTM \u00e0 s&rsquo;\u00eatre battu pour la victoire cette ann\u00e9e, au Qatar, avant d&rsquo;\u00eatre p\u00e9nalis\u00e9. \u00ab\u00a0Arag\u00f3n n&rsquo;est pas une piste facile non plus parce que le grip est tr\u00e8s faible, mais ensuite on a un test important. Il ne faut donc pas toucher \u00e0 trop de choses et essayer d&rsquo;\u00eatre intelligent par rapport \u00e0 ce qu&rsquo;on fait sur la moto. Il faut qu&rsquo;on soit tr\u00e8s intelligents, sans quoi si on fait une erreur et qu&rsquo;on [recule] ce sera un d\u00e9sastre. Il faut b\u00e2tir pierre apr\u00e8s pierre.\u00a0\u00bb<\/p>\n<p>Les pilotes KTM doivent passer \u00e0 Mattighofen cette semaine afin de travailler sur l&rsquo;a\u00e9rodynamique de la RC16. Pour ce qui est du test pr\u00e9vu au lendemain du prochain Grand Prix, en Arag\u00f3n, ils assurent ne pas encore savoir s&rsquo;il est pr\u00e9vu de marquer l&rsquo;arriv\u00e9e de nouvelles pi\u00e8ces. Les messages adress\u00e9s \u00e0 la direction sont toutefois suffisamment clairs pour qu&rsquo;une r\u00e9action soit fermement attendue.<\/p>\n<p>Dans cet article<\/p>\n<p>    L\u00e9na Buffa\n<\/p>\n<p>    MotoGP\n<\/p>\n<p>    Maverick Vi\u00f1ales\n<\/p>\n<p>    Brad Binder\n<\/p>\n<p>    Enea Bastianini\n<\/p>\n<p>    Tech 3\n<\/p>\n<p>    Red Bull KTM Factory Racing\n<\/p>\n<p>Soyez le premier inform\u00e9 et souscrivez aux alertes mails pour recevoir les infos en temps r\u00e9el<\/p>\n<p>    S&rsquo;abonner aux alertes de news<\/p>\n","protected":false},"excerpt":{"rendered":"Pourtant auteur des meilleurs r\u00e9sultats de son groupe, Pedro Acosta s&rsquo;est montr\u00e9 tr\u00e8s virulent \u00e0 Silverstone, multipliant les&hellip;\n","protected":false},"author":2,"featured_media":135771,"comment_status":"","ping_status":"","sticky":false,"template":"","format":"standard","meta":{"footnotes":""},"categories":[1413],"tags":[3376,3377,1011,27,23124,5712,1457,1456,1458,3068,23125,60,3374],"class_list":{"0":"post-135770","1":"post","2":"type-post","3":"status-publish","4":"format-standard","5":"has-post-thumbnail","7":"category-moto","8":"tag-brad-binder","9":"tag-enea-bastianini","10":"tag-fr","11":"tag-france","12":"tag-gp-de-grande-bretagne","13":"tag-maverick-viu00f1ales","14":"tag-moto","15":"tag-motocycle","16":"tag-motogp","17":"tag-red-bull-ktm-factory-racing","18":"tag-silverstone","19":"tag-sports","20":"tag-tech-3"},"share_on_mastodon":{"url":"https:\/\/pubeurope.com\/@fr\/114588714569844592","error":""},"_links":{"self":[{"href":"https:\/\/www.europesays.com\/fr\/wp-json\/wp\/v2\/posts\/135770","targetHints":{"allow":["GET"]}}],"collection":[{"href":"https:\/\/www.europesays.com\/fr\/wp-json\/wp\/v2\/posts"}],"about":[{"href":"https:\/\/www.europesays.com\/fr\/wp-json\/wp\/v2\/types\/post"}],"author":[{"embeddable":true,"href":"https:\/\/www.europesays.com\/fr\/wp-json\/wp\/v2\/users\/2"}],"replies":[{"embeddable":true,"href":"https:\/\/www.europesays.com\/fr\/wp-json\/wp\/v2\/comments?post=135770"}],"version-history":[{"count":0,"href":"https:\/\/www.europesays.com\/fr\/wp-json\/wp\/v2\/posts\/135770\/revisions"}],"wp:featuredmedia":[{"embeddable":true,"href":"https:\/\/www.europesays.com\/fr\/wp-json\/wp\/v2\/media\/135771"}],"wp:attachment":[{"href":"https:\/\/www.europesays.com\/fr\/wp-json\/wp\/v2\/media?parent=135770"}],"wp:term":[{"taxonomy":"category","embeddable":true,"href":"https:\/\/www.europesays.com\/fr\/wp-json\/wp\/v2\/categories?post=135770"},{"taxonomy":"post_tag","embeddable":true,"href":"https:\/\/www.europesays.com\/fr\/wp-json\/wp\/v2\/tags?post=135770"}],"curies":[{"name":"wp","href":"https:\/\/api.w.org\/{rel}","templated":true}]}}