{"id":135774,"date":"2025-05-29T02:17:16","date_gmt":"2025-05-29T02:17:16","guid":{"rendered":"https:\/\/www.europesays.com\/fr\/135774\/"},"modified":"2025-05-29T02:17:16","modified_gmt":"2025-05-29T02:17:16","slug":"cyclisme-boucles-de-la-mayenne","status":"publish","type":"post","link":"https:\/\/www.europesays.com\/fr\/135774\/","title":{"rendered":"Cyclisme. Boucles de la Mayenne"},"content":{"rendered":"<p> Lire la suite de l&rsquo;article&#13;<\/p>\n<p>\u00a0<\/p>\n<p>&#13;<br \/>\nCosnefroy, Coquard, Girmay&#8230; les t\u00eates d&rsquo;affiche&#13;<\/p>\n<p>Et on retrouvera du beau monde au d\u00e9part de cette 50e \u00e9dition. Parmi les favoris au classement g\u00e9n\u00e9ral, on peut noter la pr\u00e9sence de <strong>Benjamin Thomas <\/strong>(Cofidis), <strong>Aaron Gate<\/strong> (XDS Astana), <strong>Beno\u00eet Cosnefroy <\/strong>(Decathlon AG2R La Mondiale) ou autre <strong>Pelayo Sanchez<\/strong> (Movistar Team).<\/p>\n<p>&#13;<\/p>\n<p>Du c\u00f4t\u00e9 des hommes rapides, la startlist est bien fournie, avec <strong>Bryan Coquard<\/strong> (Cofidis),<strong> Marijn van den Berg<\/strong>,<strong> Madis Mahkels <\/strong>(EF Education-EasyPost),<strong> Paul Penho\u00ebt<\/strong> (Groupama-FDJ), <strong>Biniam Girmay<\/strong> (Intermarch\u00e9-Wanty), <strong>Lukas Kubis<\/strong> (Unibet Tietema Rockets)&#8230;<\/p>\n<p>&#13;<\/p>\n<p>\u00a0<\/p>\n<p>&#13;<br \/>\nLe parcours des Boucles de la Mayenne &#8211; Cr\u00e9dit Mutuel 2025&#13;<\/p>\n<p><strong>Jeudi 29 mai <\/strong>&#8211; prologue : Espace Mayenne Laval \/ 5,4 km (d\u00e9part \u00e0 18h15, arriv\u00e9e vers 20h32)<\/p>\n<p>&#13;<\/p>\n<p><img decoding=\"async\" src=\"https:\/\/www.europesays.com\/fr\/wp-content\/uploads\/2025\/05\/mayenneprol.jpg\" style=\"max-width:100%;max-height:100%;\" alt=\"image\" loading=\"lazy\"\/><\/p>\n<p>&#13;<\/p>\n<p>\u00a0<\/p>\n<p>&#13;<\/p>\n<p><strong>Vendredi 30 mai<\/strong> : \u00e9tape 1 :\u00a0Saint-Berthevin \u2013 Juvign\u00e9 \/ 166 km (d\u00e9part \u00e0 12h10, arriv\u00e9e vers 16h17)<\/p>\n<p>&#13;<\/p>\n<p><img decoding=\"async\" src=\"https:\/\/www.europesays.com\/fr\/wp-content\/uploads\/2025\/05\/mayenne1.jpg\" style=\"max-width:100%;max-height:100%;\" alt=\"image\" loading=\"lazy\"\/><\/p>\n<p>&#13;<\/p>\n<p>\u00a0<\/p>\n<p>&#13;<\/p>\n<p><strong>Samedi 31 mai<\/strong> &#8211; \u00e9tape 2 :\u00a0Sainte-Suzanne &#8211; Bais \/ 210,5 km (d\u00e9part \u00e0 11h40, arriv\u00e9e vers 16h57)<\/p>\n<p>&#13;<\/p>\n<p><img decoding=\"async\" src=\"https:\/\/www.europesays.com\/fr\/wp-content\/uploads\/2025\/05\/mayenne2.jpg\" style=\"max-width:100%;max-height:100%;\" alt=\"image\" loading=\"lazy\"\/><\/p>\n<p>&#13;<\/p>\n<p>\u00a0<\/p>\n<p>&#13;<\/p>\n<p><strong>Dimanche 1er juin<\/strong> &#8211; \u00e9tape 3 :\u00a0Javron-les-Chapelles &#8211; Laval \/ 163 km (d\u00e9part \u00e0 12h30, arriv\u00e9e vers 16h28)<\/p>\n<p>&#13;<\/p>\n<p><img decoding=\"async\" src=\"https:\/\/www.europesays.com\/fr\/wp-content\/uploads\/2025\/05\/mayenne3.jpg\" style=\"max-width:100%;max-height:100%;\" alt=\"image\" loading=\"lazy\"\/><\/p>\n<p>&#13;<\/p>\n<p>\u00a0<\/p>\n<p>&#13;<br \/>\nLa liste de d\u00e9part (provisoire)&#13;<\/p>\n<p><strong>XDS Astana Team<\/strong><br \/>1  Gate Aaron<br \/>2  Bol Cees<br \/>3  Charmig Anthon<br \/>4  Fedorov Yevgeniy<br \/>5  Gate Aaron<br \/>6  Teunissen Mike<\/p>\n<p><strong>Decathlon AG2R La Mondiale<\/strong><br \/>11  Lapeira Paul<br \/>12  Chamberlain Oscar<br \/>13  Cosnefroy Beno\u00eet<br \/>14  Pedersen Rasmus S\u00f8jberg<br \/>15  Isidore Noa<br \/>16  Labrosse Jordan<\/p>\n<p><strong>Cofidis<\/strong><br \/>21  Thomas Benjamin<br \/>22  Coquard Bryan<br \/>23  Herrada Jesus<br \/>24  Izquierdo Clement<br \/>25  Knight Oliver<br \/>26  Touz\u00e9 Damien<\/p>\n<p><strong>EF Education-EasyPost<\/strong><br \/>31  van den Berg Marijn<br \/>32  Rootkin-Gray Jack<br \/>33  Walker Max<br \/>34  Mihkels Madis<br \/>35  Albanese Vincenzo<br \/>36  Costa Rui<\/p>\n<p><strong>Movistar Team<\/strong><br \/>41  Canal Carlos<br \/>42  He\u00dfmann Michel<br \/>43  Moro Manlio<br \/>44  Norsgaard Mathias Sunek\u00e6r<br \/>45  Sanchez Pelayo<\/p>\n<p><strong>Groupama-FDJ<\/strong><br \/>51  Penho\u00ebt Paul<br \/>52  Barthe Cyril<br \/>53  Donnenwirth Tom<br \/>54  Gruel Thibaud<br \/>55  Jacobs Johan<br \/>56  Russo Cl\u00e9ment<\/p>\n<p><strong>Intermarch\u00e9-Wanty<\/strong><br \/>61  Girmay Biniam<br \/>62  Artz Huub<br \/>63  Braet Vito<br \/>64  De Pooter Dries<br \/>65  Page Hugo<br \/>66  Petit Adrien<\/p>\n<p><strong>Team Jayco-AlUla<\/strong><br \/>71  De Marchi Alessandro<br \/>72  Donaldson Robert<br \/>73  Krijnsen Jelte<br \/>74  O&rsquo;Brien Kelland<br \/>75  Stewart Campbell<\/p>\n<p><strong>ARKEA-B&amp;B HOTELS<\/strong><br \/>81  Venturini Cl\u00e9ment<br \/>82  Capiot Amaury<br \/>83  Milesi Nicolas<br \/>84  Rouland Louis<br \/>85  S\u00e9n\u00e9chal Florian<br \/>86  Thierry Pierre<\/p>\n<p><strong>Q36.5 Pro Cycling Team<\/strong><br \/>91  Nizzolo Giacomo<br \/>92  Gonz\u00e1lez David<br \/>93  Malecki Kamil<br \/>94  Pidcock Joseph<br \/>95  Steimle Jannik<br \/>96  Townsend Rory<\/p>\n<p><strong>Tudor Pro Cycling Team<\/strong><br \/>101  Weiss Fabian<br \/>102  Heming Mika<br \/>103  Kluckers Arthur<br \/>104  Kolze Changizi Sebastian<br \/>105  Mayrhofer Marius<br \/>106  Suter Joel<\/p>\n<p><strong>Team TotalEnergies<\/strong><br \/>111  Latour Pierre<br \/>112  Grellier Fabien<br \/>113  Jousseaume Alan<br \/>114  Manzin Lorrenzo<br \/>115  Retailleau Valentin<br \/>116  Tesson Jason<\/p>\n<p><strong>Lotto<\/strong><br \/>121  Van de Putte Victor<br \/>122  Currie Logan<br \/>123  De Buyst Jasper<br \/>124  Giddings Joshua<br \/>125  Menten Milan<br \/>126  Veistroffer Baptiste<\/p>\n<p><strong>Unibet Tietema Rockets<\/strong><br \/>131  Kubis Lukas<br \/>132  Bloem Joren<br \/>133  Kopecky Tomas<br \/>134  Loockx Lander<br \/>135  Stokbro Nielsen Andreas<br \/>136  Toupalik Adam<\/p>\n<p><strong>Burgos Burpellet BH<\/strong><br \/>141  Alleno Cl\u00e9ment<br \/>142  Angulo Antonio<br \/>143  de la Calle Hugo<br \/>144  Fuentes Angel<br \/>145  Kminek Vojtech<br \/>146  Martin David<\/p>\n<p><strong>Caja Rural-Seguros RGA<\/strong><br \/>151  Sorarrain Gorka<br \/>152  Ibanez Javier<br \/>153  Leit\u00e3o I\u00fari<br \/>154  Lopez Joseba<br \/>155  Otruba Jakub<br \/>156  Prades Eduard<\/p>\n<p><strong>Solution Tech-Vini Fantini<\/strong><br \/>161  Balmer Alexandre<br \/>162  Fortin Filippo<br \/>163  Iacchi Alessandro<br \/>164  Sbaragli Kristian<br \/>165  Tissi\u00e8res Arnaud<br \/>166  Viviani Attilio<\/p>\n<p><strong>Wagner Bazin WB<\/strong><br \/>171  Baguelin Jocelyn<br \/>172  Meens Johan<br \/>173  Papon Victor<br \/>174  Tizza Marco<br \/>175  Van Hautegem Leander<br \/>176  Van Rooy Kenneth<\/p>\n<p><strong>St Michel-Preference Home-Auber 93<\/strong><br \/>181  Delacroix Th\u00e9o<br \/>182  B\u00e9n\u00e9teau Lucas<br \/>183  Cardis Romain<br \/>184  Lecroq J\u00e9r\u00e9my<br \/>185  Riou Alan<br \/>186  Van Niekerk Morne<\/p>\n<p><strong>CIC U Nantes<\/strong><br \/>191  Joalland Ya\u00ebl<br \/>192  Devroute Corentin<br \/>193  Ducret Justin<br \/>194  Hamon Similien<br \/>195  Langella Lenaic<br \/>196  Mariault Axel<\/p>\n<p><strong>Van Rysel-Roubaix<\/strong><br \/>201  Capron R\u00e9mi<br \/>202  Guillon C\u00e9lestin<br \/>203  Juillard Maximilien<br \/>204  Molly Kenny<br \/>205  Morin Emmanuel<br \/>206  Planckaert Baptiste<\/p>\n<p><strong>Nice M\u00e9tropole C\u00f4te d&rsquo;Azur<\/strong><br \/>211  H\u00e4nninen Jaakko<br \/>212  Guichard Carter<br \/>213  Knecht Noah<br \/>214  Konijn Alexander<br \/>215  Massa Dylan<br \/>216  Narbonne-Zuccarelli Axel<\/p>\n","protected":false},"excerpt":{"rendered":"Lire la suite de l&rsquo;article&#13; \u00a0 &#13; Cosnefroy, Coquard, Girmay&#8230; les t\u00eates d&rsquo;affiche&#13; Et on retrouvera du beau&hellip;\n","protected":false},"author":2,"featured_media":135775,"comment_status":"","ping_status":"","sticky":false,"template":"","format":"standard","meta":{"footnotes":""},"categories":[1411],"tags":[26163,1154,207,211,1011,27,209,60,210,212,208,213],"class_list":{"0":"post-135774","1":"post","2":"type-post","3":"status-publish","4":"format-standard","5":"has-post-thumbnail","7":"category-cyclisme","8":"tag-boucles-de-la-mayenne","9":"tag-cycling","10":"tag-cyclisme","11":"tag-ffc","12":"tag-fr","13":"tag-france","14":"tag-route","15":"tag-sports","16":"tag-tour-de-france","17":"tag-uci","18":"tag-velo","19":"tag-world-tour"},"share_on_mastodon":{"url":"https:\/\/pubeurope.com\/@fr\/114588722423729659","error":""},"_links":{"self":[{"href":"https:\/\/www.europesays.com\/fr\/wp-json\/wp\/v2\/posts\/135774","targetHints":{"allow":["GET"]}}],"collection":[{"href":"https:\/\/www.europesays.com\/fr\/wp-json\/wp\/v2\/posts"}],"about":[{"href":"https:\/\/www.europesays.com\/fr\/wp-json\/wp\/v2\/types\/post"}],"author":[{"embeddable":true,"href":"https:\/\/www.europesays.com\/fr\/wp-json\/wp\/v2\/users\/2"}],"replies":[{"embeddable":true,"href":"https:\/\/www.europesays.com\/fr\/wp-json\/wp\/v2\/comments?post=135774"}],"version-history":[{"count":0,"href":"https:\/\/www.europesays.com\/fr\/wp-json\/wp\/v2\/posts\/135774\/revisions"}],"wp:featuredmedia":[{"embeddable":true,"href":"https:\/\/www.europesays.com\/fr\/wp-json\/wp\/v2\/media\/135775"}],"wp:attachment":[{"href":"https:\/\/www.europesays.com\/fr\/wp-json\/wp\/v2\/media?parent=135774"}],"wp:term":[{"taxonomy":"category","embeddable":true,"href":"https:\/\/www.europesays.com\/fr\/wp-json\/wp\/v2\/categories?post=135774"},{"taxonomy":"post_tag","embeddable":true,"href":"https:\/\/www.europesays.com\/fr\/wp-json\/wp\/v2\/tags?post=135774"}],"curies":[{"name":"wp","href":"https:\/\/api.w.org\/{rel}","templated":true}]}}