{"id":135780,"date":"2025-05-29T02:20:16","date_gmt":"2025-05-29T02:20:16","guid":{"rendered":"https:\/\/www.europesays.com\/fr\/135780\/"},"modified":"2025-05-29T02:20:16","modified_gmt":"2025-05-29T02:20:16","slug":"qui-se-cache-derriere-ces-dessins-qui-egayent-les-vitrines-des-commerces-de-caen","status":"publish","type":"post","link":"https:\/\/www.europesays.com\/fr\/135780\/","title":{"rendered":"Qui se cache derri\u00e8re ces dessins qui \u00e9gayent les vitrines des commerces de Caen\u00a0?"},"content":{"rendered":"<p>            Par<br \/>\n        <strong><br \/>\n            <a href=\"https:\/\/actu.fr\/auteur\/margaux-rousset\" title=\"Consulter tous les articles de Margaux Rousset\" rel=\"nofollow noopener\" target=\"_blank\">Margaux Rousset<\/a><br \/>\n        <\/strong><\/p>\n<p>        Publi\u00e9 le<\/p>\n<p>            27 mai 2025 \u00e0 7h09        <\/p>\n<p>Elles attirent l\u2019\u0153il des plus curieux et font m\u00eame sourire. Depuis plusieurs mois, les vitrines de commerces de <b>Caen et de l\u2019agglom\u00e9ration (Calvados)<\/b> se parent de <b>jolies illustrations <\/b>\u00e0 l\u2019instar de <b>la boulangerie La Mie Paulette<\/b> sur le boulevard Richemond \u00e0 Caen.<\/p>\n<p class=\" wall-content\">Les th\u00e8mes choisis correspondent <b>aux grands \u00e9v\u00e9nements<\/b> de la ville comme le Mill\u00e9naire de Caen, le D\u00e9barquement ou encore le Tour de France \u00e0 venir.<\/p>\n<p>    <img   decoding=\"async\" loading=\"lazy\" class=\"size-large\" src=\"https:\/\/www.europesays.com\/fr\/wp-content\/uploads\/2025\/05\/56d2bffc343869ad2bffc3438eed2bv-960x640.jpg\" alt=\"Pour le Mill\u00e9naire, les vitrines des commerces de Caen se parent de jolies illustrations.\" width=\"960\" height=\"640\"\/><br \/>\n    Pour le Mill\u00e9naire, les vitrines des commerces de Caen se parent de jolies illustrations. \u00a9G\u00e9no GrafixDeux illustrateurs habitu\u00e9s<\/p>\n<p class=\" wall-content\">Derri\u00e8re ces dessins se cachent les artistes \u00ab<b>\u2009G\u00e9no Grafix<\/b>\u2009\u00bb qui n\u2019en sont pas \u00e0 leur premier essai. <b>Pascal et Eric, <\/b>amis d\u2019enfance, d\u00e9corent depuis de nombreuses ann\u00e9es les vitrines de magasins, \u00e0 leur demande, \u00e0 l\u2019occasion d\u2019\u00e9v\u00e9nements. Pascal est venu \u00e0 Bayeux pour la premi\u00e8re fois \u00e0 l\u2019occasion du 50e anniversaire du D\u00e9barquement. Depuis, <a href=\"https:\/\/actu.fr\/normandie\/bayeux_14047\/75e-anniversaire-debarquement-bayeux-pascal-peint-liberation-sur-commerces-ville_23877718.html\" rel=\"nofollow noopener\" target=\"_blank\">il revient r\u00e9guli\u00e8rement<\/a>.<\/p>\n<p>    <img   decoding=\"async\" loading=\"lazy\" class=\"size-large\" src=\"https:\/\/www.europesays.com\/fr\/wp-content\/uploads\/2025\/05\/c516affc34386e916affc3438bd16av-960x640.jpg\" alt=\"Pour le Mill\u00e9naire, les vitrines des commerces de Caen se parent de jolies illustrations.\" width=\"960\" height=\"640\"\/><br \/>\n    Pour le Mill\u00e9naire, les vitrines des commerces de Caen se parent de jolies illustrations. \u00a9G\u00e9no Grafix<\/p>\n<p class=\" wall-content\">Pour ce mois de juin\u00a02025, ils se proposent d\u2019\u00e9gayer les vitrines sur les th\u00e8mes du <a href=\"https:\/\/actu.fr\/normandie\/caen_14118\/tour-de-france-le-contre-la-montre-a-caen-une-etape-importante-pour-le-classement-general_62440561.html\" rel=\"nofollow noopener\" target=\"_blank\">Tour de France <\/a>ou des <a href=\"https:\/\/actu.fr\/normandie\/bayeux_14047\/pour-la-38e-edition-des-medievales-le-theme-de-leau-enchantera-la-ville_62640761.html\" rel=\"nofollow noopener\" target=\"_blank\">M\u00e9di\u00e9vales de Bayeux<\/a>. \u00ab\u2009Nos d\u00e9corations varient en fonction de chaque commerce. Nous proposons une id\u00e9e de d\u00e9co adapt\u00e9e \u00e0 la nature de l\u2019\u00e9v\u00e9nement\u2009\u00bb, pr\u00e9cisent les deux artistes. Ils seront \u00e0 Caen, son agglom\u00e9ration, Bayeux ou encore Isigny-sur-Mer <b>du 5 au 12\u00a0juin<\/b>.<\/p>\n<p>Des illustrations \u00e0 la demande<\/p>\n<p class=\" wall-content\">Pascal et Eric travaillent <b>sur commandes<\/b>. Le prix varie en fonction de la vitrine et du nombre de motifs \u00e0 illustrer. \u00ab\u2009G\u00e9n\u00e9ralement le prix moyen est de 150\u00a0\u20ac pour un commerce de type boulangerie ou boucherie en comptant une vitrine et une porte.\u2009\u00bb Le prix est d\u00e9fini avant avec le client avant toute intervention. \u00ab\u2009On peut faire des th\u00e8mes m\u00e9di\u00e9vaux ou militaires mais sinon si les gens ont des id\u00e9es pr\u00e9cises, on s\u2019adapte. J\u2019ai d\u00e9j\u00e0 peint des po\u00e8mes de Paul \u00c9luard, des produits gastronomiques du Calvados ou encore beaucoup de vitrines \u00e0 la mode des ann\u00e9es 40\u2009\u00bb, explique Pascal.<\/p>\n<p>Page Facebook de <a href=\"https:\/\/www.facebook.com\/GNOgrafix\/?locale=fr_FR\" rel=\"nofollow noopener\" target=\"_blank\">G\u00e9no Grafix<\/a>. Contacts\u2009: 07\u200982\u200916\u200956\u200946 ou 06\u200931\u200949\u200934\u200954.<\/p>\n<p class=\" wall-content\">Suivez toute l\u2019actualit\u00e9 de vos villes et m\u00e9dias favoris en vous inscrivant \u00e0 <a href=\"https:\/\/moncompte.actu.fr\" title=\"D\u00e9couvez Mon Actu\" rel=\"nofollow noopener\" data-trk=\"{&quot;cta&quot;:{&quot;action&quot;:&quot;https:\\\/\\\/moncompte.actu.fr&quot;,&quot;category&quot;:&quot;mon compte&quot;,&quot;from&quot;:&quot;article footer&quot;,&quot;name&quot;:&quot;Mon actu&quot;,&quot;type&quot;:&quot;cta&quot;}}\" target=\"_blank\">Mon Actu<\/a>.<\/p>\n<ul class=\"ac-article-tag wall-content\">\n<li><a href=\"https:\/\/actu.fr\/tag\/caen\" data-trk=\"{&quot;cta&quot;:{&quot;action&quot;:&quot;Caen&quot;,&quot;category&quot;:&quot;tag&quot;,&quot;from&quot;:&quot;article footer&quot;,&quot;name&quot;:&quot;Caen&quot;,&quot;type&quot;:&quot;cta&quot;}}\" rel=\"nofollow noopener\" target=\"_blank\">#Caen<\/a><\/li>\n<li><a href=\"https:\/\/actu.fr\/tag\/millenaire-de-caen\" data-trk=\"{&quot;cta&quot;:{&quot;action&quot;:&quot;Mill\\u00e9naire de Caen&quot;,&quot;category&quot;:&quot;tag&quot;,&quot;from&quot;:&quot;article footer&quot;,&quot;name&quot;:&quot;Mill\\u00e9naire de Caen&quot;,&quot;type&quot;:&quot;cta&quot;}}\" rel=\"nofollow noopener\" target=\"_blank\">#Mill\u00e9naire de Caen<\/a><\/li>\n<\/ul>\n","protected":false},"excerpt":{"rendered":"Par Margaux Rousset Publi\u00e9 le 27 mai 2025 \u00e0 7h09 Elles attirent l\u2019\u0153il des plus curieux et font&hellip;\n","protected":false},"author":2,"featured_media":135781,"comment_status":"","ping_status":"","sticky":false,"template":"","format":"standard","meta":{"footnotes":""},"categories":[1358],"tags":[1348,1384,1385,5492,1386,58,59,1011,27,19785,104],"class_list":{"0":"post-135780","1":"post","2":"type-post","3":"status-publish","4":"format-standard","5":"has-post-thumbnail","7":"category-arts-et-design","8":"tag-arts","9":"tag-arts-and-design","10":"tag-arts-et-design","11":"tag-caen","12":"tag-design","13":"tag-divertissement","14":"tag-entertainment","15":"tag-fr","16":"tag-france","17":"tag-millenaire-de-caen","18":"tag-societe"},"share_on_mastodon":{"url":"https:\/\/pubeurope.com\/@fr\/114588734250924910","error":""},"_links":{"self":[{"href":"https:\/\/www.europesays.com\/fr\/wp-json\/wp\/v2\/posts\/135780","targetHints":{"allow":["GET"]}}],"collection":[{"href":"https:\/\/www.europesays.com\/fr\/wp-json\/wp\/v2\/posts"}],"about":[{"href":"https:\/\/www.europesays.com\/fr\/wp-json\/wp\/v2\/types\/post"}],"author":[{"embeddable":true,"href":"https:\/\/www.europesays.com\/fr\/wp-json\/wp\/v2\/users\/2"}],"replies":[{"embeddable":true,"href":"https:\/\/www.europesays.com\/fr\/wp-json\/wp\/v2\/comments?post=135780"}],"version-history":[{"count":0,"href":"https:\/\/www.europesays.com\/fr\/wp-json\/wp\/v2\/posts\/135780\/revisions"}],"wp:featuredmedia":[{"embeddable":true,"href":"https:\/\/www.europesays.com\/fr\/wp-json\/wp\/v2\/media\/135781"}],"wp:attachment":[{"href":"https:\/\/www.europesays.com\/fr\/wp-json\/wp\/v2\/media?parent=135780"}],"wp:term":[{"taxonomy":"category","embeddable":true,"href":"https:\/\/www.europesays.com\/fr\/wp-json\/wp\/v2\/categories?post=135780"},{"taxonomy":"post_tag","embeddable":true,"href":"https:\/\/www.europesays.com\/fr\/wp-json\/wp\/v2\/tags?post=135780"}],"curies":[{"name":"wp","href":"https:\/\/api.w.org\/{rel}","templated":true}]}}