{"id":135801,"date":"2025-05-29T02:31:10","date_gmt":"2025-05-29T02:31:10","guid":{"rendered":"https:\/\/www.europesays.com\/fr\/135801\/"},"modified":"2025-05-29T02:31:10","modified_gmt":"2025-05-29T02:31:10","slug":"jusqua-33-km-de-bouchons-cumules-sur-le-peripherique-de-caen-mercredi-soir-du-rarement-vu","status":"publish","type":"post","link":"https:\/\/www.europesays.com\/fr\/135801\/","title":{"rendered":"Jusqu&rsquo;\u00e0 33 km de bouchons cumul\u00e9s sur le p\u00e9riph\u00e9rique de Caen mercredi soir : du rarement vu"},"content":{"rendered":"<p>            Par<br \/>\n        <strong><br \/>\n            <a href=\"https:\/\/actu.fr\/auteur\/journaliste-liberte\" title=\"Consulter tous les articles de R\u00e9daction Caen\" rel=\"nofollow noopener\" target=\"_blank\">R\u00e9daction Caen<\/a><br \/>\n        <\/strong><\/p>\n<p>        Publi\u00e9 le<\/p>\n<p>            28 mai 2025 \u00e0 19h58        <\/p>\n<p>Le <b>p\u00e9riph\u00e9rique de Caen<\/b> (Calvados) a vu rouge, voire noir par endroits ce mercredi 28 mai 2025 en d\u00e9but de soir\u00e9e, en termes de circulation. \u00c0 19h, la Direction interr\u00e9gionale des routes nord-ouest (Dirno) faisait \u00e9tat de tr\u00e8s forts ralentissements sur le <a href=\"https:\/\/actu.fr\/normandie\/caen_14118\/la-fin-des-travaux-du-peripherique-nord-de-caen-enfin-annoncee-des-fermetures-a-10-reprises-a-prevoir_62629996.html\" rel=\"nofollow noopener\" target=\"_blank\">boulevard p\u00e9riph\u00e9rique<\/a> caennais en cette <b>veille de pont de l\u2019Ascension<\/b> : <b>jusqu\u2019\u00e0 33 km cumul\u00e9s<\/b> !<\/p>\n<p>Quatre zones concern\u00e9es par les bouchons<\/p>\n<p class=\" wall-content\">D\u00e8s la fin d\u2019apr\u00e8s-midi, et bien qu\u2019habituellement le mercredi la circulation soit moins charg\u00e9e, elle \u00e9tait <b>particuli\u00e8rement dense d\u00e8s 17h30<\/b>. Mais <b>plusieurs accidents<\/b>, dont un impliquant <b>trois v\u00e9hicules vers 17h45<\/b> \u00e0 hauteur de Mondeville dans le sens ext\u00e9rieur, n\u2019ont pas arrang\u00e9 la situation. En cette veille de pont, beaucoup d\u2019usagers de la route se sont retrouv\u00e9s \u00e0 emprunter le boulevard p\u00e9riph\u00e9rique caennais.\u00a0<\/p>\n<p class=\" wall-content\">Ainsi, \u00e0 19h, la Dirno enregistrait des ralentissements importants en plusieurs endroits :\u00a0<br \/>. <b>12,7 km<\/b> dans le sens int\u00e9rieur de Mondeville \u00e0 Bretteville-sur-Odon,<br \/>. <b>9,0 km<\/b> dans le sens ext\u00e9rieur de de Mondeville \u00e0 Caen,<br \/>. <b>6,9 km<\/b> dans le sens int\u00e9rieur de Caen \u00e0 Mondeville,<br \/>. <b>4,3 km<\/b> dans le sens ext\u00e9rieur d\u2019Ifs \u00e0 Mondeville.<\/p>\n<p>Tr\u00e8s charg\u00e9 sur l\u2019A13 \u00e0 l\u2019arriv\u00e9e sur Caen<\/p>\n<p class=\" wall-content\">La circulation \u00e9tait particuli\u00e8rement charg\u00e9e \u00e9galement sur l\u2019A13, \u00e0 l\u2019arriv\u00e9e sur Caen. Bon nombre de v\u00e9hicules venus de l\u2019autoroute cherchaient \u00e0 gagner la porte de Bretagne pour rejoindre l\u2019A84, d\u2019o\u00f9 des bouchons dans le sens int\u00e9rieur entre Mondeville et Bretteville-sur-Odon.<br \/>La circulation s\u2019est fluidifi\u00e9e peu \u00e0 peu, dans la soir\u00e9e.<\/p>\n<p class=\" wall-content\">Suivez toute l\u2019actualit\u00e9 de vos villes et m\u00e9dias favoris en vous inscrivant \u00e0 <a href=\"https:\/\/moncompte.actu.fr\" title=\"D\u00e9couvez Mon Actu\" rel=\"nofollow noopener\" data-trk=\"{&quot;cta&quot;:{&quot;action&quot;:&quot;https:\\\/\\\/moncompte.actu.fr&quot;,&quot;category&quot;:&quot;mon compte&quot;,&quot;from&quot;:&quot;article footer&quot;,&quot;name&quot;:&quot;Mon actu&quot;,&quot;type&quot;:&quot;cta&quot;}}\" target=\"_blank\">Mon Actu<\/a>.<\/p>\n<ul class=\"ac-article-tag wall-content\">\n<li><a href=\"https:\/\/actu.fr\/tag\/circulation\" data-trk=\"{&quot;cta&quot;:{&quot;action&quot;:&quot;Circulation&quot;,&quot;category&quot;:&quot;tag&quot;,&quot;from&quot;:&quot;article footer&quot;,&quot;name&quot;:&quot;Circulation&quot;,&quot;type&quot;:&quot;cta&quot;}}\" rel=\"nofollow noopener\" target=\"_blank\">#Circulation<\/a><\/li>\n<li><a href=\"https:\/\/actu.fr\/tag\/peripherique-de-caen\" data-trk=\"{&quot;cta&quot;:{&quot;action&quot;:&quot;P\\u00e9riph\\u00e9rique de Caen&quot;,&quot;category&quot;:&quot;tag&quot;,&quot;from&quot;:&quot;article footer&quot;,&quot;name&quot;:&quot;P\\u00e9riph\\u00e9rique de Caen&quot;,&quot;type&quot;:&quot;cta&quot;}}\" rel=\"nofollow noopener\" target=\"_blank\">#P\u00e9riph\u00e9rique de Caen<\/a><\/li>\n<\/ul>\n","protected":false},"excerpt":{"rendered":"Par R\u00e9daction Caen Publi\u00e9 le 28 mai 2025 \u00e0 19h58 Le p\u00e9riph\u00e9rique de Caen (Calvados) a vu rouge,&hellip;\n","protected":false},"author":2,"featured_media":135802,"comment_status":"","ping_status":"","sticky":false,"template":"","format":"standard","meta":{"footnotes":""},"categories":[4],"tags":[11,3542,1011,27,12,26168,25,104],"class_list":{"0":"post-135801","1":"post","2":"type-post","3":"status-publish","4":"format-standard","5":"has-post-thumbnail","7":"category-france","8":"tag-actualites","9":"tag-circulation","10":"tag-fr","11":"tag-france","12":"tag-news","13":"tag-peripherique-de-caen","14":"tag-republique-francaise","15":"tag-societe"},"share_on_mastodon":{"url":"https:\/\/pubeurope.com\/@fr\/114588777478822541","error":""},"_links":{"self":[{"href":"https:\/\/www.europesays.com\/fr\/wp-json\/wp\/v2\/posts\/135801","targetHints":{"allow":["GET"]}}],"collection":[{"href":"https:\/\/www.europesays.com\/fr\/wp-json\/wp\/v2\/posts"}],"about":[{"href":"https:\/\/www.europesays.com\/fr\/wp-json\/wp\/v2\/types\/post"}],"author":[{"embeddable":true,"href":"https:\/\/www.europesays.com\/fr\/wp-json\/wp\/v2\/users\/2"}],"replies":[{"embeddable":true,"href":"https:\/\/www.europesays.com\/fr\/wp-json\/wp\/v2\/comments?post=135801"}],"version-history":[{"count":0,"href":"https:\/\/www.europesays.com\/fr\/wp-json\/wp\/v2\/posts\/135801\/revisions"}],"wp:featuredmedia":[{"embeddable":true,"href":"https:\/\/www.europesays.com\/fr\/wp-json\/wp\/v2\/media\/135802"}],"wp:attachment":[{"href":"https:\/\/www.europesays.com\/fr\/wp-json\/wp\/v2\/media?parent=135801"}],"wp:term":[{"taxonomy":"category","embeddable":true,"href":"https:\/\/www.europesays.com\/fr\/wp-json\/wp\/v2\/categories?post=135801"},{"taxonomy":"post_tag","embeddable":true,"href":"https:\/\/www.europesays.com\/fr\/wp-json\/wp\/v2\/tags?post=135801"}],"curies":[{"name":"wp","href":"https:\/\/api.w.org\/{rel}","templated":true}]}}