{"id":135805,"date":"2025-05-29T02:33:22","date_gmt":"2025-05-29T02:33:22","guid":{"rendered":"https:\/\/www.europesays.com\/fr\/135805\/"},"modified":"2025-05-29T02:33:22","modified_gmt":"2025-05-29T02:33:22","slug":"saint-just-malmont-les-gendarmes-arrivent-petit-a-petit-la-future-gendarmerie-se-dessine","status":"publish","type":"post","link":"https:\/\/www.europesays.com\/fr\/135805\/","title":{"rendered":"Saint-Just-Malmont : les gendarmes arrivent petit \u00e0 petit, la future gendarmerie se dessine"},"content":{"rendered":"<p>\t\t\t\t\t\t\t\t\t\t\t\t\t\t\t\t\t\t\t\t\t\t\t\t\t\t\t\t\t\t\t\t\t\t\t\t\t\t\t\t\t\t\t\t\t\t<img decoding=\"async\" src=\"https:\/\/www.europesays.com\/fr\/wp-content\/uploads\/2025\/05\/LA_COMMERE_-_PAVE_-_600X600.jpg\" alt=\"Yssingeaux foire mai-juin 2025\"\/><\/p>\n<p>\t\t\t\t\t\t\t\t\t\t\t\t\t\t\t\t\t\t\t\t\t\t\t\t\t\t\t\t\t\t\t\t\t\t\t\t\t\t\t\t\t\t\t\t\t\t\t\t\t\t\t\t\t\t\t\t\t\t\t\t\t\t\t<a href=\"https:\/\/www.lacommere43.fr\/component\/banners\/click\/1775.html\" target=\"_blank\" title=\"Tence Rural Master mai 2025\" rel=\"nofollow noopener\"><br \/>\n\t\t\t\t\t\t\t<img decoding=\"async\" src=\"https:\/\/www.europesays.com\/fr\/wp-content\/uploads\/2025\/05\/rural2025-3.gif\" alt=\"Tence Rural Master mai 2025\"\/><br \/>\n\t\t\t\t\t\t<\/a><\/p>\n<p><strong>A Saint-Just-Malmont, le dossier de la future gendarmerie avance lentement mais s\u00fbrement. Les travaux de d\u00e9molition vont d\u00e9buter pour construire la caserne alors que la brigade s&rsquo;enrichit avec l&rsquo;arriv\u00e9e progressive de militaires.<\/strong><\/p>\n<p>L&rsquo;enseigne est pos\u00e9e dans les locaux provisoires mais le public n&rsquo;est pas encore accueilli dans le quartier du complexe sportif, dans un b\u00e2timent de l&rsquo;OPAC qui doit servir de gendarmerie provisoire en attendant la construction d&rsquo;une caserne neuve.<\/p>\n<p><strong>La d\u00e9molition commence<\/strong><\/p>\n<p>Cette caserne doit pousser \u00e0 l&#8217;emplacement de l&rsquo;ancienne usine Sodemetex, rachet\u00e9e par la communaut\u00e9 de communes. Une partie est gard\u00e9e et occup\u00e9e par les services techniques de la commune de Saint-Just, le reste doit \u00eatre d\u00e9moli pour construire des locaux administratifs et des habitations. Les engins sont attendus ce mercredi pour 18 semaines de chantier, soit jusqu&rsquo;\u00e0 fin juillet.<\/p>\n<p><strong>Vente \u00e0 l&rsquo;euro symbolique<\/strong><\/p>\n<p>La communaut\u00e9 de communes s&rsquo;occupe de d\u00e9molir avec 80 % d&rsquo;aides de l&rsquo;Etat via le Fonds Friche. Elle vendra ensuite \u00e0 l&rsquo;euro symbolique le t\u00e8nement pour permettre \u00e0 l&rsquo;OPAC de mener la construction de dix logements pour autant de gendarmes.<\/p>\n<p>Trois gendarmes ont \u00e9t\u00e9 nomm\u00e9s, ils sont pour l&rsquo;heure install\u00e9s \u00e0 la brigade de Saint-Didier-en-Velay.<\/p>\n<p><strong>Une clause ajout\u00e9e<\/strong><\/p>\n<p>Les \u00e9lus de Loire Sem\u00e8ne ont tout de m\u00eame ins\u00e9r\u00e9 une clause : obligation de b\u00e2tir cette gendarmerie avant le 31 d\u00e9cembre 2028. Si cette condition n&rsquo;est pas respect\u00e9e, l&rsquo;OPAC devra revendre le terrain \u00e0 la communaut\u00e9 de communes, toujours \u00e0 1 \u20ac symbolique.<\/p>\n<p>Pour l&rsquo;heure, le feu vert de la gendarmerie n&rsquo;est toujours pas donn\u00e9 : \u00ab\u00a0Il ne reste pas beaucoup de marches \u00e0 gravir. Le dossier est actuellement \u00e0 Matignon\u00a0\u00bb, indique Fr\u00e9d\u00e9ric Girodet, le pr\u00e9sident de la communaut\u00e9 de communes.<\/p>\n","protected":false},"excerpt":{"rendered":"A Saint-Just-Malmont, le dossier de la future gendarmerie avance lentement mais s\u00fbrement. Les travaux de d\u00e9molition vont d\u00e9buter&hellip;\n","protected":false},"author":2,"featured_media":135806,"comment_status":"","ping_status":"","sticky":false,"template":"","format":"standard","meta":{"footnotes":""},"categories":[9653],"tags":[1111,2281,11,2430,1777,674,2282,1011,27,2280,2284,2285,2283,12,25,4001],"class_list":{"0":"post-135805","1":"post","2":"type-post","3":"status-publish","4":"format-standard","5":"has-post-thumbnail","7":"category-saint-etienne","8":"tag-actu","9":"tag-actualite-43","10":"tag-actualites","11":"tag-auvergne-rhone-alpes","12":"tag-eu","13":"tag-europe","14":"tag-faits-divers-auvergne","15":"tag-fr","16":"tag-france","17":"tag-information-haute-loire","18":"tag-infos-43","19":"tag-journal-haute-loire","20":"tag-la-commere-43","21":"tag-news","22":"tag-republique-francaise","23":"tag-saint-etienne"},"share_on_mastodon":{"url":"https:\/\/pubeurope.com\/@fr\/114588785500998974","error":""},"_links":{"self":[{"href":"https:\/\/www.europesays.com\/fr\/wp-json\/wp\/v2\/posts\/135805","targetHints":{"allow":["GET"]}}],"collection":[{"href":"https:\/\/www.europesays.com\/fr\/wp-json\/wp\/v2\/posts"}],"about":[{"href":"https:\/\/www.europesays.com\/fr\/wp-json\/wp\/v2\/types\/post"}],"author":[{"embeddable":true,"href":"https:\/\/www.europesays.com\/fr\/wp-json\/wp\/v2\/users\/2"}],"replies":[{"embeddable":true,"href":"https:\/\/www.europesays.com\/fr\/wp-json\/wp\/v2\/comments?post=135805"}],"version-history":[{"count":0,"href":"https:\/\/www.europesays.com\/fr\/wp-json\/wp\/v2\/posts\/135805\/revisions"}],"wp:featuredmedia":[{"embeddable":true,"href":"https:\/\/www.europesays.com\/fr\/wp-json\/wp\/v2\/media\/135806"}],"wp:attachment":[{"href":"https:\/\/www.europesays.com\/fr\/wp-json\/wp\/v2\/media?parent=135805"}],"wp:term":[{"taxonomy":"category","embeddable":true,"href":"https:\/\/www.europesays.com\/fr\/wp-json\/wp\/v2\/categories?post=135805"},{"taxonomy":"post_tag","embeddable":true,"href":"https:\/\/www.europesays.com\/fr\/wp-json\/wp\/v2\/tags?post=135805"}],"curies":[{"name":"wp","href":"https:\/\/api.w.org\/{rel}","templated":true}]}}