{"id":135831,"date":"2025-05-29T02:50:15","date_gmt":"2025-05-29T02:50:15","guid":{"rendered":"https:\/\/www.europesays.com\/fr\/135831\/"},"modified":"2025-05-29T02:50:15","modified_gmt":"2025-05-29T02:50:15","slug":"jusqua-40c-en-espagne-les-alpes-maritimes-et-le-var-sont-ils-concernes-par-lepisode-de-chaleur-exceptionnel","status":"publish","type":"post","link":"https:\/\/www.europesays.com\/fr\/135831\/","title":{"rendered":"Jusqu&rsquo;\u00e0 40\u00b0C en Espagne: les Alpes-Maritimes et le Var sont-ils concern\u00e9s par l&rsquo;\u00e9pisode de chaleur exceptionnel?"},"content":{"rendered":"<p>L&rsquo;Espagne doit se pr\u00e9parer pour un <strong>\u00e9pisode de chaleur exceptionnel<\/strong> dans les prochains jours, avec des temp\u00e9ratures pouvant atteindre <strong>40\u00b0C<\/strong> dans le sud du pays, a averti mercredi l&rsquo;Agence nationale m\u00e9t\u00e9orologique (Aemet).<\/p>\n<p>\u00ab\u00a0Les journ\u00e9es du 29 mai au 1er juin pourraient \u00eatre les plus chaudes pour ces dates pr\u00e9cises<strong> depuis au moins 1950<\/strong>\u00ab\u00a0, a indiqu\u00e9 l&rsquo;Aemet sur le r\u00e9seau social X, \u00e9voquant \u00ab\u00a0des temp\u00e9ratures de 6 \u00e0 7\u00baC sup\u00e9rieures \u00e0 la normale pour la p\u00e9riode sur l&rsquo;ensemble de l&rsquo;Espagne\u00a0\u00bb.<\/p>\n<p>Ce ph\u00e9nom\u00e8ne, qui devrait se prolonger <strong>au moins jusqu&rsquo;\u00e0 dimanche<\/strong>, sera provoqu\u00e9 par \u00ab\u00a0l&rsquo;arriv\u00e9e d&rsquo;une masse d&rsquo;air tr\u00e8s chaud en provenance du nord de l&rsquo;Afrique\u00a0\u00bb, a pr\u00e9cis\u00e9 le porte-parole de l&rsquo;Aemet, Rub\u00e9n del Campo.<\/p>\n<p>La hausse des temp\u00e9ratures, qui pourraient atteindre des valeurs estivales, se fera sentir dans une grande partie du pays, et \u00ab\u00a0il y aura m\u00eame des zones o\u00f9 les temp\u00e9ratures maximales d\u00e9passeront de plus de 10\u00b0C les valeurs habituelles pour cette p\u00e9riode de l&rsquo;ann\u00e9e, surtout dans les zones du nord, de l&rsquo;est et du sud de la p\u00e9ninsule\u00a0\u00bb, a expliqu\u00e9 le porte-parole.<\/p>\n<p>\u00ab\u00a0Il n&rsquo;est pas \u00e0 exclure\u00a0\u00bb que durant ces jours, des <strong>records<\/strong> de temp\u00e9ratures maximales pour le mois de mai \u00ab\u00a0soient battus\u00a0\u00bb, a soulign\u00e9 Rub\u00e9n Del Campo.<\/p>\n<p>En Espagne, pays europ\u00e9en en <a href=\"https:\/\/www.nicematin.com\/a\/987637\" target=\"_blank\" rel=\"noopener nofollow\">premi\u00e8re ligne du changement climatique<\/a>, les trois derni\u00e8res ann\u00e9es ont \u00e9t\u00e9 les plus chaudes jamais enregistr\u00e9es, avec plusieurs vagues de chaleur et des records de temp\u00e9rature. L&rsquo;hiver dernier a aussi \u00e9t\u00e9 tr\u00e8s doux, le deuxi\u00e8me cons\u00e9cutif sans \u00ab\u00a0aucune vague de froid\u00a0\u00bb, selon l&rsquo;Aemet.<\/p>\n<p>                                <strong>Jusqu&rsquo;\u00e0 33\u00b0C dans le Var, 32\u00b0 dans les Alpes-Maritimes<\/strong><\/p>\n<p>Rassurez-vous, les valeurs n&rsquo;atteindront pas 40\u00b0C dans le sud-est de la France, m\u00eame si la chaleur sera quand m\u00eame pr\u00e9sente&#8230; et \u00e9touffante.\u00a0<\/p>\n<p>D\u00e8s ce jeudi 29 mai, le thermom\u00e8tre grimpera \u00e0<strong> 33\u00b0C dans le Var<\/strong>, dans le secteur de Barjols, et restera \u00e0 ce niveau jusqu&rsquo;\u00e0 dimanche inclus en <strong>Provence verte<\/strong>, ce qui repr\u00e9sente une hausse d&rsquo;environ 9\u00b0C par rapport aux normales de saison.\u00a0L&rsquo;air sera <strong>plus respirable sur le littoral<\/strong>, o\u00f9 les maximales oscilleront entre 25\u00b0C et 30\u00b0C.\u00a0<\/p>\n<p>Dans les Alpes-Maritimes voisines, le thermom\u00e8tre grimpera \u00e0 30\u00b0C dans le moyen et l&rsquo;arri\u00e8re-pays ce jeudi 29 mai, avant de grimper \u00e0 <strong>32\u00b0C \u00e0 Puget-Th\u00e9niers<\/strong> le lendemain, soit \u00e9galement 9\u00b0C au-dessus de la normale de saison. La chaleur sera moins puissante le long de la mer, o\u00f9 il fera entre 24\u00b0C et 27\u00b0C maximum.<\/p>\n<p>Le sud-ouest de la France, plus proche de l&rsquo;Espagne, sera forc\u00e9ment plus impact\u00e9. M\u00e9t\u00e9o-France pr\u00e9voit \u00ab\u00a0des pointes possibles \u00e0 36\u00b0C, des valeurs parfois in\u00e9dites pour un mois de mai\u00a0\u00bb.<\/p>\n<p>\u00c0 noter que les averses orageuses seront de retour ce dimanche au nord des Alpes-Maritimes et dans le Haut-Var.\u00a0<\/p>\n","protected":false},"excerpt":{"rendered":"L&rsquo;Espagne doit se pr\u00e9parer pour un \u00e9pisode de chaleur exceptionnel dans les prochains jours, avec des temp\u00e9ratures pouvant&hellip;\n","protected":false},"author":2,"featured_media":135832,"comment_status":"","ping_status":"","sticky":false,"template":"","format":"standard","meta":{"footnotes":""},"categories":[2819],"tags":[1111,11,1777,674,1011,27,2487,12,2401,882,25],"class_list":{"0":"post-135831","1":"post","2":"type-post","3":"status-publish","4":"format-standard","5":"has-post-thumbnail","7":"category-nice","8":"tag-actu","9":"tag-actualites","10":"tag-eu","11":"tag-europe","12":"tag-fr","13":"tag-france","14":"tag-meteo","15":"tag-news","16":"tag-nice","17":"tag-provence-alpes-cote-dazur","18":"tag-republique-francaise"},"share_on_mastodon":{"url":"https:\/\/pubeurope.com\/@fr\/114588852238743996","error":""},"_links":{"self":[{"href":"https:\/\/www.europesays.com\/fr\/wp-json\/wp\/v2\/posts\/135831","targetHints":{"allow":["GET"]}}],"collection":[{"href":"https:\/\/www.europesays.com\/fr\/wp-json\/wp\/v2\/posts"}],"about":[{"href":"https:\/\/www.europesays.com\/fr\/wp-json\/wp\/v2\/types\/post"}],"author":[{"embeddable":true,"href":"https:\/\/www.europesays.com\/fr\/wp-json\/wp\/v2\/users\/2"}],"replies":[{"embeddable":true,"href":"https:\/\/www.europesays.com\/fr\/wp-json\/wp\/v2\/comments?post=135831"}],"version-history":[{"count":0,"href":"https:\/\/www.europesays.com\/fr\/wp-json\/wp\/v2\/posts\/135831\/revisions"}],"wp:featuredmedia":[{"embeddable":true,"href":"https:\/\/www.europesays.com\/fr\/wp-json\/wp\/v2\/media\/135832"}],"wp:attachment":[{"href":"https:\/\/www.europesays.com\/fr\/wp-json\/wp\/v2\/media?parent=135831"}],"wp:term":[{"taxonomy":"category","embeddable":true,"href":"https:\/\/www.europesays.com\/fr\/wp-json\/wp\/v2\/categories?post=135831"},{"taxonomy":"post_tag","embeddable":true,"href":"https:\/\/www.europesays.com\/fr\/wp-json\/wp\/v2\/tags?post=135831"}],"curies":[{"name":"wp","href":"https:\/\/api.w.org\/{rel}","templated":true}]}}