{"id":135835,"date":"2025-05-29T02:53:15","date_gmt":"2025-05-29T02:53:15","guid":{"rendered":"https:\/\/www.europesays.com\/fr\/135835\/"},"modified":"2025-05-29T02:53:15","modified_gmt":"2025-05-29T02:53:15","slug":"hbc-nantes-la-demi-finale-de-la-ligue-des-champions-retransmise-en-direct-sport","status":"publish","type":"post","link":"https:\/\/www.europesays.com\/fr\/135835\/","title":{"rendered":"HBC Nantes. La demi-finale de la Ligue des champions retransmise en direct . Sport"},"content":{"rendered":"<p>Ce n\u2019est pas parce que cela se passe \u00e0 plus de 800\u00a0km de Nantes qu\u2019il faut passer \u00e0 c\u00f4t\u00e9. Pour la troisi\u00e8me fois de son histoire, le <a href=\"https:\/\/www.ouest-france.fr\/sport\/handball\/hbc-nantes\/\" target=\"_self\" rel=\"noopener\">HBC Nantes<\/a> s\u2019est qualifi\u00e9 au Final Four de la Ligue des champions. La rencontre se d\u00e9roule \u00e0 Cologne (Allemagne), samedi 14\u00a0juin 2025. <a href=\"https:\/\/nantes.maville.com\/sport\/detail_-handball.-le-hbc-nantes-s-est-saborde-a-aix-_52716-6823479_actu.Htm\" target=\"_self\" rel=\"noopener\">Le club nantais<\/a> affronte cette ann\u00e9e Berlin.<\/p>\n<p><strong>\u00c0 LIRE AUSSI.<\/strong>\u00a0<a href=\"https:\/\/nantes.maville.com\/sport\/detail_-handball.-rok-ovnicek-prolonge-trois-ans-au-hbc-nantes-_52716-6825773_actu.Htm\" target=\"_self\" rel=\"noopener\">Handball. \u00ab\u00a0Je suis tr\u00e8s fier\u00a0\u00bb\u00a0: ce joueur prolonge trois ans au HBC Nantes<\/a><\/p>\n<p>Pour marquer le \u00a0parcours exceptionnel\u00a0 des joueurs du HBC Nantes et permettre au plus grand nombre de les supporter, le match sera diffus\u00e9 en direct sur des grands \u00e9crans \u00e0 la H Arena, au palais des sports de Beaulieu, \u00e0 Nantes.<\/p>\n<p>Gratuit<\/p>\n<p>\u00a0Gratuit, mais un billet est obligatoire\u00a0, pr\u00e9viennent Nantes M\u00e9tropole et le HBC Nantes. La billetterie pour la r\u00e9servation des places est d\u2019ores et d\u00e9j\u00e0 mise en ligne sur le site (billetterie.hbcnantes.com). Les supporters pourront venir une heure avant le d\u00e9but du match (\u00e0 14\u00a0heures le samedi, et \u00e0 17\u00a0heures le dimanche).<\/p>\n<p><strong>\u00c0 LIRE AUSSI.<\/strong> <a href=\"https:\/\/nantes.maville.com\/sport\/detail_-handball.-le-hbc-nantes-etrenne-son-nouveau-maillot-ce-vendredi-30-mai-face-a-cesson-_52716-6829498_actu.Htm\" target=\"_self\" rel=\"noopener\">Handball. Le HBC Nantes \u00e9trenne son nouveau maillot ce vendredi 30 mai face \u00e0 Cesson<\/a><\/p>\n<p>La finale en direct<\/p>\n<p>Une retransmission de la finale est pr\u00e9vue le dimanche 15\u00a0juin si le H parvient \u00e0 se qualifier le samedi. Le billet sera valable pour les deux jours.<\/p>\n<p>\u00a0<\/p>\n","protected":false},"excerpt":{"rendered":"Ce n\u2019est pas parce que cela se passe \u00e0 plus de 800\u00a0km de Nantes qu\u2019il faut passer \u00e0&hellip;\n","protected":false},"author":2,"featured_media":135836,"comment_status":"","ping_status":"","sticky":false,"template":"","format":"standard","meta":{"footnotes":""},"categories":[2818],"tags":[1111,11,3809,1465,1777,674,63,1011,27,1792,1922,766,12,2636,25,479,517,1470],"class_list":{"0":"post-135835","1":"post","2":"type-post","3":"status-publish","4":"format-standard","5":"has-post-thumbnail","7":"category-nantes","8":"tag-actu","9":"tag-actualites","10":"tag-ball","11":"tag-basket","12":"tag-eu","13":"tag-europe","14":"tag-football","15":"tag-fr","16":"tag-france","17":"tag-handball","18":"tag-info","19":"tag-nantes","20":"tag-news","21":"tag-pays-de-la-loire","22":"tag-republique-francaise","23":"tag-rugby","24":"tag-sport","25":"tag-volley"},"share_on_mastodon":{"url":"https:\/\/pubeurope.com\/@fr\/114588864090254505","error":""},"_links":{"self":[{"href":"https:\/\/www.europesays.com\/fr\/wp-json\/wp\/v2\/posts\/135835","targetHints":{"allow":["GET"]}}],"collection":[{"href":"https:\/\/www.europesays.com\/fr\/wp-json\/wp\/v2\/posts"}],"about":[{"href":"https:\/\/www.europesays.com\/fr\/wp-json\/wp\/v2\/types\/post"}],"author":[{"embeddable":true,"href":"https:\/\/www.europesays.com\/fr\/wp-json\/wp\/v2\/users\/2"}],"replies":[{"embeddable":true,"href":"https:\/\/www.europesays.com\/fr\/wp-json\/wp\/v2\/comments?post=135835"}],"version-history":[{"count":0,"href":"https:\/\/www.europesays.com\/fr\/wp-json\/wp\/v2\/posts\/135835\/revisions"}],"wp:featuredmedia":[{"embeddable":true,"href":"https:\/\/www.europesays.com\/fr\/wp-json\/wp\/v2\/media\/135836"}],"wp:attachment":[{"href":"https:\/\/www.europesays.com\/fr\/wp-json\/wp\/v2\/media?parent=135835"}],"wp:term":[{"taxonomy":"category","embeddable":true,"href":"https:\/\/www.europesays.com\/fr\/wp-json\/wp\/v2\/categories?post=135835"},{"taxonomy":"post_tag","embeddable":true,"href":"https:\/\/www.europesays.com\/fr\/wp-json\/wp\/v2\/tags?post=135835"}],"curies":[{"name":"wp","href":"https:\/\/api.w.org\/{rel}","templated":true}]}}