{"id":135848,"date":"2025-05-29T03:01:10","date_gmt":"2025-05-29T03:01:10","guid":{"rendered":"https:\/\/www.europesays.com\/fr\/135848\/"},"modified":"2025-05-29T03:01:10","modified_gmt":"2025-05-29T03:01:10","slug":"un-ambulancier-condamne-pour-avoir-escroque-26-millions-deuros-a-la-secu-2","status":"publish","type":"post","link":"https:\/\/www.europesays.com\/fr\/135848\/","title":{"rendered":"Un ambulancier condamn\u00e9 pour avoir escroqu\u00e9 2,6\u00a0millions d\u2019euros \u00e0 la S\u00e9cu"},"content":{"rendered":"<p>A G\u00e9menos, dans les <a href=\"https:\/\/www.20minutes.fr\/dossier\/bouches-rhone\" target=\"_blank\" class=\"color-ultramarine c-link\" rel=\"noopener\">Bouches-du-Rh\u00f4ne<\/a>, un ambulancier de 44 ans a \u00e9t\u00e9 condamn\u00e9 mercredi par le tribunal correctionnel de <a href=\"https:\/\/www.20minutes.fr\/marseille\/\" target=\"_blank\" class=\"color-ultramarine c-link\" rel=\"noopener\">Marseille<\/a> \u00e0 quatre ans de prison, dont un avec sursis probatoire, pour avoir escroqu\u00e9 la <a href=\"https:\/\/www.20minutes.fr\/dossier\/securite_sociale\" target=\"_blank\" class=\"color-ultramarine c-link\" rel=\"noopener\">S\u00e9curit\u00e9 sociale<\/a> \u00e0 hauteur de plus de 1,7\u00a0million d\u2019euros. Il devra \u00e9galement s\u2019acquitter d\u2019une amende de 10.000 euros. A la t\u00eate de la soci\u00e9t\u00e9 GEM <a href=\"https:\/\/www.20minutes.fr\/dossier\/ambulance\" target=\"_blank\" class=\"color-ultramarine c-link\" rel=\"noopener\">Ambulances<\/a>, l\u2019homme avait transmis entre janvier\u00a02016 et octobre\u00a02023 des milliers de fausses factures \u00e0 trois caisses d\u2019assurance maladie.<\/p>\n<p>Selon ses propres aveux, ces transports fictifs repr\u00e9sentaient entre 20 et 30\u00a0% de l\u2019activit\u00e9 de son entreprise. Les organismes sociaux l\u00e9s\u00e9s (les <a href=\"https:\/\/www.20minutes.fr\/dossier\/cpam\" target=\"_blank\" class=\"color-ultramarine c-link\" rel=\"noopener\">CPAM<\/a> des Bouches-du-Rh\u00f4ne et des Hauts-de-Seine et la caisse de pr\u00e9voyance et de retraite ferroviaire) ont chiffr\u00e9 leurs demandes \u00e0 2,6\u00a0millions d\u2019euros. Le pr\u00e9venu devra verser, avec sa compagne, une provision de 200.000 euros r\u00e9partie entre les trois organismes.<\/p>\n<p>Une premi\u00e8re condamnation en\u00a02012<\/p>\n<p>D\u00e9j\u00e0 condamn\u00e9 en\u00a02012 pour une <a href=\"https:\/\/www.20minutes.fr\/dossier\/fraude\" target=\"_blank\" class=\"color-ultramarine c-link\" rel=\"noopener\">fraude<\/a> similaire de 280.000 euros, le pr\u00e9venu avait contourn\u00e9 son interdiction de g\u00e9rer une entreprise en pla\u00e7ant deux hommes de paille \u00e0 la t\u00eate de ses soci\u00e9t\u00e9s\u00a0: son fr\u00e8re et un ami. Ces deux derniers ont \u00e9t\u00e9 condamn\u00e9s chacun \u00e0 un an de prison avec sursis.<\/p>\n<\/p>\n<p>Mais cette nouvelle affaire d\u00e9passe de loin le cadre d\u2019une fraude administrative. <a href=\"https:\/\/www.20minutes.fr\/dossier\/detournement\" target=\"_blank\" class=\"color-ultramarine c-link\" rel=\"noopener\">L\u2019argent d\u00e9tourn\u00e9<\/a> aurait permis la construction, sans permis et sur des terrains agricoles ne lui appartenant pas, d\u2019un vaste b\u00e2timent de 3.800 m2 dans la commune de G\u00e9menos. Qualifi\u00e9e de v\u00e9ritable \u00ab\u00a0forteresse\u00a0\u00bb, la demeure comprenait une trappe dissimul\u00e9e dans un dressing menant \u00e0 un sous-sol, o\u00f9 sept motos ont \u00e9t\u00e9 d\u00e9couvertes par les enqu\u00eateurs. Le tribunal l\u2019a aussi condamn\u00e9 pour des infractions au code de l\u2019urbanisme.<\/p>\n<p>Un train de vie digne d\u2019un millionnaire<\/p>\n<p>Le style de vie du couple, largement financ\u00e9 par l\u2019escroquerie, tranchait avec la discr\u00e9tion attendue d\u2019un professionnel de sant\u00e9\u00a0: s\u00e9jours \u00e0 <a href=\"https:\/\/www.20minutes.fr\/dossier\/monaco\" target=\"_blank\" class=\"color-ultramarine c-link\" rel=\"noopener\">Monaco<\/a>, vacances \u00e0 <a href=\"https:\/\/www.20minutes.fr\/dossier\/dubai\" target=\"_blank\" class=\"color-ultramarine c-link\" rel=\"noopener\">Duba\u00ef<\/a>, objets de luxe et restaurants \u00e9toil\u00e9s. La compagne du pr\u00e9venu, qualifi\u00e9e de \u00ab\u00a0petite main de la fausse facturation\u00a0\u00bb par la procureure, a \u00e9t\u00e9 condamn\u00e9e \u00e0 deux ans de prison avec sursis et 5.000 euros d\u2019amende. Elle a affirm\u00e9 ne pas avoir eu connaissance des ant\u00e9c\u00e9dents judiciaires de son compagnon.<\/p>\n<p><a href=\"https:\/\/www.20minutes.fr\/dossier\/fraude\" target=\"_blank\" class=\"c-link c-btn c-btn--primary\" rel=\"noopener\">Notre dossier sur la fraude<\/a><\/p>\n<p>A l\u2019audience, l\u2019ambulancier s\u2019est montr\u00e9 repentant. \u00ab\u00a0Je voulais avancer, donner un cadre de vie \u00e0 tout le monde\u00a0\u00bb, a-t-il d\u00e9clar\u00e9. Durant l\u2019instruction, il avait reconnu avoir \u00ab\u00a0compl\u00e8tement d\u00e9raill\u00e9\u00a0\u00bb. Un expert psychiatre a d\u00e9crit un homme bless\u00e9, en qu\u00eate de reconnaissance\u00a0: \u00ab\u00a0Il reconna\u00eet aimer l\u2019argent, ses blessures narcissiques devant \u00eatre combl\u00e9es par une r\u00e9ussite sociale.\u00a0\u00bb Son avocat, Me Thomas Hugues, a d\u00e9fendu une peine utile\u00a0: \u00ab\u00a0La d\u00e9tention a \u00e9t\u00e9 pour lui un \u00e9lectrochoc. La meilleure peine, c\u2019est de le faire travailler pour qu\u2019il rembourse ce qu\u2019il doit \u00e0 la soci\u00e9t\u00e9.\u00a0\u00bb<\/p>\n","protected":false},"excerpt":{"rendered":"A G\u00e9menos, dans les Bouches-du-Rh\u00f4ne, un ambulancier de 44 ans a \u00e9t\u00e9 condamn\u00e9 mercredi par le tribunal correctionnel&hellip;\n","protected":false},"author":2,"featured_media":135849,"comment_status":"","ping_status":"","sticky":false,"template":"","format":"standard","meta":{"footnotes":""},"categories":[2814],"tags":[1111,47,11,13104,3514,885,13431,1777,674,1011,27,1006,303,884,12,883,806,882,25,731],"class_list":{"0":"post-135848","1":"post","2":"type-post","3":"status-publish","4":"format-standard","5":"has-post-thumbnail","7":"category-marseille","8":"tag-actu","9":"tag-actualite","10":"tag-actualites","11":"tag-ambulance","12":"tag-arnaque","13":"tag-bouches-du-rhone","14":"tag-cpam","15":"tag-eu","16":"tag-europe","17":"tag-fr","18":"tag-france","19":"tag-fraude","20":"tag-justice","21":"tag-marseille","22":"tag-news","23":"tag-paca","24":"tag-prison","25":"tag-provence-alpes-cote-dazur","26":"tag-republique-francaise","27":"tag-securite-sociale"},"share_on_mastodon":{"url":"https:\/\/pubeurope.com\/@fr\/114588895453287344","error":""},"_links":{"self":[{"href":"https:\/\/www.europesays.com\/fr\/wp-json\/wp\/v2\/posts\/135848","targetHints":{"allow":["GET"]}}],"collection":[{"href":"https:\/\/www.europesays.com\/fr\/wp-json\/wp\/v2\/posts"}],"about":[{"href":"https:\/\/www.europesays.com\/fr\/wp-json\/wp\/v2\/types\/post"}],"author":[{"embeddable":true,"href":"https:\/\/www.europesays.com\/fr\/wp-json\/wp\/v2\/users\/2"}],"replies":[{"embeddable":true,"href":"https:\/\/www.europesays.com\/fr\/wp-json\/wp\/v2\/comments?post=135848"}],"version-history":[{"count":0,"href":"https:\/\/www.europesays.com\/fr\/wp-json\/wp\/v2\/posts\/135848\/revisions"}],"wp:featuredmedia":[{"embeddable":true,"href":"https:\/\/www.europesays.com\/fr\/wp-json\/wp\/v2\/media\/135849"}],"wp:attachment":[{"href":"https:\/\/www.europesays.com\/fr\/wp-json\/wp\/v2\/media?parent=135848"}],"wp:term":[{"taxonomy":"category","embeddable":true,"href":"https:\/\/www.europesays.com\/fr\/wp-json\/wp\/v2\/categories?post=135848"},{"taxonomy":"post_tag","embeddable":true,"href":"https:\/\/www.europesays.com\/fr\/wp-json\/wp\/v2\/tags?post=135848"}],"curies":[{"name":"wp","href":"https:\/\/api.w.org\/{rel}","templated":true}]}}