{"id":135850,"date":"2025-05-29T03:02:20","date_gmt":"2025-05-29T03:02:20","guid":{"rendered":"https:\/\/www.europesays.com\/fr\/135850\/"},"modified":"2025-05-29T03:02:20","modified_gmt":"2025-05-29T03:02:20","slug":"lyon-une-nouvelle-ecluse-imaginee-par-la-mairie-ecologiste-pour-congestionner-la-circulation","status":"publish","type":"post","link":"https:\/\/www.europesays.com\/fr\/135850\/","title":{"rendered":"Lyon. Une nouvelle \u00e9cluse imagin\u00e9e par la mairie \u00e9cologiste pour congestionner la circulation"},"content":{"rendered":"<p>\t\t\t\t<img fetchpriority=\"high\" decoding=\"async\" width=\"900\" height=\"608\" src=\"https:\/\/www.europesays.com\/fr\/wp-content\/uploads\/2025\/05\/01-Quai-Pierre-Scize.jpg\" alt=\"\" title=\"01 Quai Pierre Scize\"   class=\"wp-image-160047\"\/><\/p>\n<p>L&rsquo;am\u00e9nagement complexifie la vie des conducteurs TCL autant que celle des automobilistes. Photos \u00a9 Lyon People<\/p>\n<p style=\"font-weight: 400;\"><strong>Texte\u00a0: Morgan Couturier \u2013<\/strong> Alors que les \u00e9cologistes m\u00e8nent jusqu\u2019\u00e0 cet \u00e9t\u00e9 des travaux d\u2019am\u00e9nagement sur le quai Pierre Scize, le chantier laisse d\u00e9j\u00e0 appara\u00eetre une \u00e9cluse au niveau de la passerelle de l\u2019Homme de la Roche. Si les cyclistes b\u00e9n\u00e9ficiaient d\u00e9j\u00e0 d\u2019une confortable piste cyclable, la r\u00e9fection de la voirie et l\u2019installation d\u2019un nouvel arr\u00eat de bus font d\u00e9j\u00e0 na\u00eetre un risque d\u2019accrochage entre les v\u00e9hicules TCL et les automobilistes.<\/p>\n<p style=\"font-weight: 400;\">Le d\u00e9corum est bien connu sur place, tel un mauvais remix du Poin\u00e7onneur des Lilas\u00a0: des grands trous, des grands trous, encore des grands trous. Mais aussi et surtout de grands travaux, alors qu\u2019une quarantaine de places de stationnement ont d\u00e9j\u00e0 disparu au profit des barri\u00e8res et des engins de chantier.<\/p>\n<p><a href=\"https:\/\/www.lyonpeople.com\/actualites-lyon\/actualites-politiques\/lyon-quai-pierre-scize-letrange-ecluse-imaginee-par-la-mairie-2025-05-28.html\/attachment\/03-ecluse-quai-pierre-scize\" rel=\"attachment wp-att-160048 noopener\" target=\"_blank\"><img loading=\"lazy\" decoding=\"async\" aria-describedby=\"caption-attachment-160048\" class=\"size-full wp-image-160048\" src=\"data:image\/svg+xml,%3Csvg%20xmlns=\" http:=\"\" alt=\"\" width=\"900\" height=\"621\" data-lazy- data-lazy- data-lazy-src=\"https:\/\/www.europesays.com\/fr\/wp-content\/uploads\/2025\/05\/03-ecluse-quai-Pierre-Scize.jpg\"\/><\/a><\/p>\n<p id=\"caption-attachment-160048\" class=\"wp-caption-text\">L\u2019arr\u00eat de bus dans sa version actuelle, oblige les bus \u00e0 se rabattre sur les voitures.<\/p>\n<p style=\"font-weight: 400;\">Et si la place accord\u00e9e aux automobilistes est une nouvelle fois r\u00e9duite, emprunter le quai Pierre Scize en direction de Vaise laisse entrevoir un \u00e9trange am\u00e9nagement. En effet, au niveau de la passerelle de l\u2019Homme de la Roche et de la boulangerie-p\u00e2tisserie Maison Pochat, la M\u00e9tropole de Lyon, avec la complicit\u00e9 de la Ville de Lyon, a d\u00e9cid\u00e9 de b\u00e2tir une \u00e9cluse en aval de l\u2019arr\u00eat de bus desservi par les lignes C14, 19, 31 et 40.<\/p>\n<p style=\"font-weight: 400;\">Alors que les voitures et les bus circulaient jusqu\u2019alors en harmonie (une voie chacun, voir ci-dessous), la municipalit\u00e9 a d\u00e9lib\u00e9r\u00e9ment d\u00e9cid\u00e9 de perturber la circulation. En effet, les bus, apr\u00e8s s\u2019\u00eatre arr\u00eat\u00e9s, sont d\u00e9sormais contraints de se rabattre sur la voie d\u00e9di\u00e9e autrefois aux voitures.<\/p>\n<\/p>\n<p><strong>Des voitures bient\u00f4t bloqu\u00e9es derri\u00e8re les bus\u00a0?<\/strong><\/p>\n<p style=\"font-weight: 400;\">Le r\u00e9sultat n\u2019est gu\u00e8re rassurant pour les protagonistes. Si certains chauffeurs de bus et conducteurs mettent du leur pour \u00e9viter l\u2019accrochage, d\u2019autres sont plus aptes \u00e0 montrer les muscles et \u00e0 s\u2019engager de force. Ce fut le cas d\u2019un conducteur TCL de la ligne 31, qui n\u2019ayant pas pris le soin de regarder ses angles morts, a failli accrocher la voiture venant sur sa gauche.<\/p>\n<p><a href=\"https:\/\/www.lyonpeople.com\/actualites-lyon\/actualites-politiques\/lyon-quai-pierre-scize-letrange-ecluse-imaginee-par-la-mairie-2025-05-28.html\/attachment\/img_5238-2\" rel=\"attachment wp-att-160051 noopener\" target=\"_blank\"><img loading=\"lazy\" decoding=\"async\" aria-describedby=\"caption-attachment-160051\" class=\"size-full wp-image-160051\" src=\"data:image\/svg+xml,%3Csvg%20xmlns=\" http:=\"\" alt=\"\" width=\"900\" height=\"584\" data-lazy- data-lazy- data-lazy-src=\"https:\/\/www.europesays.com\/fr\/wp-content\/uploads\/2025\/05\/IMG_5238-1.jpg\"\/><\/a><\/p>\n<p id=\"caption-attachment-160051\" class=\"wp-caption-text\">Avec l\u2019installation d\u2019un panneau vou\u00e9 \u00e0 indiquer les horaires, l\u2019arr\u00eat de bus pourrait rapidement \u00eatre d\u00e9plac\u00e9 \u00e0-m\u00eame l\u2019\u00e9cluse.<\/p>\n<p style=\"font-weight: 400;\">S\u2019il est vrai n\u00e9anmoins que l\u2019arr\u00eat actuel est provisoire, \u00e0 en juger de la signal\u00e9tique, la suite pourrait s\u2019av\u00e9rer moins dangereuse, mais bien plus p\u00e9nible pour les automobilistes. \u00c0 m\u00eame l\u2019\u00e9cluse, l\u2019installation laisse appara\u00eetre un panneau d\u2019affichage sur les horaires de passage (ci-dessus).<\/p>\n<p style=\"font-weight: 400;\">Ces derniers \u00e9tant g\u00e9n\u00e9ralement install\u00e9s tout proche de l\u2019arr\u00eat de bus, tout porte \u00e0 croire que celui-ci sera d\u00e9plac\u00e9 sur l\u2019\u00e9cluse. En d\u2019autres termes, devant la chauss\u00e9e d\u00e9di\u00e9e aux voitures, lesquelles devront n\u00e9cessairement patienter en cas de mont\u00e9es ou de descentes de passagers.<\/p>\n<p><a href=\"https:\/\/www.lyonpeople.com\/actualites-lyon\/actualites-politiques\/lyon-quai-pierre-scize-letrange-ecluse-imaginee-par-la-mairie-2025-05-28.html\/attachment\/img_5213-2\" rel=\"attachment wp-att-160052 noopener\" target=\"_blank\"><img loading=\"lazy\" decoding=\"async\" aria-describedby=\"caption-attachment-160052\" class=\"size-full wp-image-160052\" src=\"data:image\/svg+xml,%3Csvg%20xmlns=\" http:=\"\" alt=\"\" width=\"900\" height=\"675\" data-lazy- data-lazy- data-lazy-src=\"https:\/\/www.europesays.com\/fr\/wp-content\/uploads\/2025\/05\/IMG_5213.jpg\"\/><\/a><\/p>\n<p id=\"caption-attachment-160052\" class=\"wp-caption-text\">Plus haut sur le quai, m\u00eame la boutique d\u00e9di\u00e9e aux v\u00e9los, V\u00e9lo Station, est dissimul\u00e9e derri\u00e8re le chantier.<\/p>\n<p style=\"font-weight: 400;\">Un joyeux micmac dont on peine \u00e0 comprendre l\u2019utilit\u00e9, tant le quai permettait jusqu\u2019alors, un partage \u00e9quitable de la voirie pour les diff\u00e9rents modes de d\u00e9placement. H\u00e9las, l\u2019agrandissement de la piste cyclable, d\u00e9j\u00e0 \u00e0 double voie, est venu perturber cette harmonie. Au grand dam des automobilistes\u2026<\/p>\n<p><a href=\"https:\/\/www.lyonpeople.com\/actualites-lyon\/actualites-politiques\/lyon-quai-pierre-scize-letrange-ecluse-imaginee-par-la-mairie-2025-05-28.html\/attachment\/des-cyclistes-empruntent-le-trottoir-dedie-aux-pietons\" rel=\"attachment wp-att-160053 noopener\" target=\"_blank\"><img loading=\"lazy\" decoding=\"async\" aria-describedby=\"caption-attachment-160053\" class=\"size-full wp-image-160053\" src=\"data:image\/svg+xml,%3Csvg%20xmlns=\" http:=\"\" alt=\"\" width=\"900\" height=\"586\" data-lazy- data-lazy- data-lazy-src=\"https:\/\/www.europesays.com\/fr\/wp-content\/uploads\/2025\/05\/Des-cyclistes-empruntent-le-trottoir-dedie-aux-pietons.jpg\"\/><\/a><\/p>\n<p id=\"caption-attachment-160053\" class=\"wp-caption-text\">Alors que les pi\u00e9tons sont pri\u00e9s de changer de trottoir pour laisser la place aux cyclistes, certains d\u2019entre eux trouvent quand m\u00eame le moyen d\u2019emprunter le trottoir\u2026<\/p>\n<p>\u00a0<\/p>\n<p><a href=\"https:\/\/www.lyonpeople.com\/actualites-lyon\/actualites-politiques\/lyon-quai-pierre-scize-letrange-ecluse-imaginee-par-la-mairie-2025-05-28.html\/attachment\/20250408_141553\" rel=\"attachment wp-att-160062 noopener\" target=\"_blank\"><img loading=\"lazy\" decoding=\"async\" aria-describedby=\"caption-attachment-160062\" class=\"size-full wp-image-160062\" src=\"data:image\/svg+xml,%3Csvg%20xmlns=\" http:=\"\" alt=\"\" width=\"900\" height=\"550\" data-lazy- data-lazy- data-lazy-src=\"https:\/\/www.europesays.com\/fr\/wp-content\/uploads\/2025\/05\/20250408_141553.jpg\"\/><\/a><\/p>\n<p id=\"caption-attachment-160062\" class=\"wp-caption-text\">L\u2019arr\u00eat de bus pr\u00e9c\u00e9dent pose d\u00e9j\u00e0 probl\u00e8me. Un de nos lecteurs nous avertit : \u00ab\u00a0si je suis, une personne \u00e2g\u00e9e, handicap\u00e9e, ou si j\u2019ai une poussette \u2026 comment puis je-atteindre l\u2019arr\u00eat de bus ?\u00a0\u00bb<\/p>\n","protected":false},"excerpt":{"rendered":"L&rsquo;am\u00e9nagement complexifie la vie des conducteurs TCL autant que celle des automobilistes. Photos \u00a9 Lyon People Texte\u00a0: Morgan&hellip;\n","protected":false},"author":2,"featured_media":135851,"comment_status":"","ping_status":"","sticky":false,"template":"","format":"standard","meta":{"footnotes":""},"categories":[1889],"tags":[4257,1111,47,11,2430,1777,674,1011,27,2428,12,26169,25,3291],"class_list":{"0":"post-135850","1":"post","2":"type-post","3":"status-publish","4":"format-standard","5":"has-post-thumbnail","7":"category-lyon","8":"tag-0top","9":"tag-actu","10":"tag-actualite","11":"tag-actualites","12":"tag-auvergne-rhone-alpes","13":"tag-eu","14":"tag-europe","15":"tag-fr","16":"tag-france","17":"tag-lyon","18":"tag-news","19":"tag-quai-pierre-scize","20":"tag-republique-francaise","21":"tag-ville-de-lyon"},"share_on_mastodon":{"url":"https:\/\/pubeurope.com\/@fr\/114588899603925046","error":""},"_links":{"self":[{"href":"https:\/\/www.europesays.com\/fr\/wp-json\/wp\/v2\/posts\/135850","targetHints":{"allow":["GET"]}}],"collection":[{"href":"https:\/\/www.europesays.com\/fr\/wp-json\/wp\/v2\/posts"}],"about":[{"href":"https:\/\/www.europesays.com\/fr\/wp-json\/wp\/v2\/types\/post"}],"author":[{"embeddable":true,"href":"https:\/\/www.europesays.com\/fr\/wp-json\/wp\/v2\/users\/2"}],"replies":[{"embeddable":true,"href":"https:\/\/www.europesays.com\/fr\/wp-json\/wp\/v2\/comments?post=135850"}],"version-history":[{"count":0,"href":"https:\/\/www.europesays.com\/fr\/wp-json\/wp\/v2\/posts\/135850\/revisions"}],"wp:featuredmedia":[{"embeddable":true,"href":"https:\/\/www.europesays.com\/fr\/wp-json\/wp\/v2\/media\/135851"}],"wp:attachment":[{"href":"https:\/\/www.europesays.com\/fr\/wp-json\/wp\/v2\/media?parent=135850"}],"wp:term":[{"taxonomy":"category","embeddable":true,"href":"https:\/\/www.europesays.com\/fr\/wp-json\/wp\/v2\/categories?post=135850"},{"taxonomy":"post_tag","embeddable":true,"href":"https:\/\/www.europesays.com\/fr\/wp-json\/wp\/v2\/tags?post=135850"}],"curies":[{"name":"wp","href":"https:\/\/api.w.org\/{rel}","templated":true}]}}