{"id":135852,"date":"2025-05-29T03:03:21","date_gmt":"2025-05-29T03:03:21","guid":{"rendered":"https:\/\/www.europesays.com\/fr\/135852\/"},"modified":"2025-05-29T03:03:21","modified_gmt":"2025-05-29T03:03:21","slug":"la-police-mene-une-operation-massive","status":"publish","type":"post","link":"https:\/\/www.europesays.com\/fr\/135852\/","title":{"rendered":"la police m\u00e8ne une op\u00e9ration massive"},"content":{"rendered":"<p>            Par<br \/>\n        <strong><br \/>\n            <a href=\"https:\/\/actu.fr\/auteur\/julien-damboise\" title=\"Consulter tous les articles de Julien Damboise\" rel=\"nofollow noopener\" target=\"_blank\">Julien Damboise<\/a><br \/>\n        <\/strong><\/p>\n<p>        Publi\u00e9 le<\/p>\n<p>            28 mai 2025 \u00e0 17h35        <\/p>\n<p>Des dizaines d\u2019agents ont \u00e9t\u00e9 envoy\u00e9s sur le terrain, dans le quartier de la Guilloti\u00e8re \u00e0 <a href=\"https:\/\/actu.fr\/auvergne-rhone-alpes\/lyon_69123\" rel=\"nofollow noopener\" target=\"_blank\">Lyon<\/a>, pour mener une<strong> op\u00e9ration de contr\u00f4les<\/strong> d\u2019identit\u00e9 et de fouilles ce mardi 27 mai 2025. Le secteur a \u00e9t\u00e9 marqu\u00e9 par <strong>deux graves agressions<\/strong> qui ont fait trois bless\u00e9s, dont deux pris en charge entre la vie et la mort, le week-end dernier.<\/p>\n<p>Des forces bien visibles<\/p>\n<p class=\" wall-content\">D\u00e8s 17 h 30, plusieurs endroits fr\u00e9quent\u00e9s comme la place Gabriel-P\u00e9ri et la place Mazagran ont \u00e9t\u00e9 cibl\u00e9s par des effectifs de CRS, <a href=\"https:\/\/actu.fr\/auvergne-rhone-alpes\/venissieux_69259\/pres-de-lyon-un-policier-se-fait-foncer-dessus-lors-d-un-refus-d-obtemperer-et-finit-blesse_62071015.html\" rel=\"nofollow noopener\" target=\"_blank\">BST<\/a> ou encore de la brigade anticriminalit\u00e9.<\/p>\n<p class=\" wall-content\">Dans le quartier \u00e0 cheval entre les 3e et 7e arrondissements, certains ont rapidement attir\u00e9 la curiosit\u00e9 des agents, comme un<strong> vendeur \u00e0 la sauvette<\/strong> qui a install\u00e9 son stand de fortune \u00e0 m\u00eame le sol juste derri\u00e8re l\u2019arr\u00eat de tramway devant le <a href=\"https:\/\/actu.fr\/tag\/mcdonald-s\" rel=\"nofollow noopener\" target=\"_blank\">McDonald\u2019s<\/a>. Il a rapidement \u00e9t\u00e9 d\u00e9gag\u00e9 et puni d\u2019une amende de plusieurs centaines d\u2019euros.<\/p>\n<p>    <img   decoding=\"async\" loading=\"lazy\" src=\"https:\/\/www.europesays.com\/fr\/wp-content\/uploads\/2025\/05\/police-guillotiere-lyon-tramway-960x640.png\" alt=\"Un vendeur \u00e0 la sauvette est verbalis\u00e9 lors d'une importante op\u00e9ration de police mardi 27 mai 2025 dans le quartier de la Guilloti\u00e8re \u00e0 Lyon.\" width=\"960\" height=\"640\"\/><br \/>\n    Un vendeur \u00e0 la sauvette est verbalis\u00e9 lors d\u2019une importante op\u00e9ration de police mardi 27 mai 2025 dans le quartier de la Guilloti\u00e8re \u00e0 Lyon. (\u00a9JD \/ actu Lyon)<\/p>\n<p class=\" wall-content\">Simultan\u00e9ment, c\u2019est au pied du Clip que de jeunes hommes sont fouill\u00e9s. Les agents suspectaient la pr\u00e9sence de cigarettes de contrebande ou de stup\u00e9fiants. Ils n\u2019ont finalement <strong>rien trouv\u00e9<\/strong>.<\/p>\n<p>\u00ab\u00a0Pas tant de couteaux\u00a0\u00bb<\/p>\n<p class=\" wall-content\">L\u2019intervention massive arrive apr\u00e8s un week-end tr\u00e8s compliqu\u00e9 dans le secteur : un homme <a href=\"https:\/\/actu.fr\/auvergne-rhone-alpes\/lyon_69123\/lyon-drame-dans-le-metro-tcl-un-homme-entre-la-vie-et-la-mort-apres-une-agression_62685627.html\" rel=\"nofollow noopener\" target=\"_blank\">entre la vie et la mort<\/a> apr\u00e8s avoir \u00e9t\u00e9 <strong>poignard\u00e9<\/strong> a \u00e9t\u00e9 trouv\u00e9 dans la station de m\u00e9tro de la ligne D du r\u00e9seau TCL dans la nuit de samedi \u00e0 dimanche 25 mai.<\/p>\n<p class=\" wall-content\">Puis, dimanche en fin de journ\u00e9e, une <a href=\"https:\/\/actu.fr\/auvergne-rhone-alpes\/lyon_69123\/lyon-des-coups-de-couteau-font-des-blesses-dans-la-rue-l-un-entre-la-vie-et-la-mort_62686501.html\" rel=\"nofollow noopener\" target=\"_blank\">tr\u00e8s violente bagarre<\/a> a \u00e9clat\u00e9 en pleine rue. Deux personnes ont \u00e9t\u00e9 bless\u00e9es, dont une tr\u00e8s gravement puisque son pronostic vital \u00e9tait engag\u00e9 lors de sa prise en charge par le <a href=\"https:\/\/actu.fr\/auvergne-rhone-alpes\/lyon_69123\/lyon-urgences-ado-dans-le-coma-reanimation-la-course-contre-la-mort-du-samu_61501637.html\" rel=\"nofollow noopener\" target=\"_blank\">Samu<\/a>.<\/p>\n<p class=\" wall-content\">Mais, questionn\u00e9s par actu Lyon, les effectifs pr\u00e9sents lors du contr\u00f4le ce mardi affirment qu\u2019ils ne trouvent que <strong>tr\u00e8s rarement des armes blanches<\/strong> dans les poches des individus contr\u00f4l\u00e9s, \u00ab\u00a0alors que chaque \u00e9quipe fait 15 \u00e0 20 palpations par op\u00e9ration\u00a0\u00bb. Une source pr\u00e9fectorale pr\u00e9cise toutefois que des amendes forfaitaires d\u00e9lictuelles sont bel et bien dress\u00e9es pour des ports d\u2019armes prohib\u00e9es.<\/p>\n<p>D\u2019autres probl\u00e9matiques<\/p>\n<p class=\" wall-content\">Trafic de stup\u00e9fiants ou de m\u00e9dicaments, \u00e9trangers en situation irr\u00e9guli\u00e8re sur le territoire, ou encore squat et <strong>nuisances sonores<\/strong>, les probl\u00e8mes ne manquent pas dans le quartier de la Guilloti\u00e8re. Sur le dernier sujet, un agent nous confie que quatre personnes qui diffusaient du son \u00e0 fond \u00e0 Mazagran ont d\u00e9j\u00e0 \u00e9t\u00e9 \u00e9pingl\u00e9es par les forces de l\u2019ordre.<\/p>\n<p class=\" wall-content\">Ce mardi, aucune interpellation n\u2019aurait \u00e9t\u00e9 r\u00e9alis\u00e9e sur la place dans laquelle des suspects ont <strong>pris la fuite<\/strong> \u00e0 la vue de la police. \u00ab\u00a0L\u2019objectif est de casser les r\u00e9seaux, c\u2019est un travail de fond, mais aussi d\u2019assurer une pr\u00e9sence visible sur le terrain\u00a0\u00bb, explique le pr\u00e9fet d\u00e9l\u00e9gu\u00e9 pour la d\u00e9fense et la s\u00e9curit\u00e9 du Rh\u00f4ne, Antoine Gu\u00e9rin, pr\u00e9sent durant le contr\u00f4le d\u2019ampleur.<\/p>\n<p>    <img   decoding=\"async\" loading=\"lazy\" src=\"https:\/\/www.europesays.com\/fr\/wp-content\/uploads\/2025\/05\/police-lyon-controle-quais-guillotiere-960x640.png\" alt=\"Les contr\u00f4les se sont encha\u00een\u00e9s d\u00e8s 17 h 30 dans le quartier de la Guilloti\u00e8re \u00e0 Lyon, ce mardi 27 mai 2025.\" width=\"960\" height=\"640\"\/><br \/>\n    Les contr\u00f4les se sont encha\u00een\u00e9s d\u00e8s 17 h 30 dans le quartier de la Guilloti\u00e8re \u00e0 Lyon, ce mardi 27 mai 2025. (\u00a9JD \/ actu Lyon)<\/p>\n<p class=\" wall-content\">Les autorit\u00e9s, pour lutter contre ces ph\u00e9nom\u00e8nes, avaient \u00e9galement r\u00e9alis\u00e9 <a href=\"https:\/\/actu.fr\/auvergne-rhone-alpes\/lyon_69123\/lyon-la-police-maintient-la-pression-a-la-guillotiere-placee-sous-haute-surveillance_62670791.html\" rel=\"nofollow noopener\" target=\"_blank\">des op\u00e9rations sp\u00e9ciales<\/a> le 18 mars dernier puis le 7 mai. \u00c0 la cl\u00e9, 100 individus interpell\u00e9s, mais aussi 100 \u00e9trangers en situation irr\u00e9guli\u00e8re contr\u00f4l\u00e9s. Par ailleurs, onze commerces ont \u00e9t\u00e9 contr\u00f4l\u00e9s, menant \u00e0 la fermeture de six d\u2019entre eux.<\/p>\n<p class=\" wall-content\">Antoine Gu\u00e9rin promet d\u2019autres <strong>op\u00e9rations similaires<\/strong> d\u00e8s les prochains jours.<\/p>\n<p class=\" wall-content\">Suivez toute l\u2019actualit\u00e9 de vos villes et m\u00e9dias favoris en vous inscrivant \u00e0 <a href=\"https:\/\/moncompte.actu.fr\" title=\"D\u00e9couvez Mon Actu\" rel=\"nofollow noopener\" data-trk=\"{&quot;cta&quot;:{&quot;action&quot;:&quot;https:\\\/\\\/moncompte.actu.fr&quot;,&quot;category&quot;:&quot;mon compte&quot;,&quot;from&quot;:&quot;article footer&quot;,&quot;name&quot;:&quot;Mon actu&quot;,&quot;type&quot;:&quot;cta&quot;}}\" target=\"_blank\">Mon Actu<\/a>.<\/p>\n","protected":false},"excerpt":{"rendered":"Par Julien Damboise Publi\u00e9 le 28 mai 2025 \u00e0 17h35 Des dizaines d\u2019agents ont \u00e9t\u00e9 envoy\u00e9s sur le&hellip;\n","protected":false},"author":2,"featured_media":135853,"comment_status":"","ping_status":"","sticky":false,"template":"","format":"standard","meta":{"footnotes":""},"categories":[1889],"tags":[1111,11,2430,1777,674,1011,27,23173,2428,12,1072,25,104],"class_list":{"0":"post-135852","1":"post","2":"type-post","3":"status-publish","4":"format-standard","5":"has-post-thumbnail","7":"category-lyon","8":"tag-actu","9":"tag-actualites","10":"tag-auvergne-rhone-alpes","11":"tag-eu","12":"tag-europe","13":"tag-fr","14":"tag-france","15":"tag-guillotiere","16":"tag-lyon","17":"tag-news","18":"tag-police","19":"tag-republique-francaise","20":"tag-societe"},"share_on_mastodon":{"url":"https:\/\/pubeurope.com\/@fr\/114588903347028575","error":""},"_links":{"self":[{"href":"https:\/\/www.europesays.com\/fr\/wp-json\/wp\/v2\/posts\/135852","targetHints":{"allow":["GET"]}}],"collection":[{"href":"https:\/\/www.europesays.com\/fr\/wp-json\/wp\/v2\/posts"}],"about":[{"href":"https:\/\/www.europesays.com\/fr\/wp-json\/wp\/v2\/types\/post"}],"author":[{"embeddable":true,"href":"https:\/\/www.europesays.com\/fr\/wp-json\/wp\/v2\/users\/2"}],"replies":[{"embeddable":true,"href":"https:\/\/www.europesays.com\/fr\/wp-json\/wp\/v2\/comments?post=135852"}],"version-history":[{"count":0,"href":"https:\/\/www.europesays.com\/fr\/wp-json\/wp\/v2\/posts\/135852\/revisions"}],"wp:featuredmedia":[{"embeddable":true,"href":"https:\/\/www.europesays.com\/fr\/wp-json\/wp\/v2\/media\/135853"}],"wp:attachment":[{"href":"https:\/\/www.europesays.com\/fr\/wp-json\/wp\/v2\/media?parent=135852"}],"wp:term":[{"taxonomy":"category","embeddable":true,"href":"https:\/\/www.europesays.com\/fr\/wp-json\/wp\/v2\/categories?post=135852"},{"taxonomy":"post_tag","embeddable":true,"href":"https:\/\/www.europesays.com\/fr\/wp-json\/wp\/v2\/tags?post=135852"}],"curies":[{"name":"wp","href":"https:\/\/api.w.org\/{rel}","templated":true}]}}