{"id":135854,"date":"2025-05-29T03:06:14","date_gmt":"2025-05-29T03:06:14","guid":{"rendered":"https:\/\/www.europesays.com\/fr\/135854\/"},"modified":"2025-05-29T03:06:14","modified_gmt":"2025-05-29T03:06:14","slug":"paris-et-brasilia-signent-un-accord-sur-la-creation-dun-centre-pompidou-dans-le-sud-du-bresil","status":"publish","type":"post","link":"https:\/\/www.europesays.com\/fr\/135854\/","title":{"rendered":"Paris et Bras\u00edlia signent un accord sur la cr\u00e9ation d&rsquo;un Centre Pompidou dans le sud du Br\u00e9sil"},"content":{"rendered":"<p>La nouvelle antenne \u00e0 l\u2019\u00e9tranger de l\u2019institution parisienne sera con\u00e7ue par l\u2019architecte paraguayen Solano Ben\u00edtez pour une inauguration pr\u00e9vue en 2027.<\/p>\n<p class=\"fig-paragraph\">La France et le\u00a0<a href=\"http:\/\/www.lefigaro.fr\/international\/bresil-le-president-lula-atteint-de-labyrinthite-et-mis-au-repos-20250527\" data-fig-type=\"NewsFlash\" data-gtm-custom-categorie=\"navigation\" data-gtm-custom-action=\"crossclick\" data-gtm-custom-label=\"Contextuel\" data-gtm-event=\"customEventSPE\" data-fig-domain=\"LEFIGARO\" target=\"_blank\" rel=\"noopener\">Br\u00e9sil<\/a>\u00a0ont sign\u00e9 un protocole d&rsquo;accord sur la cr\u00e9ation d&rsquo;un\u00a0<a href=\"http:\/\/www.lefigaro.fr\/culture\/des-oeuvres-du-centre-pompidou-exposees-dans-les-galeries-alentour-le-temps-des-travaux-20240617\" data-fig-type=\"NewsFlash\" data-gtm-custom-categorie=\"navigation\" data-gtm-custom-action=\"crossclick\" data-gtm-custom-label=\"Contextuel\" data-gtm-event=\"customEventSPE\" data-fig-domain=\"LEFIGARO\" target=\"_blank\" rel=\"noopener\">Centre Pompidou<\/a>\u00a0dans l&rsquo;\u00c9tat br\u00e9silien du Parana, dans le sud du pays, qui doit ouvrir ses portes fin 2027, a annonc\u00e9 mercredi le minist\u00e8re fran\u00e7ais de la Culture. \u00ab\u00a0Implant\u00e9 au c\u0153ur de la r\u00e9gion de la Triple Fronti\u00e8re, \u00e0 proximit\u00e9 des chutes d&rsquo;Igua\u00e7u, site class\u00e9 au<a href=\"http:\/\/www.lefigaro.fr\/culture\/en-aude-et-en-ariege-huit-citadelles-candidates-au-patrimoine-mondial-de-l-unesco-20250225\" data-fig-type=\"Article\" data-gtm-custom-categorie=\"navigation\" data-gtm-custom-action=\"crossclick\" data-gtm-custom-label=\"Contextuel\" data-gtm-event=\"customEventSPE\" data-fig-domain=\"LEFIGARO\" target=\"_blank\" rel=\"noopener\">\u00a0Patrimoine mondial de l&rsquo;Unesco<\/a> , ce futur Centre Pompidou, dont l&rsquo;ouverture est pr\u00e9vue en novembre 2027 (&#8230;) proposera une programmation pluridisciplinaire m\u00ealant expositions, spectacle vivant, grands cycles de cin\u00e9ma, festivals, conf\u00e9rences et r\u00e9sidences d&rsquo;artistes\u00a0\u00bb, pr\u00e9cise le minist\u00e8re dans un communiqu\u00e9.<\/p>\n<p class=\"fig-paragraph\">La future institution culturelle prendra place en novembre 2027 \u00e0 Foz do Igua\u00e7u, ville de 250\u00a0000 habitants dans l\u2019int\u00e9rieur du pays mais aussi un p\u00f4le touristique important du Br\u00e9sil avec ses voyageurs venus du monde entier pour parcourir les merveilles naturelles du parc national qui s\u2019\u00e9tend en Argentine, juste de l\u2019autre c\u00f4t\u00e9 de la fronti\u00e8re.<\/p>\n<p class=\"fig-body-link\">\n            \u00c0 lire aussi<br \/>\n        <a class=\"fig-body-link__link fig-premium-mark\" href=\"http:\/\/www.lefigaro.fr\/arts-expositions\/au-centre-pompidou-dans-les-secrets-du-grand-chambardement-20250427\" data-fig-type=\"Article\" data-gtm-custom-categorie=\"navigation\" data-gtm-custom-action=\"crossclick\" data-gtm-custom-label=\"Contextuel\" data-gtm-event=\"customEventSPE\" data-fig-domain=\"LEFIGARO\" target=\"_blank\" rel=\"noopener\">Au Centre Pompidou, dans les secrets d\u2019un chambardement titanesque et minutieux<br \/>\n    <\/a>\n<\/p>\n<p>Travaux \u00e0 Paris<\/p>\n<p class=\"fig-paragraph\">L\u2019architecte paraguayen Solano Ben\u00edtez, laur\u00e9at de la Biennale de Venise 2016, a \u00e9t\u00e9 choisi pour r\u00e9aliser un \u00e9difice qui s\u2019ouvrira sur une piazza, comme \u00e0 Paris, et \u00ab\u00a0abritera des espaces pluridisciplinaires, des ateliers \u00e9ducatifs, une biblioth\u00e8que de recherche, des laboratoires artistiques, ainsi qu\u2019une offre de restauration et de boutique\u00a0\u00bb.<\/p>\n<p class=\"fig-paragraph\">Selon le minist\u00e8re de la Culture, les expositions qui y seront propos\u00e9es feront largement appel \u00e0 la collection du Centre Pompidou, qui est en travaux jusqu\u2019en 2030 et dont une partie des collections sera pr\u00e9sent\u00e9e hors les murs d\u2019ici l\u00e0. Le Centre Pompidou dispose d\u2019antennes et de partenariats \u00e0 Malaga, Shanghai, Bruxelles, al-Ula, en Arabie saoudite, et prochainement \u00e0 S\u00e9oul.<\/p>\n","protected":false},"excerpt":{"rendered":"La nouvelle antenne \u00e0 l\u2019\u00e9tranger de l\u2019institution parisienne sera con\u00e7ue par l\u2019architecte paraguayen Solano Ben\u00edtez pour une inauguration&hellip;\n","protected":false},"author":2,"featured_media":135855,"comment_status":"","ping_status":"","sticky":false,"template":"","format":"standard","meta":{"footnotes":""},"categories":[1888],"tags":[1111,1928,47,11,1927,1350,1348,2548,4223,1345,650,251,1777,674,1349,1346,1011,27,1351,873,12,1926,626,1925,25,252,1347,1352],"class_list":{"0":"post-135854","1":"post","2":"type-post","3":"status-publish","4":"format-standard","5":"has-post-thumbnail","7":"category-paris","8":"tag-actu","9":"tag-actu-paris","10":"tag-actualite","11":"tag-actualites","12":"tag-actualites-paris","13":"tag-architecture","14":"tag-arts","15":"tag-bresil","16":"tag-centre-pompidou","17":"tag-cine","18":"tag-cinema","19":"tag-culture","20":"tag-eu","21":"tag-europe","22":"tag-expositions","23":"tag-films","24":"tag-fr","25":"tag-france","26":"tag-litterature","27":"tag-musique","28":"tag-news","29":"tag-news-paris","30":"tag-paris","31":"tag-paris-news","32":"tag-republique-francaise","33":"tag-television","34":"tag-theatre","35":"tag-urbanisme"},"share_on_mastodon":{"url":"https:\/\/pubeurope.com\/@fr\/114588915015643288","error":""},"_links":{"self":[{"href":"https:\/\/www.europesays.com\/fr\/wp-json\/wp\/v2\/posts\/135854","targetHints":{"allow":["GET"]}}],"collection":[{"href":"https:\/\/www.europesays.com\/fr\/wp-json\/wp\/v2\/posts"}],"about":[{"href":"https:\/\/www.europesays.com\/fr\/wp-json\/wp\/v2\/types\/post"}],"author":[{"embeddable":true,"href":"https:\/\/www.europesays.com\/fr\/wp-json\/wp\/v2\/users\/2"}],"replies":[{"embeddable":true,"href":"https:\/\/www.europesays.com\/fr\/wp-json\/wp\/v2\/comments?post=135854"}],"version-history":[{"count":0,"href":"https:\/\/www.europesays.com\/fr\/wp-json\/wp\/v2\/posts\/135854\/revisions"}],"wp:featuredmedia":[{"embeddable":true,"href":"https:\/\/www.europesays.com\/fr\/wp-json\/wp\/v2\/media\/135855"}],"wp:attachment":[{"href":"https:\/\/www.europesays.com\/fr\/wp-json\/wp\/v2\/media?parent=135854"}],"wp:term":[{"taxonomy":"category","embeddable":true,"href":"https:\/\/www.europesays.com\/fr\/wp-json\/wp\/v2\/categories?post=135854"},{"taxonomy":"post_tag","embeddable":true,"href":"https:\/\/www.europesays.com\/fr\/wp-json\/wp\/v2\/tags?post=135854"}],"curies":[{"name":"wp","href":"https:\/\/api.w.org\/{rel}","templated":true}]}}