{"id":135856,"date":"2025-05-29T03:07:13","date_gmt":"2025-05-29T03:07:13","guid":{"rendered":"https:\/\/www.europesays.com\/fr\/135856\/"},"modified":"2025-05-29T03:07:13","modified_gmt":"2025-05-29T03:07:13","slug":"insatisfaits-les-syndicats-prolongent-la-mobilisation-jusqua-samedi-a-paris-et-a-pau","status":"publish","type":"post","link":"https:\/\/www.europesays.com\/fr\/135856\/","title":{"rendered":"insatisfaits, les syndicats prolongent la mobilisation jusqu\u2019\u00e0 samedi \u00e0 Paris et \u00e0 Pau"},"content":{"rendered":"<p>Un roulement devrait se mettre en place boulevard Raspail, a assur\u00e9 la F\u00e9d\u00e9ration nationale de taxi, ajoutant qu\u2019une \u00abmajorit\u00e9\u00bb d\u2019adh\u00e9rents avaient d\u00e9cid\u00e9 de \u00abcontinuer le mouvement\u00bb.<\/p>\n<p class=\"fig-paragraph\">Certains ont \u00e9t\u00e9\u00a0<a href=\"http:\/\/www.lefigaro.fr\/conjoncture\/greve-des-taxis-reunion-ce-mardi-matin-au-ministere-des-transports-pour-evoquer-la-concurrence-des-vtc-20250527\" data-fig-type=\"NewsFlash\" data-gtm-custom-categorie=\"navigation\" data-gtm-custom-action=\"crossclick\" data-gtm-custom-label=\"Contextuel\" data-gtm-event=\"customEventSPE\" data-fig-domain=\"LEFIGARO\" target=\"_blank\" rel=\"noopener\">convaincus par le gouvernement<\/a>, d\u2019autres sont fatigu\u00e9s d\u2019avoir pass\u00e9 10 jours \u00e0 tenir le camp, mais d\u2019irr\u00e9ductibles chauffeurs semblent vouloir poursuivre le mouvement. Au lendemain de r\u00e9unions avec\u00a0<a href=\"http:\/\/www.lefigaro.fr\/vox\/politique\/gerard-longuet-le-president-est-il-devenu-un-simple-chef-de-gouvernement-20250528\" data-fig-type=\"Article\" data-gtm-custom-categorie=\"navigation\" data-gtm-custom-action=\"crossclick\" data-gtm-custom-label=\"Contextuel\" data-gtm-event=\"customEventSPE\" data-fig-domain=\"LEFIGARO\" target=\"_blank\" rel=\"noopener\">le gouvernement<\/a>\u00a0jug\u00e9es \u00abpas satisfaisantes\u00bb par les repr\u00e9sentants syndicaux des f\u00e9d\u00e9rations de taxis ont annonc\u00e9 mercredi \u00abcontinuer le mouvement\u00bb jusqu\u2019\u00e0 samedi \u00e0 Paris et \u00e0 Pau. \u00abOn continue les mouvements. On demande \u00e0 chacun de s\u2019organiser pour faire des rotations\u00bb, a d\u00e9clar\u00e9 \u00e0 l\u2019AFP Emmanuelle Cordier, pr\u00e9sidente de la F\u00e9d\u00e9ration nationale du taxi (FNDT).<\/p>\n<p class=\"fig-paragraph\">Le boulevard Raspail, pr\u00e8s des minist\u00e8res, o\u00f9 les chauffeurs encha\u00eenent depuis neuf jours les nuits de mobilisation \u00e0 Paris, s\u2019\u00e9tait en partie vid\u00e9 dans la nuit de mardi \u00e0 mercredi. En fin de journ\u00e9e mercredi, ils \u00e9taient environ 200 et d\u2019autres devraient \u00abarriver dans la nuit\u00bb, a assur\u00e9 \u00e0 l\u2019AFP Mme Cordier, ajoutant qu\u2019une \u00abmajorit\u00e9\u00bb d\u2019adh\u00e9rents avaient d\u00e9cid\u00e9 de \u00abcontinuer le mouvement\u00bb.<\/p>\n<p class=\"fig-paragraph\">\u00c0 Pau, fief du Premier ministre Fran\u00e7ois Bayrou, 150 taxis \u00e9taient pr\u00e9sents mercredi selon le pr\u00e9sident de l\u2019Union nationale des taxis Rachid Boudjema, qui affirme que la Coordination rurale, syndicat agricole, a rejoint la contestation sans plus de pr\u00e9cisions. Les chauffeurs de taxis sont notamment mobilis\u00e9s contre une convention qui modifie leur r\u00e9mun\u00e9ration pour le transport de patients, qui repr\u00e9sente pour certains une part significative de leur chiffre d\u2019affaires, notamment en zone rurale.<\/p>\n<p class=\"fig-paragraph\">La nouvelle tarification, qui doit entrer en vigueur le 1er octobre, pr\u00e9voit une prise en charge de 13 euros par l\u2019Assurance maladie, puis un tarif kilom\u00e9trique. La d\u00e9cision de prolonger la protestation est \u00abcoh\u00e9rente\u00bb, selon Claude Voltzenlogel, 48 ans, secr\u00e9taire g\u00e9n\u00e9ral adjoint du Syndicat D\u00e9partemental des Artisans du Taxi du Bas-Rhin (SDAT 67). \u00abUne \u00e9quipe reste deux jours sur place et repart. Le roulement est important.\u00bb<\/p>\n<p>Concurrence \u00ab\u00e9quitable\u00bb<\/p>\n<p class=\"fig-paragraph\">Mardi, deux r\u00e9unions se sont tenues au minist\u00e8re des Transports puis au minist\u00e8re de la Sant\u00e9, sans d\u00e9boucher sur des mesures jug\u00e9es suffisantes. Des contr\u00f4les renforc\u00e9s ont \u00e9t\u00e9 annonc\u00e9s pour limiter la maraude et le \u00abracolage\u00bb des VTC et des r\u00e9unions techniques sont pr\u00e9vues jusqu\u2019au 11 juin, mais les repr\u00e9sentants syndicaux d\u00e9plorent une absence \u00abd\u2019avanc\u00e9es significatives\u00bb. D\u00e8s mercredi, le ministre des Transports Philippe Tabarot a voulu marquer le coup en assistant \u00e0 une op\u00e9ration de contr\u00f4le de VTC, concurrents directs des taxis, devant la gare de Lyon \u00e0 Paris, zone qui leur est interdite sans r\u00e9servation pr\u00e9alable.<\/p>\n<p class=\"fig-paragraph\">\u00abJe suis tr\u00e8s ouvert \u00e0 la concurrence dans les transports. Mais une concurrence juste doit \u00eatre une concurrence \u00e9quitable\u00bb, a expliqu\u00e9 \u00e0 la presse Philippe Tabarot. \u00abJ\u2019aurai l\u2019occasion de rencontrer \u00e0 la fois les VTC et de convoquer mardi les plateformes pour \u00e9voquer [&#8230;] la question d\u2019\u00e9radiquer progressivement les soci\u00e9t\u00e9s \u00e9crans qui sont entre les conducteurs et les plateformes, [&#8230;] qui ne payent pas les taxes et les imp\u00f4ts dans notre pays et qui exploitent certains travailleurs\u00bb, a ajout\u00e9 le ministre.<\/p>\n<p class=\"fig-paragraph\">\u00abJ\u2019ai demand\u00e9 d\u2019arr\u00eater \u00e0 mes gars hier soir vers 23h, parce qu\u2019on n\u2019a rien obtenu\u00bb, avait confi\u00e9 mercredi matin \u00e0 l\u2019AFP Pino, taxi parisien tr\u00e8s suivi sur les r\u00e9seaux sociaux et organisateur de mouvements de contestation, invoquant le \u00abrepos\u00bb n\u00e9cessaire de \u00abses gars\u00bb. Aucune action n\u2019a eu lieu dans la journ\u00e9e aux abords des a\u00e9roports, dans les gares parisiennes ou autour du stade Roland-Garros.<\/p>\n","protected":false},"excerpt":{"rendered":"Un roulement devrait se mettre en place boulevard Raspail, a assur\u00e9 la F\u00e9d\u00e9ration nationale de taxi, ajoutant qu\u2019une&hellip;\n","protected":false},"author":2,"featured_media":135857,"comment_status":"","ping_status":"","sticky":false,"template":"","format":"standard","meta":{"footnotes":""},"categories":[1888],"tags":[631,627,1111,1928,630,11,1927,340,398,343,634,405,629,636,33,1777,674,632,638,1011,27,431,637,399,639,635,12,1926,626,1925,25,401,628,13430,633,407],"class_list":{"0":"post-135856","1":"post","2":"type-post","3":"status-publish","4":"format-standard","5":"has-post-thumbnail","7":"category-paris","8":"tag-action","9":"tag-actions-francaise","10":"tag-actu","11":"tag-actu-paris","12":"tag-actualite-bourse","13":"tag-actualites","14":"tag-actualites-paris","15":"tag-bourse","16":"tag-bourse-de-paris","17":"tag-cac-40","18":"tag-cotation","19":"tag-cotations","20":"tag-cours-des-societes-francaises","21":"tag-devises","22":"tag-economie","23":"tag-eu","24":"tag-europe","25":"tag-fcp","26":"tag-figaro","27":"tag-fr","28":"tag-france","29":"tag-francois-bayrou","30":"tag-indices","31":"tag-investissement","32":"tag-le-figaro","33":"tag-marches","34":"tag-news","35":"tag-news-paris","36":"tag-paris","37":"tag-paris-news","38":"tag-republique-francaise","39":"tag-sicav","40":"tag-societes-etrangeres","41":"tag-taxi","42":"tag-warrant","43":"tag-warrants"},"share_on_mastodon":{"url":"","error":"Validation failed: Text character limit of 500 exceeded"},"_links":{"self":[{"href":"https:\/\/www.europesays.com\/fr\/wp-json\/wp\/v2\/posts\/135856","targetHints":{"allow":["GET"]}}],"collection":[{"href":"https:\/\/www.europesays.com\/fr\/wp-json\/wp\/v2\/posts"}],"about":[{"href":"https:\/\/www.europesays.com\/fr\/wp-json\/wp\/v2\/types\/post"}],"author":[{"embeddable":true,"href":"https:\/\/www.europesays.com\/fr\/wp-json\/wp\/v2\/users\/2"}],"replies":[{"embeddable":true,"href":"https:\/\/www.europesays.com\/fr\/wp-json\/wp\/v2\/comments?post=135856"}],"version-history":[{"count":0,"href":"https:\/\/www.europesays.com\/fr\/wp-json\/wp\/v2\/posts\/135856\/revisions"}],"wp:featuredmedia":[{"embeddable":true,"href":"https:\/\/www.europesays.com\/fr\/wp-json\/wp\/v2\/media\/135857"}],"wp:attachment":[{"href":"https:\/\/www.europesays.com\/fr\/wp-json\/wp\/v2\/media?parent=135856"}],"wp:term":[{"taxonomy":"category","embeddable":true,"href":"https:\/\/www.europesays.com\/fr\/wp-json\/wp\/v2\/categories?post=135856"},{"taxonomy":"post_tag","embeddable":true,"href":"https:\/\/www.europesays.com\/fr\/wp-json\/wp\/v2\/tags?post=135856"}],"curies":[{"name":"wp","href":"https:\/\/api.w.org\/{rel}","templated":true}]}}