{"id":135858,"date":"2025-05-29T03:08:13","date_gmt":"2025-05-29T03:08:13","guid":{"rendered":"https:\/\/www.europesays.com\/fr\/135858\/"},"modified":"2025-05-29T03:08:13","modified_gmt":"2025-05-29T03:08:13","slug":"la-date-de-laid-al-adha-devoilee-par-la-grande-mosquee-de-paris-deux-prieres-annoncees","status":"publish","type":"post","link":"https:\/\/www.europesays.com\/fr\/135858\/","title":{"rendered":"La date de l&rsquo;A\u00efd al-Adha d\u00e9voil\u00e9e par la Grande Mosqu\u00e9e de Paris : deux pri\u00e8res annonc\u00e9es"},"content":{"rendered":"<p>            Par<br \/>\n        <strong><br \/>\n            <a href=\"https:\/\/actu.fr\/auteur\/redaction-paris\" title=\"Consulter tous les articles de R\u00e9daction Paris\" rel=\"nofollow noopener\" target=\"_blank\">R\u00e9daction Paris<\/a><br \/>\n        <\/strong><\/p>\n<p>        Publi\u00e9 le<\/p>\n<p>            28 mai 2025 \u00e0 17h42        <\/p>\n<p>C\u2019est l\u2019une des f\u00eates les plus importantes du calendrier musulman\u2009: <strong>l\u2019A\u00efd al-Adha<\/strong> sera c\u00e9l\u00e9br\u00e9 vendredi 6\u00a0juin 2025, a annonc\u00e9 la Grande Mosqu\u00e9e de Paris dans un communiqu\u00e9. Une date qui correspond \u00ab\u2009au 10 Dhou al-Hijja 1446\u2009\u00bb.<\/p>\n<p>\u00ab\u2009Meilleurs v\u0153ux aux musulmans de France\u2009\u00bb<\/p>\n<p class=\" wall-content\">Afin de pouvoir accueillir tous les fid\u00e8les \u00ab\u2009dans les meilleures conditions\u2009\u00bb, <strong>deux pri\u00e8res<\/strong> seront organis\u00e9es\u2009: la premi\u00e8re \u00e0 7h30 et la deuxi\u00e8me \u00e0 8h15, pr\u00e9cise le recteur de la Grande Mosqu\u00e9e de Paris qui souhaite \u00ab\u2009ses meilleurs v\u0153ux aux musulmans de France et du monde\u2009\u00bb.<\/p>\n<p class=\" wall-content\">L\u2019A\u00efd al-Adha comm\u00e9more \u00ab\u2009l\u2019\u00e9preuve du Proph\u00e8te Ibrahim, pr\u00eat \u00e0 <strong>sacrifier son fils<\/strong> Isma\u00efl par ob\u00e9issance \u00e0 son Seigneur\u2009\u00bb, explique le site <a href=\"https:\/\/muslimhands.fr\/regles-sacrifice\" rel=\"nofollow noopener\" target=\"_blank\">Muslimhands<\/a>, une ONG de secours international.<\/p>\n<p class=\" wall-content\">Un \u00e9pisode commun aux trois religions monoth\u00e9istes que les musulmans comm\u00e9morent en<strong> sacrifiant un mouton<\/strong>. La Grande Mosqu\u00e9e appelle d\u2019ailleurs \u00e0 ce que \u00ab\u2009les r\u00e8gles et les lois relatives au sacrifice rituel des ovins\u2009\u00bb soient respect\u00e9es et accomplies \u00ab\u2009par d\u00e9l\u00e9gation dans des lieux appropri\u00e9s et agr\u00e9\u00e9s\u2009\u00bb.<\/p>\n<p class=\" wall-content\">Suivez toute l\u2019actualit\u00e9 de vos villes et m\u00e9dias favoris en vous inscrivant \u00e0 <a href=\"https:\/\/moncompte.actu.fr\" title=\"D\u00e9couvez Mon Actu\" rel=\"nofollow noopener\" data-trk=\"{&quot;cta&quot;:{&quot;action&quot;:&quot;https:\\\/\\\/moncompte.actu.fr&quot;,&quot;category&quot;:&quot;mon compte&quot;,&quot;from&quot;:&quot;article footer&quot;,&quot;name&quot;:&quot;Mon actu&quot;,&quot;type&quot;:&quot;cta&quot;}}\" target=\"_blank\">Mon Actu<\/a>.<\/p>\n","protected":false},"excerpt":{"rendered":"Par R\u00e9daction Paris Publi\u00e9 le 28 mai 2025 \u00e0 17h42 C\u2019est l\u2019une des f\u00eates les plus importantes du&hellip;\n","protected":false},"author":2,"featured_media":135859,"comment_status":"","ping_status":"","sticky":false,"template":"","format":"standard","meta":{"footnotes":""},"categories":[1888],"tags":[11,1777,674,1011,27,5318,12,626,4020,25,104],"class_list":{"0":"post-135858","1":"post","2":"type-post","3":"status-publish","4":"format-standard","5":"has-post-thumbnail","7":"category-paris","8":"tag-actualites","9":"tag-eu","10":"tag-europe","11":"tag-fr","12":"tag-france","13":"tag-islam","14":"tag-news","15":"tag-paris","16":"tag-religion","17":"tag-republique-francaise","18":"tag-societe"},"share_on_mastodon":{"url":"https:\/\/pubeurope.com\/@fr\/114588922982247602","error":""},"_links":{"self":[{"href":"https:\/\/www.europesays.com\/fr\/wp-json\/wp\/v2\/posts\/135858","targetHints":{"allow":["GET"]}}],"collection":[{"href":"https:\/\/www.europesays.com\/fr\/wp-json\/wp\/v2\/posts"}],"about":[{"href":"https:\/\/www.europesays.com\/fr\/wp-json\/wp\/v2\/types\/post"}],"author":[{"embeddable":true,"href":"https:\/\/www.europesays.com\/fr\/wp-json\/wp\/v2\/users\/2"}],"replies":[{"embeddable":true,"href":"https:\/\/www.europesays.com\/fr\/wp-json\/wp\/v2\/comments?post=135858"}],"version-history":[{"count":0,"href":"https:\/\/www.europesays.com\/fr\/wp-json\/wp\/v2\/posts\/135858\/revisions"}],"wp:featuredmedia":[{"embeddable":true,"href":"https:\/\/www.europesays.com\/fr\/wp-json\/wp\/v2\/media\/135859"}],"wp:attachment":[{"href":"https:\/\/www.europesays.com\/fr\/wp-json\/wp\/v2\/media?parent=135858"}],"wp:term":[{"taxonomy":"category","embeddable":true,"href":"https:\/\/www.europesays.com\/fr\/wp-json\/wp\/v2\/categories?post=135858"},{"taxonomy":"post_tag","embeddable":true,"href":"https:\/\/www.europesays.com\/fr\/wp-json\/wp\/v2\/tags?post=135858"}],"curies":[{"name":"wp","href":"https:\/\/api.w.org\/{rel}","templated":true}]}}