{"id":135871,"date":"2025-05-29T03:15:09","date_gmt":"2025-05-29T03:15:09","guid":{"rendered":"https:\/\/www.europesays.com\/fr\/135871\/"},"modified":"2025-05-29T03:15:09","modified_gmt":"2025-05-29T03:15:09","slug":"chelsea-renverse-le-betis-seville-et-entre-dans-lhistoire-des-coupes-deurope","status":"publish","type":"post","link":"https:\/\/www.europesays.com\/fr\/135871\/","title":{"rendered":"Chelsea renverse le Betis S\u00e9ville et entre dans l\u2019histoire des Coupes d\u2019Europe"},"content":{"rendered":"<p>Men\u00e9s \u00e0 la pause, les Blues de Cole Palmer ont r\u00e9agi pour vaincre les \u00abVerdiblancos\u00bb et soulever la premi\u00e8re C4 de leur histoire.<\/p>\n<p class=\"fig-paragraph\">Les Blues \u00e0 jamais les premiers. Ce mercredi \u00e0 Wroclaw (Pologne),\u00a0<a href=\"https:\/\/www.lefigaro.fr\/sports\/football\/live\/ligue-europa-conference\/2024\/2512264\/betis-chelsea\" target=\"_blank\" data-fig-type=\"Live\" rel=\"noopener nofollow\" data-gtm-custom-categorie=\"navigation\" data-gtm-custom-action=\"crossclick\" data-gtm-custom-label=\"Contextuel\" data-gtm-event=\"customEventSPE\" data-fig-domain=\"LEFIGARO\">Chelsea<\/a>\u00a0est devenu le premier club europ\u00e9en de l\u2019histoire \u00e0 remporter toutes les Coupes d\u2019Europe de football (Ligue des champions, Ligue Europa\/Coupe de l\u2019UEFA, Coupe des Coupes, Ligue Conf\u00e9rence). Les Londoniens ont battu 3-1, en finale de la Ligue Conf\u00e9rence (C4), le Betis S\u00e9ville qui menait pourtant \u00e0 la mi-temps gr\u00e2ce au but pr\u00e9coce sign\u00e9 Ez Abde (9e).<\/p>\n<p class=\"fig-paragraph\">Mais les Andalous, brillants en premi\u00e8re p\u00e9riode, ont subi le r\u00e9veil de Chelsea et de son milieu offensif Cole Palmer, double passeur d\u00e9cisif pour Enzo Fernandez (65e) puis Nicolas Jackson (70e). L\u2019ailier anglais Jadon Sancho (83e) puis Moises Caicedo (90+1e) ont scell\u00e9 le sort de cette finale en fin de partie.<\/p>\n<p class=\"fig-paragraph\">Qualifi\u00e9s pour la prochaine Ligue des champions via leur championnat, les Blues soul\u00e8vent leur premi\u00e8re C4 et le septi\u00e8me titre europ\u00e9en de leur (riche) histoire. Les Londoniens ont tenu leur rang et compl\u00e9t\u00e9 leur collection de troph\u00e9es apr\u00e8s la Ligue des champions (2012 et 2021) et la Ligue Europa (2013 et 2019), un tripl\u00e9 qu\u2019autre \u00e9quipe n\u2019a jamais r\u00e9alis\u00e9. Ajoutez \u00e0 cela la d\u00e9funte C2, la Coupe des Coupes, d\u00e9j\u00e0 dans leur armoire (1971, 1998). Le Betis S\u00e9ville (6e de Liga), outsider au grand c\u0153ur qui courrait apr\u00e8s un premier troph\u00e9e continental, se consolera la saison prochaine en disputant la Ligue Europa.<\/p>\n<p>Premier titre pour Enzo Maresca \u00e0 la t\u00eate des Blues<\/p>\n<p class=\"fig-paragraph\">C\u2019est aussi, et surtout, le premier titre pour l\u2019entra\u00eeneur Enzo Maresca et ses jeunes Blues aux dents longues, une \u00e9quipe gonfl\u00e9e \u00e0 coups de transferts mirobolants mais encore peu exp\u00e9riment\u00e9e au plus haut niveau. Dans le camp d\u2019en face, son ancien mentor Manuel Pellegrini n\u2019est pas parvenu \u00e0 \u00e9crire jusqu\u2019au bout l\u2019histoire du Petit Poucet triomphant, au bout d\u2019un parcours europ\u00e9en sem\u00e9 d\u2019emb\u00fbches entre tours qualificatifs, barrages et \u00e9limination longtemps repouss\u00e9e.<\/p>\n<p class=\"fig-paragraph\">La derni\u00e8re marche a \u00e9t\u00e9 trop haute face \u00e0 une \u00e9quipe peupl\u00e9e de talents individuels, du tr\u00e8s remuant Cole Palmer jusqu\u2019aux buteurs du soir, Enzo Fernandez (65e), Nicolas Jackson (71e), Jadon Sancho (83e) et Moises Caicedo (90e+4). Chelsea a des moyens de super-riches et cela s\u2019est vu mercredi, avec un onze de d\u00e9part ronflant et des entrants de gros calibre, comme l\u2019habituel capitaine Reece James et l\u2019ailier Jadon Sancho, l\u2019un des auteurs de la remontada.<\/p>\n<p>Isco en chef d\u2019orchestre, Palmer lui r\u00e9pond<\/p>\n<p class=\"fig-paragraph\">Pour la premi\u00e8re finale europ\u00e9enne de son histoire, le Betis S\u00e9ville n\u2019a pourtant pas paru intimid\u00e9 et a d\u00e9marr\u00e9 plus vite, plus fort, port\u00e9 par une mar\u00e9e de supporters vert et blanc. Le club anglais a eu la possession du ballon, de mani\u00e8re st\u00e9rile, tandis que son adversaire espagnol a eu la discipline, l\u2019ambition et les occasions en premi\u00e8re p\u00e9riode.<\/p>\n<p class=\"fig-paragraph\">Le ma\u00eetre \u00e0 jouer Isco, quintuple vainqueur de la Ligue des champions avec le Real Madrid, a montr\u00e9 qu\u2019il \u00e9tait revenu \u00e0 son meilleur niveau. Omnipr\u00e9sent, c\u2019est lui qui a r\u00e9cup\u00e9r\u00e9 un ballon perdu par Malo Gusto et d\u00e9stabilis\u00e9 la d\u00e9fense de Chelsea sur l\u2019ouverture du score, avec une merveille de passe cach\u00e9e pour Eze Abde (9e, 0-1). L\u2019ailier marocain de 23 ans a bonifi\u00e9 l\u2019offrande, d\u2019un contr\u00f4le du droit et d\u2019une frappe crois\u00e9e du gauche. Il avait d\u00e9j\u00e0 \u00e9t\u00e9 d\u00e9cisif en demies contre la Fiorentina, en marquant le premier but \u00e0 l\u2019aller (2-1) et le dernier au retour, celui de la qualification en prolongation (2-2 a.p.).<\/p>\n<p class=\"fig-paragraph\">Apr\u00e8s la mi-temps, un tout autre match s\u2019est jou\u00e9\u00a0: Chelsea a attaqu\u00e9 \u00e0 tout-va et le Betis a d\u00e9fendu autant qu\u2019il a pu, parfois \u00e0 la limite, avant de craquer sous les coups de boutoir de Cole Palmer. Le jeune meneur de Chelsea a fait des mis\u00e8res \u00e0 ses adversaires avec des dribbles, des acc\u00e9l\u00e9rations et des centres pour Enzo Fernandez (65e, 1-1) et Nicolas Jackson (71e, 2-1), buteurs de la t\u00eate et de la poitrine respectivement, en l\u2019espace de sept minutes. En fin de match, Sancho et Caicedo ont donc donn\u00e9 plus d\u2019ampleur \u00e0 la d\u00e9monstration de Chelsea, attendu d\u00e9sormais en C1, un terrain de jeu plus proche de ses ambitions.<\/p>\n","protected":false},"excerpt":{"rendered":"Men\u00e9s \u00e0 la pause, les Blues de Cole Palmer ont r\u00e9agi pour vaincre les \u00abVerdiblancos\u00bb et soulever la&hellip;\n","protected":false},"author":2,"featured_media":135872,"comment_status":"","ping_status":"","sticky":false,"template":"","format":"standard","meta":{"footnotes":""},"categories":[1586],"tags":[11,6815,525,11871,1981,1089,814,1777,449,674,2257,63,1011,27,2705,5843,955,12,4589,4789,25,1980,455,133],"class_list":{"0":"post-135871","1":"post","2":"type-post","3":"status-publish","4":"format-standard","5":"has-post-thumbnail","7":"category-europe","8":"tag-actualites","9":"tag-c3","10":"tag-calendrier","11":"tag-chelsea","12":"tag-classement","13":"tag-coupe-deurope","14":"tag-direct","15":"tag-eu","16":"tag-europa-league","17":"tag-europe","18":"tag-foot","19":"tag-football","20":"tag-fr","21":"tag-france","22":"tag-groupe","23":"tag-ligue-europa","24":"tag-match","25":"tag-news","26":"tag-phase-finale","27":"tag-poule","28":"tag-republique-francaise","29":"tag-resultats","30":"tag-uefa","31":"tag-video"},"share_on_mastodon":{"url":"https:\/\/pubeurope.com\/@fr\/114588950561464290","error":""},"_links":{"self":[{"href":"https:\/\/www.europesays.com\/fr\/wp-json\/wp\/v2\/posts\/135871","targetHints":{"allow":["GET"]}}],"collection":[{"href":"https:\/\/www.europesays.com\/fr\/wp-json\/wp\/v2\/posts"}],"about":[{"href":"https:\/\/www.europesays.com\/fr\/wp-json\/wp\/v2\/types\/post"}],"author":[{"embeddable":true,"href":"https:\/\/www.europesays.com\/fr\/wp-json\/wp\/v2\/users\/2"}],"replies":[{"embeddable":true,"href":"https:\/\/www.europesays.com\/fr\/wp-json\/wp\/v2\/comments?post=135871"}],"version-history":[{"count":0,"href":"https:\/\/www.europesays.com\/fr\/wp-json\/wp\/v2\/posts\/135871\/revisions"}],"wp:featuredmedia":[{"embeddable":true,"href":"https:\/\/www.europesays.com\/fr\/wp-json\/wp\/v2\/media\/135872"}],"wp:attachment":[{"href":"https:\/\/www.europesays.com\/fr\/wp-json\/wp\/v2\/media?parent=135871"}],"wp:term":[{"taxonomy":"category","embeddable":true,"href":"https:\/\/www.europesays.com\/fr\/wp-json\/wp\/v2\/categories?post=135871"},{"taxonomy":"post_tag","embeddable":true,"href":"https:\/\/www.europesays.com\/fr\/wp-json\/wp\/v2\/tags?post=135871"}],"curies":[{"name":"wp","href":"https:\/\/api.w.org\/{rel}","templated":true}]}}