{"id":135873,"date":"2025-05-29T03:16:08","date_gmt":"2025-05-29T03:16:08","guid":{"rendered":"https:\/\/www.europesays.com\/fr\/135873\/"},"modified":"2025-05-29T03:16:08","modified_gmt":"2025-05-29T03:16:08","slug":"pourquoi-donald-trump-veut-il-detruire-lunion-europeenne","status":"publish","type":"post","link":"https:\/\/www.europesays.com\/fr\/135873\/","title":{"rendered":"Pourquoi Donald Trump veut-il d\u00e9truire l\u2019Union europ\u00e9enne ?"},"content":{"rendered":"<p style=\"text-align: justify;\"><strong>Pour autant qu\u2019on veuille bien la lire, l\u2019histoire peut souvent apporter une r\u00e9ponse \u00e0 ce genre de question. Dans l\u2019inconscient collectif, les \u00c9tats-Unis\u00a0 ont toujours t\u00e9moign\u00e9 une certaine amiti\u00e9 \u00e0 la France, du moins en apparence.<\/strong><\/p>\n<p><strong>Mais qui est vraiment Donald Trump\u00a0?<\/strong><\/p>\n<p style=\"text-align: justify;\">Dans son livre publi\u00e9 en 2016, \u00ab\u00a0Qui est vraiment Donald Trump\u00a0\u00bb, <a href=\"https:\/\/www.lejdd.fr\/International\/Donald-Trump-le-milliardaire-du-peuple-824317-3148781\" target=\"_blank\" rel=\"noopener\">Laure Mandeville<\/a> nous \u00e9claire sur la personnalit\u00e9 du pr\u00e9sident am\u00e9ricain :\u00a0\u00ab\u00a0Incontr\u00f4lable, outrancier, provocateur, il a dynamit\u00e9 la politique am\u00e9ricaine, prenant \u00e0 rebrousse-poil les postulats id\u00e9ologiques traditionnels. Pourfendeur de l\u2019immigration ill\u00e9gale. Heraut des \u00ab\u00a0oubli\u00e9s du syst\u00e8me\u00a0\u00bb et chantre de \u00ab\u00a0l\u2019Am\u00e9rique d\u2019abord\u00a0\u00bb, il p\u00e9trifie les \u00e9lites. <\/p>\n<p style=\"text-align: justify;\">Le milliardaire \u00e0 la m\u00e8che orang\u00e9e est-il un diable raciste et machiste d\u00e9testant les musulmans et m\u00e9prisant les femmes\u00a0? Un imposteur \u00e0 l\u2019\u00e9go surdimensionn\u00e9\u00a0? Ou un businessman patriote qui s\u2019affranchit des limites et va \u00e0 contre-courant du mod\u00e8le de globalisation?\u00bb\u00a0\u00a0<\/p>\n<p style=\"text-align: justify;\">Je pense que Donald Trump peut \u00eatre un peu de tout cela, mais pas uniquement. Donald Trump est surtout l\u2019homme qu\u2019esp\u00e9rait une grande partie du peuple am\u00e9ricain. De moins en moins d\u2019Am\u00e9ricains \u00e9taient encore dupes de leur syst\u00e8me que leurs \u00e9lites voulaient imposer au monde en sacrifiant ce qu\u2019il est coutume de d\u00e9signer comme \u00ab la classe moyenne \u00bb. Les avertissements d\u2019Eisenhower en 1961 puis de Kennedy en 1963 (10 jours avant son assassinat) ont chemin\u00e9s longtemps en souterrain mais ont permis \u00e0 long terme de modifier la grille de lecture des \u00e9v\u00e8nements. De plus en plus\u00a0 ont commenc\u00e9 \u00e0 se rendre compte qu\u2019il \u00e9taient \u00ab manipul\u00e9s \u00bb par la communication des m\u00e9dias\u00a0 et que ceux qui pr\u00e9tendaient les gouverner \u00e9taient progressivement pass\u00e9s eux-m\u00eames sous le contr\u00f4le d\u2019un \u00ab establishment \u00bb multiforme qui exer\u00e7ait la quasi totalit\u00e9 du pouvoir. Il se peut que, devant les exag\u00e9rations de ce pouvoir de l\u2019ombre quelquefois appel\u00e9 \u00ab l\u2019\u00c9tat profond \u00bb, une sorte de \u00ab contre-pouvoir de l\u2019ombre \u00bb se soit progressivement organis\u00e9 en utilisant les m\u00eames m\u00e9thodes que ceux qu\u2019il voulait combattre. Rien ne le prouve, mais Donald Trump aurait pu, lui aussi, faire l\u2019objet d\u2019un \u00ab casting \u00bb tout comme l\u2019\u00c9tat profond avait d\u00e9sign\u00e9 ses propres candidats, ou du moins les conseillers qui allaient encadrer de pr\u00e8s celui qui allait occuper la Maison Blanche.<\/p>\n<p><strong>D\u00e9j\u00e0 vu dans le pass\u00e9<\/strong><\/p>\n<p style=\"text-align: justify;\">Ce fut le cas en 1912 avec <a href=\"https:\/\/fr.wikipedia.org\/wiki\/Woodrow_Wilson\" target=\"_blank\" rel=\"noopener\">Woodrow Wilson et le fameux \u00ab\u00a0Colonel House\u00a0\u00bb<\/a>. Wilson \u00e9tait d\u2019apr\u00e8s Eustace Mullins (Auteur des \u00ab secrets de la Reserve f\u00e9d\u00e9rale \u00bb) le candidat pouss\u00e9 par les banquiers qui d\u00e9siraient imposer le syst\u00e8me de la R\u00e9serve f\u00e9d\u00e9rale aux Am\u00e9ricains qui \u00e9taient tr\u00e8s partag\u00e9s sur le sujet. Mais les m\u00eames banquiers, nourrissant quelques doutes sur la personne de Woodrow Wilson, l\u2019avait flanqu\u00e9 d\u2019une sorte de \u00ab nounou \u00bb appel\u00e9 <a href=\"https:\/\/fr.wikipedia.org\/wiki\/Edward_Mandell_House\" target=\"_blank\" rel=\"noopener\">Edward Mandell House<\/a>, plus connu sous le nom de \u00ab\u00a0Colonel House\u00a0\u00bb.<\/p>\n<p style=\"text-align: justify;\">Sans reprendre toute l\u2019histoire des conseillers des pr\u00e9sidents am\u00e9ricains, il y a cependant eu une sorte de \u00ab\u00a0bascule\u00a0\u00bb avec GW Bush et son vice-pr\u00e9sident <a href=\"https:\/\/www.revueconflits.com\/dick-cheney-neoconservateurs-preferent-harris\/\" target=\"_blank\" rel=\"noopener\">Dick Cheney<\/a>, flanqu\u00e9 de Donald Runsfeld qui ont probablement aliment\u00e9 ce mouvement de d\u00e9fiance de l\u2019opinion am\u00e9ricaine d\u00e8s les ann\u00e9es 2000.<\/p>\n<p><strong>La politique de Donald Trump<\/strong><\/p>\n<p style=\"text-align: justify;\">Quelle que soit la fa\u00e7on dont il est arriv\u00e9 aux affaires, il y a cependant un axe majeur constant dans sa politique, d\u00e9fini bien avant 2016 et qui est la lutte \u00ab au couteau \u00bb qu\u2019il m\u00e8ne contre l\u2019\u00c9tat profond am\u00e9ricain. Son premier mandat a \u00e9t\u00e9 difficile car il lui fallait d\u00e9terminer quel \u00e9tait le p\u00e9rim\u00e8tre exact de son adversaire et surtout qui en faisait partie. Dans ce sens, son \u00e9chec \u00e0 la r\u00e9\u00e9lection, sur lequel il y aurait beaucoup \u00e0 dire, lui a permis d\u2019\u00e9tablir\u00a0 la liste de ses adversaires cach\u00e9s.<\/p>\n<p style=\"text-align: justify;\">Il a donc pu, durant les quatre ann\u00e9es du mandat de Joe Biden, mettre au point un plan d\u2019attaque pr\u00e9cis qui lui permette d\u2019agir afin de bloquer les agissements de cet \u00c9tat profond. L\u00e0 se trouve le c\u0153ur de son action et elle se d\u00e9cline autour des caract\u00e9ristiques principales de ce dernier.<\/p>\n<p><strong>Comment Donald Trump veut-il combattre l\u2019\u00c9tat profond am\u00e9ricain\u00a0?<\/strong><\/p>\n<p style=\"text-align: justify;\">Il veut avant tout faire cesser les guerres, notamment toutes celles o\u00f9 les \u00c9tats-Unis se trouvent impliqu\u00e9s. D\u2019aucuns y verront un retour \u00e0 l\u2019isolationnisme am\u00e9ricain h\u00e9rit\u00e9 de la Doctrine de Monroe de 1823, mais cela va au-del\u00e0. Dans ce qu\u2019il est convenu d\u2019appeler l\u2019\u00c9tat profond, il y a notamment le fameux et tr\u00e8s puissant\u00ab\u00a0complexe militaro-industriel\u00a0\u00bb qui peut s\u2019inqui\u00e9ter de cette attitude. Le projet de \u00ab\u00a0d\u00f4me en or\u00a0\u00bb et un budget de 1000 milliards de dollars sont probablement destin\u00e9s \u00e0 le rassurer.<\/p>\n<p style=\"text-align: justify;\">L\u2019Union Europ\u00e9enne est \u00e9galement une cible importante pour lui. Comme le disait d\u2019une mani\u00e8re tr\u00e8s opportune le g\u00e9n\u00e9ral <a href=\"https:\/\/www.youtube.com\/watch?v=ETBm5fvJfQ8\" target=\"_blank\" rel=\"noopener\">Henri Roure,<\/a> l\u2019\u00c9tat profond se sert de celle-ci comme une d\u2019une\u00a0 \u00ab\u00a0base arri\u00e8re\u00a0\u00bb. Donald Trump s\u2019\u00e9tait d\u00e9j\u00e0 exprim\u00e9 en l\u2019an 2000 sur la m\u00e9fiance qu\u2019il avait concernant certains membres de l\u2019UE sur le canal de CNN\u00a0: \u00ab\u00a0Le monde nous escroque. L\u2019Allemagne nous escroque comme jamais. Les Fran\u00e7ais, ce sont les pires \u00e9quipiers que j\u2019ai vus de ma vie\u00a0\u00bb puis sur Fox News \u00ab\u00a0La France est un affreux partenaire, le pire que notre pays est jamais eu\u00a0\u00bb\u00a0 \u00a0 \u00a0 \u00a0 \u00a0 \u00a0 \u00a0 \u00a0 \u00a0 \u00a0 (Laure Mandeville \u00ab Qui est vraiment Donald Trump \u00bb page 115 ed. Equateurs)<\/p>\n<p style=\"text-align: justify;\">Ces propos sans appel sont-ils toujours d\u2019actualit\u00e9\u00a0? Assur\u00e9ment, et l\u2019empressement avec lequel le vice-pr\u00e9sident J.D.Vance et Elon Musk ont critiqu\u00e9 la fa\u00e7on dont l\u2019UE \u00e9tait dirig\u00e9e par la Commission Europ\u00e9enne et notamment l\u2019absence de d\u00e9mocratie, vont dans ce sens.<\/p>\n<p style=\"text-align: justify;\">Trump veut\u00a0 clairement d\u00e9truire non pas les pays europ\u00e9ens, mais le f\u00e9d\u00e9ralisme europ\u00e9en parce celui-ci r\u00e9sulte du projet mondialiste de l\u2019\u00c9tat profond d\u00e9sirant faire d\u2019une Europe f\u00e9d\u00e9rale un territoire sans fronti\u00e8res ni souverainet\u00e9s nationales, une sorte d\u2019appartement-t\u00e9moin d\u2019un futur monde monopolaire. Pour arriver \u00e0 ses fins, Trump va jouer la discorde et cela ne devrait pas \u00eatre trop difficile car il sait tr\u00e8s bien qu\u2019\u00e0 part une petite \u00e9lite mondialis\u00e9e et plus ou moins mise en place par le Club des Bilderberg\u00a0 et le Forum de Davos, la majorit\u00e9 des peuples est plut\u00f4t hostile \u00e0 ce projet.<\/p>\n<p style=\"text-align: justify;\">Ce n\u2019est pas par hasard qu\u2019il brandit la menace des droits de douane car il sait tr\u00e8s bien qu\u2019il y a une grande divergence d\u2019int\u00e9r\u00eats\u00a0 entre les pays europ\u00e9ens sur ce sujet. Il va essayer de les conduire vers des n\u00e9gociations individuelles m\u00eame si cette comp\u00e9tence est d\u00e9l\u00e9gu\u00e9e (m\u00eame si beaucoup l\u2019ignorent encore) \u00e0 la Commission europ\u00e9enne.<\/p>\n<p><strong>Des propos qui paraissent incoh\u00e9rents<\/strong><\/p>\n<p style=\"text-align: justify;\">Souvent, le discours de Donald Trump varie d\u2019un jour \u00e0 l\u2019autre, parfois m\u00eame d\u2019une heure \u00e0 l\u2019autre. C\u2019est une technique destin\u00e9e \u00e0 brouiller ses lignes d\u2019actions v\u00e9ritables. Certains mettent cela sur le compte d\u2019une grande versatilit\u00e9 ou m\u00eame d\u2019un caract\u00e8re trop influen\u00e7able\u00a0 qui donnerait raison \u00e0 son dernier interlocuteur. Ce n\u2019est ni l\u2019un, ni l\u2019autre. C\u2019est sa tactique. En bon politique, il fait mine d\u2019\u00e9couter tout le monde, parfois m\u00eame d\u2019abonder dans leur sens. Qu\u2019on ne s\u2019y \u00ab\u00a0trompe\u00a0\u00bb pas. Tout cela n\u2019est que communication calcul\u00e9e. Pour le reste, il se tient toujours sur la m\u00eame ligne depuis des ann\u00e9es. Cela peut se r\u00e9sumer \u00e0\u00a0: \u00ab\u00a0L\u2019Am\u00e9rique d\u2019abord, l\u2019Am\u00e9rique ensuite\u00a0!\u00a0\u00bb C\u2019est un patriote qui, au travers de son combat contre l\u2019\u00c9tat profond, poss\u00e8de une autre vision que celle d\u2019un monde monopolaire bas\u00e9 sur un droit international. Il sait qu\u2019une grande partie de l\u2019humanit\u00e9 veut conserver les souverainet\u00e9s nationales et il s\u2019en accommode \u00e0 la condition que la nation am\u00e9ricaine soit la premi\u00e8re. Un monde \u00ab\u00a0Westphalien\u00a0\u00bb dont les trois grandes puissances seraient l\u2019Am\u00e9rique, la Chine et la Russie peut lui convenir, sous r\u00e9serve de ne pas avoir de rapprochement trop prononc\u00e9 entre la Chine et de la Russie. Dans cette vision, il peut accepter de voir la Russie \u00e9tendre son influence vers l\u2019Ouest pour s\u2019int\u00e9grer dans l\u2019Europe et s\u2019\u00e9loigner de la Chine.<\/p>\n<p style=\"text-align: justify;\">Ce seront les v\u00e9ritables \u00e9l\u00e9ments du deal que, le jour venu, Donald Trump proposera \u00e0 Vladimir Poutine.<\/p>\n<p style=\"text-align: justify;\"><strong>Jean Goychman<\/strong><\/p>\n<p class=\"p2\" style=\"text-align: justify;\">Cr\u00e9dit photo :Flickr (cc)<br \/>[cc]\u00a0<a href=\"http:\/\/breizh-info.com\/\" target=\"_blank\" rel=\"noopener\">Breizh-info.com<\/a>, 2025, d\u00e9p\u00eaches libres de copie et de diffusion sous r\u00e9serve de mention et de lien vers la source d\u2019origine<\/p>\n","protected":false},"excerpt":{"rendered":"Pour autant qu\u2019on veuille bien la lire, l\u2019histoire peut souvent apporter une r\u00e9ponse \u00e0 ce genre de question.&hellip;\n","protected":false},"author":2,"featured_media":135874,"comment_status":"","ping_status":"","sticky":false,"template":"","format":"standard","meta":{"footnotes":""},"categories":[1586],"tags":[11,75,1777,674,1779,1011,27,26174,12,25,1778,364],"class_list":{"0":"post-135873","1":"post","2":"type-post","3":"status-publish","4":"format-standard","5":"has-post-thumbnail","7":"category-europe","8":"tag-actualites","9":"tag-donald-trump","10":"tag-eu","11":"tag-europe","12":"tag-european-union","13":"tag-fr","14":"tag-france","15":"tag-jean-goychman","16":"tag-news","17":"tag-republique-francaise","18":"tag-ue","19":"tag-union-europeenne"},"share_on_mastodon":{"url":"https:\/\/pubeurope.com\/@fr\/114588954421014961","error":""},"_links":{"self":[{"href":"https:\/\/www.europesays.com\/fr\/wp-json\/wp\/v2\/posts\/135873","targetHints":{"allow":["GET"]}}],"collection":[{"href":"https:\/\/www.europesays.com\/fr\/wp-json\/wp\/v2\/posts"}],"about":[{"href":"https:\/\/www.europesays.com\/fr\/wp-json\/wp\/v2\/types\/post"}],"author":[{"embeddable":true,"href":"https:\/\/www.europesays.com\/fr\/wp-json\/wp\/v2\/users\/2"}],"replies":[{"embeddable":true,"href":"https:\/\/www.europesays.com\/fr\/wp-json\/wp\/v2\/comments?post=135873"}],"version-history":[{"count":0,"href":"https:\/\/www.europesays.com\/fr\/wp-json\/wp\/v2\/posts\/135873\/revisions"}],"wp:featuredmedia":[{"embeddable":true,"href":"https:\/\/www.europesays.com\/fr\/wp-json\/wp\/v2\/media\/135874"}],"wp:attachment":[{"href":"https:\/\/www.europesays.com\/fr\/wp-json\/wp\/v2\/media?parent=135873"}],"wp:term":[{"taxonomy":"category","embeddable":true,"href":"https:\/\/www.europesays.com\/fr\/wp-json\/wp\/v2\/categories?post=135873"},{"taxonomy":"post_tag","embeddable":true,"href":"https:\/\/www.europesays.com\/fr\/wp-json\/wp\/v2\/tags?post=135873"}],"curies":[{"name":"wp","href":"https:\/\/api.w.org\/{rel}","templated":true}]}}