{"id":135881,"date":"2025-05-29T03:22:14","date_gmt":"2025-05-29T03:22:14","guid":{"rendered":"https:\/\/www.europesays.com\/fr\/135881\/"},"modified":"2025-05-29T03:22:14","modified_gmt":"2025-05-29T03:22:14","slug":"super-xiii-alan-walsh-cest-dans-la-difficulte-que-lon-apprend-le-plus-et-cette-experience-me-servira-beaucoup-rugby-a-xiii","status":"publish","type":"post","link":"https:\/\/www.europesays.com\/fr\/135881\/","title":{"rendered":"Super XIII &#8211; Alan Walsh : \u00ab\u00a0C\u2019est dans la difficult\u00e9 que l\u2019on apprend le plus et cette exp\u00e9rience me servira beaucoup\u00a0\u00bb &#8211; Rugby \u00e0 XIII"},"content":{"rendered":"<p style=\"text-align: justify;\"><strong>Alan Walsh, entraineur de L\u00e9zignan, fait un bilan de sa saison et revient sur ses ann\u00e9es avec les Meuniers.<\/strong><\/p>\n<blockquote>\n<p style=\"text-align: justify;\">Je sais qu\u2019on cite souvent l\u2019adage \u00ab dans la vie soit je gagne soit j\u2019apprends \u00bb eh bien, je trouve qu\u2019il r\u00e9sume parfaitement mes deux saisons pass\u00e9es au FCL. Parti sur un projet de reconstruction avec les dirigeants et un budget restreint, on vit n\u00e9anmoins une premi\u00e8re saison incroyable avec une v\u00e9ritable alchimie entre jeunes, dont beaucoup que j\u2019avais coach\u00e9 en juniors, des \u00e9trangers de grandes qualit\u00e9s et des cadres exemplaires. Cette saison aura \u00e9t\u00e9 marqu\u00e9e par des moments intenses sportivement, une finale de Coupe, le barrage en championnat, mais nous aurons surtout partag\u00e9 humainement avec une communion entre l\u2019\u00e9quipe et son public et je n\u2019oublierai jamais les moments partag\u00e9s.<\/p>\n<p style=\"text-align: justify;\">La seconde saison fut plus compliqu\u00e9e, d\u00e9j\u00e0 parce que cette saison de Super XIII a \u00e9t\u00e9 de grande qualit\u00e9, avec de tr\u00e8s belles \u00e9quipes et un championnat tr\u00e8s disput\u00e9 ce qui est de bon augure pour le rugby \u00e0 XIII. Mais pour nous malheureusement la perte d\u2019\u00e9l\u00e9ments cl\u00e9s dans notre dispositif comme Connor, Tau ou Cl\u00e9ment, suivi de nombreux bless\u00e9s comme Lucas Cuellar, nous ont affect\u00e9. On a pein\u00e9 \u00e0 trouver une charni\u00e8re efficace et notre capital confiance qui nous faisait gagner certains matchs l\u2019ann\u00e9e pr\u00e9c\u00e9dente nous a cette fois p\u00e9nalis\u00e9. Nous avons perdu de quelques points ces m\u00eames matchs que nous avions gagn\u00e9s de quelques points l\u2019ann\u00e9e pr\u00e9c\u00e9dente. C\u2019est ainsi, c\u2019est la dure loi du sport, et c\u2019est pour cela que cette seconde ann\u00e9e aura \u00e9t\u00e9 la plus instructive, car c\u2019est dans la difficult\u00e9 que l\u2019on apprend le plus et cette exp\u00e9rience me servira beaucoup en tant qu\u2019entra\u00eeneur.<\/p>\n<p style=\"text-align: justify;\">Aujourd\u2019hui, je ne veux retenir que le positif. \u00c7a a \u00e9t\u00e9 un grand honneur de coacher des \u00ab grands messieurs \u00bb comme Anthony Ors, Stuart Mason ou Connor O\u2019Beirne. Un vrai plaisir de voir Mika Tribillac avoir envie de rechausser les crampons \u00e0 37 ans. Une vraie satisfaction de voir des jeunes briller comme Cl\u00e9ment Martin ou Vincent Calvayrac, ou d\u2019autres se r\u00e9v\u00e9ler comme Evan Albert.<\/p>\n<p style=\"text-align: justify;\">Ma plus grande satisfaction reste celle d\u2019avoir pu partager cette exp\u00e9rience depuis 13 ans avec mes fils Luca et Owen, o\u00f9 j\u2019ai pu les voir \u00e9voluer et progresser, et voir cette ann\u00e9e Luca avec Loris Zammut, et Louis Lacans porter fi\u00e8rement leur premier maillot de l\u2019\u00e9quipe premi\u00e8re. Tous ces stagiaires ont \u00e9t\u00e9 \u00e0 la hauteur et m\u2019ont rendu tr\u00e8s heureux et tr\u00e8s fiers, et c\u2019est un aboutissement quand on s\u2019est occup\u00e9 de tous ces jeunes depuis leurs d\u00e9buts en premiers pas.<\/p>\n<p style=\"text-align: justify;\">Je laisse le club du FCL en meilleure sant\u00e9 financi\u00e8re que je ne l\u2019ai trouv\u00e9, je suis donc satisfait d\u2019avoir pu contribuer \u00e0 cet objectif. Maintenant que tous les feux sont au vert, le meilleur est \u00e0 venir pour le club. Avec des joueurs comme Lo\u00efc Taurin ou Terry Bautheas et toute cette magnifique jeunesse qui arrive avec notamment les juniors en finale ce dimanche, et de super jeunes \u00e0 venir issu de l\u2019\u00e9cole de rugby.<\/p>\n<p style=\"text-align: justify;\">Cette \u00e9quipe a \u00e9norm\u00e9ment de potentiel et elle est p\u00e9trie de joueurs de talents, je souhaite donc une bonne continuation \u00e0 cette \u00e9quipe et au staff pour la saison prochaine.<\/p>\n<\/blockquote>\n<p><strong>Treize Mondial<br \/><a href=\"https:\/\/www.facebook.com\/13Mondial\" target=\"_blank\" rel=\"noopener\"><img loading=\"lazy\" decoding=\"async\" class=\"alignnone wp-image-217097\" src=\"https:\/\/www.europesays.com\/fr\/wp-content\/uploads\/2025\/04\/logo-facebook.png\" alt=\"\" width=\"40\" height=\"40\"  \/><\/a> <a href=\"https:\/\/twitter.com\/XIIIMondial\" target=\"_blank\" rel=\"noopener\"><img loading=\"lazy\" decoding=\"async\" class=\"alignnone wp-image-217098\" src=\"https:\/\/www.europesays.com\/fr\/wp-content\/uploads\/2025\/04\/logo-twitter.png\" alt=\"\" width=\"39\" height=\"39\"  \/><\/a><\/strong><\/p>\n<p>        <script async src=\"https:\/\/platform.twitter.com\/widgets.js\" charset=\"utf-8\"><\/script><\/p>\n","protected":false},"excerpt":{"rendered":"Alan Walsh, entraineur de L\u00e9zignan, fait un bilan de sa saison et revient sur ses ann\u00e9es avec les&hellip;\n","protected":false},"author":2,"featured_media":135882,"comment_status":"","ping_status":"","sticky":false,"template":"","format":"standard","meta":{"footnotes":""},"categories":[1416],"tags":[26175,1011,27,26176,479,2228,1468,2229,60,2231],"class_list":{"0":"post-135881","1":"post","2":"type-post","3":"status-publish","4":"format-standard","5":"has-post-thumbnail","7":"category-rugby","8":"tag-alan-walsh","9":"tag-fr","10":"tag-france","11":"tag-lezignan","12":"tag-rugby","13":"tag-rugby-a-xiii","14":"tag-rugby-football","15":"tag-rugby-league","16":"tag-sports","17":"tag-super-xiii"},"share_on_mastodon":{"url":"https:\/\/pubeurope.com\/@fr\/114588978243558013","error":""},"_links":{"self":[{"href":"https:\/\/www.europesays.com\/fr\/wp-json\/wp\/v2\/posts\/135881","targetHints":{"allow":["GET"]}}],"collection":[{"href":"https:\/\/www.europesays.com\/fr\/wp-json\/wp\/v2\/posts"}],"about":[{"href":"https:\/\/www.europesays.com\/fr\/wp-json\/wp\/v2\/types\/post"}],"author":[{"embeddable":true,"href":"https:\/\/www.europesays.com\/fr\/wp-json\/wp\/v2\/users\/2"}],"replies":[{"embeddable":true,"href":"https:\/\/www.europesays.com\/fr\/wp-json\/wp\/v2\/comments?post=135881"}],"version-history":[{"count":0,"href":"https:\/\/www.europesays.com\/fr\/wp-json\/wp\/v2\/posts\/135881\/revisions"}],"wp:featuredmedia":[{"embeddable":true,"href":"https:\/\/www.europesays.com\/fr\/wp-json\/wp\/v2\/media\/135882"}],"wp:attachment":[{"href":"https:\/\/www.europesays.com\/fr\/wp-json\/wp\/v2\/media?parent=135881"}],"wp:term":[{"taxonomy":"category","embeddable":true,"href":"https:\/\/www.europesays.com\/fr\/wp-json\/wp\/v2\/categories?post=135881"},{"taxonomy":"post_tag","embeddable":true,"href":"https:\/\/www.europesays.com\/fr\/wp-json\/wp\/v2\/tags?post=135881"}],"curies":[{"name":"wp","href":"https:\/\/api.w.org\/{rel}","templated":true}]}}