{"id":135898,"date":"2025-05-29T03:32:24","date_gmt":"2025-05-29T03:32:24","guid":{"rendered":"https:\/\/www.europesays.com\/fr\/135898\/"},"modified":"2025-05-29T03:32:24","modified_gmt":"2025-05-29T03:32:24","slug":"sur-rtl-karine-le-marchand-evoque-sa-methode-de-travail-pour-reussir-ses-entretiens","status":"publish","type":"post","link":"https:\/\/www.europesays.com\/fr\/135898\/","title":{"rendered":"sur RTL, Karine Le Marchand \u00e9voque sa m\u00e9thode de travail pour r\u00e9ussir ses entretiens"},"content":{"rendered":"<p class=\"article-p mdl\">G\u00e9rald Darmanin, Sandrine Rousseau, Fabien Roussel et Jordan Bardella. Voil\u00e0 le casting du prochain num\u00e9ro de l&rsquo;\u00e9mission Une Ambition intime, pr\u00e9sent\u00e9e par Karine Le Marchand. Ces quatre personnalit\u00e9s politiques s&rsquo;exprimeront au micro de l&rsquo;animatrice, ce dimanche 1er juin sur M6.<\/p>\n<p class=\"article-p mdl\">\u00ab\u00a0L&rsquo;id\u00e9e, c&rsquo;\u00e9tait d&rsquo;interroger d<strong>es figures qui, depuis cinq, six ans, ont perc\u00e9 dans le paysage m\u00e9diatique<\/strong>\u00ab\u00a0, a confi\u00e9\u00a0<a class=\"link\" href=\"https:\/\/www.rtl.fr\/culture\/medias-people\/invitee-rtl-j-entends-les-excuses-mais-je-resterai-toujours-vigilante-reagit-karine-le-marchand-aux-excuses-de-cyril-hanouna-7900476850\" title=\"INVIT\u00c9E RTL - &quot;J&#039;entends les excuses, mais je resterai toujours vigilante&quot;, r\u00e9agit Karine Le Marchand aux excuses de Cyril Hanouna\" target=\"_blank\" rel=\"noopener\">Karine Le Marchand<\/a>, au micro de RTL, ce mercredi 28 mai. L&rsquo;animatrice est aussi revenue sur sa m\u00e9thode de travail, tr\u00e8s pr\u00e9cise. Elle n&rsquo;h\u00e9site pas \u00e0 interroger les proches. \u00ab\u00a0J&rsquo;ai besoin de travailler en amont, pendant des mois, pour <strong>faire ce que j&rsquo;appelle &lsquo;la Bible'\u00a0\u00bb,<\/strong> a expliqu\u00e9 la pr\u00e9sentatrice.\u00a0<\/p>\n<p class=\"article-p mdl\">\u00ab\u00a0J&rsquo;ai 300 pages\u00a0\u00bb, a poursuivi Karine Le Marchand. Son objectif est d&rsquo;avoir le plus d&rsquo;informations sur son invit\u00e9, ce qu&rsquo;il mange, ce qu&rsquo;il aime, comment \u00e7a se passe le matin, etc. \u00ab\u00a0Je suis oblig\u00e9e de faire une grande enqu\u00eate, y compris avec des gens qui ne passeront jamais \u00e0 la t\u00e9l\u00e9vision. Et puis, \u00e7a nous permet aussi d<strong>&lsquo;avoir des surprises, de les emmener sur autre chose<\/strong>\u00ab\u00a0, a \u00e9galement racont\u00e9 l&rsquo;animatrice.\u00a0<\/p>\n<p class=\"article-p mdl\">\u00ab\u00a0On raconte ce qui nous arrange, on sait ce qui va faire mouche, ce qui va cr\u00e9er de l&rsquo;\u00e9motion. Mais moi, ce n&rsquo;est pas \u00e7a que je veux. Moi, je veux vraiment que ce soit<strong> la vraie chronologie de leur construction<\/strong>\u00ab\u00a0, a soulign\u00e9 Karine Le Marchand. Lors de ce nouveau num\u00e9ro,\u00a0<a class=\"link\" href=\"https:\/\/www.rtl.fr\/actu\/politique\/on-a-vraiment-ete-tres-solidaires-dans-une-ambition-intime-fabien-roussel-raconte-le-cancer-qu-a-vaincu-sa-fille-7900508813\" title=\"&quot;On a vraiment \u00e9t\u00e9 tr\u00e8s solidaires&quot; : dans &quot;Une ambition intime&quot;, Fabien Roussel raconte le cancer qu&#039;a vaincu sa fille\" target=\"_blank\" rel=\"noopener\">Fabien Roussel<\/a>\u00a0revient notamment sur le cancer que sa fille a d\u00fb combattre.<\/p>\n<p>    La r\u00e9daction vous recommande<\/p>\n<p class=\"s-newsletter__title\">\n                L\u2019actualit\u00e9 par la r\u00e9daction de RTL dans votre bo\u00eete mail.\n            <\/p>\n<p class=\"s-newsletter__subtitle\">\n                Gr\u00e2ce \u00e0 votre compte RTL abonnez-vous \u00e0 la newsletter RTL info pour suivre toute l&rsquo;actualit\u00e9 au quotidien\n            <\/p>\n<p>\n                                    Lire la suite\n                                <\/p>\n","protected":false},"excerpt":{"rendered":"G\u00e9rald Darmanin, Sandrine Rousseau, Fabien Roussel et Jordan Bardella. Voil\u00e0 le casting du prochain num\u00e9ro de l&rsquo;\u00e9mission Une&hellip;\n","protected":false},"author":2,"featured_media":135899,"comment_status":"","ping_status":"","sticky":false,"template":"","format":"standard","meta":{"footnotes":""},"categories":[1356],"tags":[58,2889,59,24427,107,1011,27,432,1077,5413,494,316,6522,252,1364],"class_list":{"0":"post-135898","1":"post","2":"type-post","3":"status-publish","4":"format-standard","5":"has-post-thumbnail","7":"category-television","8":"tag-divertissement","9":"tag-emission","10":"tag-entertainment","11":"tag-fabien-roussel","12":"tag-fil-info","13":"tag-fr","14":"tag-france","15":"tag-gerald-darmanin","16":"tag-jordan-bardella","17":"tag-karine-le-marchand","18":"tag-m6","19":"tag-politique","20":"tag-sandrine-rousseau","21":"tag-television","22":"tag-tv"},"share_on_mastodon":{"url":"https:\/\/pubeurope.com\/@fr\/114589017292229137","error":""},"_links":{"self":[{"href":"https:\/\/www.europesays.com\/fr\/wp-json\/wp\/v2\/posts\/135898","targetHints":{"allow":["GET"]}}],"collection":[{"href":"https:\/\/www.europesays.com\/fr\/wp-json\/wp\/v2\/posts"}],"about":[{"href":"https:\/\/www.europesays.com\/fr\/wp-json\/wp\/v2\/types\/post"}],"author":[{"embeddable":true,"href":"https:\/\/www.europesays.com\/fr\/wp-json\/wp\/v2\/users\/2"}],"replies":[{"embeddable":true,"href":"https:\/\/www.europesays.com\/fr\/wp-json\/wp\/v2\/comments?post=135898"}],"version-history":[{"count":0,"href":"https:\/\/www.europesays.com\/fr\/wp-json\/wp\/v2\/posts\/135898\/revisions"}],"wp:featuredmedia":[{"embeddable":true,"href":"https:\/\/www.europesays.com\/fr\/wp-json\/wp\/v2\/media\/135899"}],"wp:attachment":[{"href":"https:\/\/www.europesays.com\/fr\/wp-json\/wp\/v2\/media?parent=135898"}],"wp:term":[{"taxonomy":"category","embeddable":true,"href":"https:\/\/www.europesays.com\/fr\/wp-json\/wp\/v2\/categories?post=135898"},{"taxonomy":"post_tag","embeddable":true,"href":"https:\/\/www.europesays.com\/fr\/wp-json\/wp\/v2\/tags?post=135898"}],"curies":[{"name":"wp","href":"https:\/\/api.w.org\/{rel}","templated":true}]}}