{"id":135900,"date":"2025-05-29T03:33:09","date_gmt":"2025-05-29T03:33:09","guid":{"rendered":"https:\/\/www.europesays.com\/fr\/135900\/"},"modified":"2025-05-29T03:33:09","modified_gmt":"2025-05-29T03:33:09","slug":"joe-dassin-son-fils-debarque-sur-tf1-un-detail-physique-interpelle","status":"publish","type":"post","link":"https:\/\/www.europesays.com\/fr\/135900\/","title":{"rendered":"Joe Dassin : son fils d\u00e9barque sur TF1, un d\u00e9tail physique interpelle"},"content":{"rendered":"<p>      R\u00e9sum\u00e9<\/p>\n<p>Julien Dassin, fils de Joe Dassin, est apparu aux 12 Coups de Midi pour pr\u00e9senter son livre intime sur son p\u00e8re, r\u00e9v\u00e9lant une ressemblance physique saisissante et une d\u00e9marche sinc\u00e8re.<\/p>\n<p>        Sommaire<\/p>\n<p>C\u2019\u00e9tait une surprise charg\u00e9e d\u2019\u00e9motion pour les t\u00e9l\u00e9spectateurs des 12 Coups de Midi. Ce jour-l\u00e0, sur le plateau de l\u2019\u00e9mission culte de TF1, Jean-Luc Reichmann a accueilli Julien Dassin,<a href=\"https:\/\/www.public.fr\/10-000-euros-par-mois-joe-dassin-lenorme-revenu-mensuel-de-ses-enfants-revele\" target=\"_blank\" rel=\"noopener\"> fils cadet du l\u00e9gendaire Joe Dassin<\/a>, venu promouvoir la sortie de son tout premier livre.<\/p>\n<p>\u00c0 45 ans, l\u2019artiste marche sur les traces de son p\u00e8re avec une \u00e9l\u00e9gance et une sinc\u00e9rit\u00e9 qui ont touch\u00e9 le c\u0153ur du public.<\/p>\n<p>Un invit\u00e9 inattendu, un moment suspendu<\/p>\n<p>Le 20 ao\u00fbt 1980, Joe Dassin d\u00e9c\u00e9dait subitement des suites d&rsquo;une crise cardiaque. \u00c0 sa mort, le c\u00e9l\u00e8bre chanteur a laiss\u00e9 derri\u00e8re lui deux fils, Jonathan et Julien, fruit de son amour avec sa seconde \u00e9pouse, Christine Delvaux.<\/p>\n<p>Aujourd&rsquo;hui \u00e2g\u00e9 de 45 ans, <a href=\"https:\/\/www.public.fr\/diaporamas\/helene-segara-son-nouveau-gros-projet-avec-julien-le-fils-de-joe-dassin\" target=\"_blank\" rel=\"noopener\">Julien Dassin s&rsquo;\u00e9panouit \u00e0 la fois en tant que com\u00e9dien et en tant que chanteur<\/a>. Mais c&rsquo;est pour assurer la promotion de son livre qu&rsquo;il a sign\u00e9 une apparition remarqu\u00e9e, ce mercredi 28 mai 2025, sur le plateau des \u00ab\u00a012 Coups de Midi\u00a0\u00bb.<\/p>\n<p>D\u00e8s son arriv\u00e9e, <strong>la ressemblance physique frappante entre Julien et son p\u00e8re Joe<\/strong> a capt\u00e9 l\u2019attention. M\u00eame regard franc, m\u00eame sourire m\u00e9lancolique, m\u00eame prestance discr\u00e8te \u2014 Julien semble \u00eatre la continuit\u00e9 vivante de la l\u00e9gende.<\/p>\n<p>Un livre intime et lumineux<\/p>\n<p>Pour honorer la m\u00e9moire de <strong><a href=\"https:\/\/www.public.fr\/je-pense-souvent-a-lui-les-confidences-dechirantes-de-julien-le-fils-de-joe-dassin\" target=\"_blank\" rel=\"noopener\">son p\u00e8re disparu quand il n&rsquo;avait que six mois<\/a><\/strong>, Julien Dassin vient de publier un ouvrage intitul\u00e9 : \u00ab\u00a0Il \u00e9tait une fois nous deux &#8211; Joe Dassin, mon p\u00e8re\u00a0\u00bb. Dans ce livre, il livre un t\u00e9moignage personnel, entre r\u00e9cit familial, hommage affectueux et r\u00e9flexion sur la m\u00e9moire.<\/p>\n<p>Plus qu\u2019une biographie, il s\u2019agit d\u2019un voyage int\u00e9rieur, d\u2019un fils qui, adulte, tente de mieux comprendre un p\u00e8re disparu trop t\u00f4t. \u00c0 travers ses mots, Julien retrace les instants vol\u00e9s de l\u2019enfance, les silences parfois lourds, mais aussi l\u2019immense fiert\u00e9 d\u2019\u00eatre le fils de Joe Dassin. Loin du sensationnalisme, l\u2019ouvrage d\u00e9peint un artiste et un p\u00e8re dans toute sa complexit\u00e9, son rayonnement et ses fragilit\u00e9s.<\/p>\n<p>      Mentionn\u00e9s dans cet article<\/p>\n<p>\u00c0 lire aussi<\/p>\n","protected":false},"excerpt":{"rendered":"R\u00e9sum\u00e9 Julien Dassin, fils de Joe Dassin, est apparu aux 12 Coups de Midi pour pr\u00e9senter son livre&hellip;\n","protected":false},"author":2,"featured_media":135901,"comment_status":"","ping_status":"","sticky":false,"template":"","format":"standard","meta":{"footnotes":""},"categories":[1355],"tags":[58,59,1011,27,23574,466,1361,873,199],"class_list":{"0":"post-135900","1":"post","2":"type-post","3":"status-publish","4":"format-standard","5":"has-post-thumbnail","7":"category-musique","8":"tag-divertissement","9":"tag-entertainment","10":"tag-fr","11":"tag-france","12":"tag-joe-dassin","13":"tag-les-12-coups-de-midi","14":"tag-music","15":"tag-musique","16":"tag-tf1"},"share_on_mastodon":{"url":"https:\/\/pubeurope.com\/@fr\/114589021284335290","error":""},"_links":{"self":[{"href":"https:\/\/www.europesays.com\/fr\/wp-json\/wp\/v2\/posts\/135900","targetHints":{"allow":["GET"]}}],"collection":[{"href":"https:\/\/www.europesays.com\/fr\/wp-json\/wp\/v2\/posts"}],"about":[{"href":"https:\/\/www.europesays.com\/fr\/wp-json\/wp\/v2\/types\/post"}],"author":[{"embeddable":true,"href":"https:\/\/www.europesays.com\/fr\/wp-json\/wp\/v2\/users\/2"}],"replies":[{"embeddable":true,"href":"https:\/\/www.europesays.com\/fr\/wp-json\/wp\/v2\/comments?post=135900"}],"version-history":[{"count":0,"href":"https:\/\/www.europesays.com\/fr\/wp-json\/wp\/v2\/posts\/135900\/revisions"}],"wp:featuredmedia":[{"embeddable":true,"href":"https:\/\/www.europesays.com\/fr\/wp-json\/wp\/v2\/media\/135901"}],"wp:attachment":[{"href":"https:\/\/www.europesays.com\/fr\/wp-json\/wp\/v2\/media?parent=135900"}],"wp:term":[{"taxonomy":"category","embeddable":true,"href":"https:\/\/www.europesays.com\/fr\/wp-json\/wp\/v2\/categories?post=135900"},{"taxonomy":"post_tag","embeddable":true,"href":"https:\/\/www.europesays.com\/fr\/wp-json\/wp\/v2\/tags?post=135900"}],"curies":[{"name":"wp","href":"https:\/\/api.w.org\/{rel}","templated":true}]}}