{"id":135904,"date":"2025-05-29T03:35:13","date_gmt":"2025-05-29T03:35:13","guid":{"rendered":"https:\/\/www.europesays.com\/fr\/135904\/"},"modified":"2025-05-29T03:35:13","modified_gmt":"2025-05-29T03:35:13","slug":"appliquez-cette-technique-sur-le-citronnier-pour-de-beaux-citrons","status":"publish","type":"post","link":"https:\/\/www.europesays.com\/fr\/135904\/","title":{"rendered":"Appliquez cette technique sur le citronnier pour de beaux citrons"},"content":{"rendered":"<p itemprop=\"description\">On l\u2019imagine poussant au soleil, entre deux oliviers, mais le citronnier peut aussi s\u2019inviter sur nos balcons. Encore faut-il savoir comment le tailler pour qu\u2019il donne de beaux fruits. Et \u00e7a, peu de gens le font correctement&#8230;<\/p>\n<p>Il suffit de froisser une feuille entre les doigts pour que l\u2019air se parfume d\u2019un ar\u00f4me vif, presque piquant. Le citronnier, c\u2019est un concentr\u00e9 de M\u00e9diterran\u00e9e \u00e0 lui tout seul. Un arbre modeste en taille, mais immense en caract\u00e8re. Il \u00e9voque les march\u00e9s de Sicile, les terrasses d\u2019Espagne ou les jardins de Menton o\u00f9, chaque ann\u00e9e, les chars de la F\u00eate du Citron d\u00e9filent au rythme de ses fruits dor\u00e9s. Mais aussi d\u00e9coratif soit-il, ce petit arbre n\u2019est pas l\u00e0 que pour faire joli. Sous ses airs robustes, il cache un temp\u00e9rament d\u00e9licat. Pour qu\u2019il continue \u00e0 produire ses pr\u00e9cieux citrons, une chose est capitale : la taille. Et il ne faut surtout pas la rater.<\/p>\n<p>   Pourquoi le citronnier a besoin d\u2019\u00eatre taill\u00e9 au bon moment <\/p>\n<p class=\"\" data-start=\"1218\" data-end=\"1487\"><a href=\"https:\/\/monjardinmamaison.maison-travaux.fr\/mon-jardin-ma-maison\/plantes-par-type\/arbres-et-arbustes\/arbres-fruitiers\/faire-pousser-citronnier-mois-sans-engrais-ni-peau-banane-methode-jardiniers-498845.html\" rel=\"nofollow noopener\" target=\"_blank\">Le citronnier a cette particularit\u00e9 qu\u2019il pousse vite<\/a>\u2026 parfois un peu trop. Si on le laisse faire, il d\u00e9pense toute son \u00e9nergie \u00e0 produire des branches dans tous les sens, au d\u00e9triment des fruits. R\u00e9sultat : un feuillage dense, mal a\u00e9r\u00e9, et une fructification en berne. La <strong data-start=\"1492\" data-end=\"1502\">taille<\/strong> n\u2019a donc rien d\u2019optionnel. Elle permet \u00e0 l\u2019arbre de se recentrer sur l\u2019essentiel : produire de beaux citrons bien juteux. Elle favorise la circulation de l\u2019air, pr\u00e9vient les maladies et rend la cueillette plus simple.<\/p>\n<p class=\"\" data-start=\"1722\" data-end=\"2037\">Mais attention : tout est une question de <strong data-start=\"1764\" data-end=\"1774\">timing<\/strong>. Le bon moment pour <a href=\"https:\/\/monjardinmamaison.maison-travaux.fr\/mon-jardin-ma-maison\/peut-on-tailler-le-citronnier-a-la-fin-du-mois-davril-456122.html\" rel=\"nofollow noopener\" target=\"_blank\">tailler le citronnier<\/a> se situe <strong data-start=\"1799\" data-end=\"1825\">entre mars et fin avril<\/strong>, quand les temp\u00e9ratures commencent \u00e0 grimper mais que la nouvelle pousse n\u2019est pas encore lanc\u00e9e. Tailler trop t\u00f4t, c\u2019est exposer l\u2019arbre au froid. Trop tard, et vous risquez de couper des bourgeons prometteurs.<\/p>\n<p> Taille du citronnier : une \u00e9tape cl\u00e9 avant fin avril <\/p>\n<p class=\"\" data-start=\"2093\" data-end=\"2235\">Si le geste est simple, il ne s\u2019improvise pas. Un s\u00e9cateur mal utilis\u00e9 peut faire plus de mal que de bien \u00e0 votre <a href=\"https:\/\/monjardinmamaison.maison-travaux.fr\/mon-jardin-ma-maison\/plantes-par-type\/arbres-et-arbustes\/arbres-arbustes\/printemps-placez-citronnier-ici-attirer-bonheur-reussite-480092.html\" rel=\"nofollow noopener\" target=\"_blank\">citronnier<\/a>. Voici les bons r\u00e9flexes \u00e0 adopter :<\/p>\n<ul data-start=\"2237\" data-end=\"2885\">\n<li class=\"\" data-start=\"2237\" data-end=\"2403\">\n<p class=\"\" data-start=\"2239\" data-end=\"2403\"><strong data-start=\"2239\" data-end=\"2289\">Commencez par \u00e9liminer tout ce qui est inutile<\/strong> : bois mort, branches malades, parties ab\u00eem\u00e9es. Cela \u00e9vite la propagation des champignons et autres ind\u00e9sirables.<\/p>\n<\/li>\n<li class=\"\" data-start=\"2404\" data-end=\"2554\">\n<p class=\"\" data-start=\"2406\" data-end=\"2554\"><strong data-start=\"2406\" data-end=\"2434\">A\u00e9rez le c\u0153ur de l\u2019arbre<\/strong> : supprimez les rameaux qui se croisent ou qui poussent vers l\u2019int\u00e9rieur. L\u2019id\u00e9e, c\u2019est que la lumi\u00e8re p\u00e9n\u00e8tre partout.<\/p>\n<\/li>\n<li class=\"\" data-start=\"2555\" data-end=\"2707\">\n<p class=\"\" data-start=\"2557\" data-end=\"2707\"><strong data-start=\"2557\" data-end=\"2607\">Coupez les pousses verticales trop vigoureuses<\/strong> qui \u00e9puisent l\u2019arbre. Pr\u00e9f\u00e9rez une forme harmonieuse, \u00e9quilibr\u00e9e, qui laisse respirer le feuillage.<\/p>\n<\/li>\n<li class=\"\" data-start=\"2708\" data-end=\"2885\">\n<p class=\"\" data-start=\"2710\" data-end=\"2885\"><strong data-start=\"2710\" data-end=\"2744\">Appliquez un baume cicatrisant<\/strong> sur les coupes importantes. Une simple p\u00e2te maison \u00e0 base de <strong>cannelle<\/strong> peut suffire pour \u00e9viter les infections et acc\u00e9l\u00e9rer la cicatrisation.<\/p>\n<\/li>\n<\/ul>\n<p class=\"\" data-start=\"2887\" data-end=\"2999\">Prenez toujours soin de d\u00e9sinfecter votre s\u00e9cateur avant de <a href=\"https:\/\/monjardinmamaison.maison-travaux.fr\/diaporama-accueil\/citronnier-des-4-saisons-plantation-taille-et-entretien-493683.html\" rel=\"nofollow noopener\" target=\"_blank\">tailler votre citronnier<\/a> \u2014 un petit geste qui \u00e9vite bien des catastrophes.<\/p>\n<p>  Entretenir un citronnier toute l&rsquo;ann\u00e9e : les gestes essentiels <\/p>\n<p>Le citronnier demande aussi<strong> un entretien fr\u00e9quent<\/strong> en dehors de la taille. Pour le garder en bonne sant\u00e9,<strong> arrosez-le<\/strong> r\u00e9guli\u00e8rement, surtout lors des p\u00e9riodes de fortes chaleurs. Le sol doit \u00eatre<strong> humide<\/strong>, mais pas d\u00e9tremp\u00e9.<strong> Un drainage<\/strong> cons\u00e9quent est n\u00e9cessaire pour \u00e9viter <strong>l&rsquo;engorgement.<\/strong><\/p>\n<p>Par ailleurs, il est important de<strong> le fertiliser<\/strong> avec un engrais pour <a href=\"https:\/\/monjardinmamaison.maison-travaux.fr\/mon-jardin-ma-maison\/plantes-par-type\/maladies-plantes\/maladies-nuisibles-agrumes-a-connaitre-338720.html\" rel=\"nofollow noopener\" target=\"_blank\">agrumes<\/a>. Dans les gammes <strong>de produit bio,<\/strong> il en existe des tr\u00e8s efficaces. Il est conseill\u00e9 <strong>de surveiller<\/strong> attentivement les signes de pr\u00e9sence des pucerons, des cochenilles et des acariens. Attention, <strong>ces insectes et parasites<\/strong> ont des effets <strong>tr\u00e8s n\u00e9fastes<\/strong> sur votre arbre ! Il en va de m\u00eame pour les maladies telles que la pourriture des racines et la moisissure grise. Il faut<strong> les traiter au plus vite<\/strong> avant qu&rsquo;ils<strong> n&rsquo;endommagent vos arbres <\/strong>sur le long terme !<\/p>\n<p> FAQ sur les citronniers : Quel emplacement pour un citronnier ? <\/p>\n<p class=\"p1\">Le citronnier a besoin de soleil, placez-le \u00e0 proximit\u00e9 d\u2019une fen\u00eatre s\u2019il s\u2019agit d\u2019un citronnier en pot. Privil\u00e9giez \u00e9galement un balcon ensoleill\u00e9 ou une terrasse expos\u00e9e sud. Si votre citronnier ne dispose pas d\u2019une exposition au soleil, vous pouvez toujours vous tourner vers<\/p>\n<p> Quelle temp\u00e9rature peut supporter un citronnier ? <\/p>\n<p class=\"p1\">Le citronnier adore le soleil, placez-le \u00e0 l\u2019abri du vent et il peut supporter des temp\u00e9ratures qui oscillent entre 5 et 10 degr\u00e9. Il ne supporte pas des temp\u00e9ratures inf\u00e9rieures \u00e0 -5 degr\u00e9. Durant l\u2019hiver, une temp\u00e9rature sup\u00e9rieure \u00e0 10 degr\u00e9 peut lui causer du tord et lui abimer son beau feuillage.<\/p>\n<p> Comment faire pour avoir des fruits sur un citronnier ? <\/p>\n<p class=\"p1\">L\u2019\u00e9tape indispensable reste l\u2019arrosage. Il faut pouvoir apporter au citronnier son besoin en eau tr\u00e8s r\u00e9guli\u00e8rement notamment lors du printemps et en \u00e9t\u00e9. Pensez \u00e0 arroser le citronnier 2 \u00e0 3 fois par semaine.<\/p>\n<p> Pourquoi laisser un citron sur l\u2019arbre ? <\/p>\n<p class=\"p1\">Pour que votre citronnier puisse s\u2019\u00e9panouir pleinement, laissez-le m\u00fbrir sur l\u2019arbre. Les agrumes ne murissent plus une fois cueillis.<\/p>\n<p> Pourquoi ne pas manger la premi\u00e8re r\u00e9colte de citron ? <\/p>\n<p class=\"p1\">La premi\u00e8re r\u00e9colte du citronnier risque de pr\u00e9senter une teneur trop \u00e9lev\u00e9e en acide citrique. Le citron consomm\u00e9 peut alors irriter votre estomac, il est conseill\u00e9 de se montrer patient, en effet les citrons de la premi\u00e8re r\u00e9colte ne sont pas assez m\u00fbrs.<\/p>\n","protected":false},"excerpt":{"rendered":"On l\u2019imagine poussant au soleil, entre deux oliviers, mais le citronnier peut aussi s\u2019inviter sur nos balcons. Encore&hellip;\n","protected":false},"author":2,"featured_media":135905,"comment_status":"","ping_status":"","sticky":false,"template":"","format":"standard","meta":{"footnotes":""},"categories":[10],"tags":[1011,27,72,6055,71,729],"class_list":{"0":"post-135904","1":"post","2":"type-post","3":"status-publish","4":"format-standard","5":"has-post-thumbnail","7":"category-sante","8":"tag-fr","9":"tag-france","10":"tag-health","11":"tag-republishing","12":"tag-sante","13":"tag-yout_video"},"share_on_mastodon":{"url":"https:\/\/pubeurope.com\/@fr\/114589029141280429","error":""},"_links":{"self":[{"href":"https:\/\/www.europesays.com\/fr\/wp-json\/wp\/v2\/posts\/135904","targetHints":{"allow":["GET"]}}],"collection":[{"href":"https:\/\/www.europesays.com\/fr\/wp-json\/wp\/v2\/posts"}],"about":[{"href":"https:\/\/www.europesays.com\/fr\/wp-json\/wp\/v2\/types\/post"}],"author":[{"embeddable":true,"href":"https:\/\/www.europesays.com\/fr\/wp-json\/wp\/v2\/users\/2"}],"replies":[{"embeddable":true,"href":"https:\/\/www.europesays.com\/fr\/wp-json\/wp\/v2\/comments?post=135904"}],"version-history":[{"count":0,"href":"https:\/\/www.europesays.com\/fr\/wp-json\/wp\/v2\/posts\/135904\/revisions"}],"wp:featuredmedia":[{"embeddable":true,"href":"https:\/\/www.europesays.com\/fr\/wp-json\/wp\/v2\/media\/135905"}],"wp:attachment":[{"href":"https:\/\/www.europesays.com\/fr\/wp-json\/wp\/v2\/media?parent=135904"}],"wp:term":[{"taxonomy":"category","embeddable":true,"href":"https:\/\/www.europesays.com\/fr\/wp-json\/wp\/v2\/categories?post=135904"},{"taxonomy":"post_tag","embeddable":true,"href":"https:\/\/www.europesays.com\/fr\/wp-json\/wp\/v2\/tags?post=135904"}],"curies":[{"name":"wp","href":"https:\/\/api.w.org\/{rel}","templated":true}]}}