{"id":135906,"date":"2025-05-29T03:36:12","date_gmt":"2025-05-29T03:36:12","guid":{"rendered":"https:\/\/www.europesays.com\/fr\/135906\/"},"modified":"2025-05-29T03:36:12","modified_gmt":"2025-05-29T03:36:12","slug":"ldc-blaise-matuidi-apporte-son-soutien-au-psg","status":"publish","type":"post","link":"https:\/\/www.europesays.com\/fr\/135906\/","title":{"rendered":"LDC \u2013 Blaise Matuidi apporte son soutien au PSG &#8211;"},"content":{"rendered":"<p><img width=\"600\" height=\"315\" src=\"https:\/\/www.europesays.com\/fr\/wp-content\/uploads\/2025\/05\/Matuidi.jpg\" class=\"attachment-jannah-image-post size-jannah-image-post wp-post-image\" alt=\"Matuidi\" is_main_img=\"1\" decoding=\"async\" fetchpriority=\"high\"  \/><\/p>\n<p>Le PSG joue la finale de la Ligue des champions contre<br \/>\nl\u2019Inter Milan samedi soir. Blaise Matuidi, qui a jou\u00e9 pendant six<br \/>\nans au PSG, a apport\u00e9 son soutien \u00e0 son ancien club.<\/p>\n<p>Dans trois jours, le <strong>PSG<\/strong> affronte<br \/>\nl\u2019<strong>Inter Milan<\/strong> en finale de la <strong>Ligue des<br \/>\nchampions<\/strong>. Le club de la capitale, tout comme ses<br \/>\nsupporters, r\u00eave de ramener le troph\u00e9e de la plus prestigieuse des<br \/>\ncomp\u00e9titions dans le football de clubs \u00e0 <strong>Paris<\/strong>.<br \/>\nDes <a href=\"https:\/\/canal-supporters.com\/kehrer-convaincu-que-cette-annee-ils-vont-le-faire\/\" title=\"\" rel=\"nofollow noopener\" target=\"_blank\">anciens joueurs<\/a> du club de la capitale, qui ont r\u00eav\u00e9<br \/>\nde la soulever lors de leur passage dans la capitale fran\u00e7aise<br \/>\naussi. C\u2019est le cas de <strong>Blaise Matuidi<\/strong>, qui a port\u00e9<br \/>\nles couleurs des Rouge &amp; Bleu pendant six ans (2011-2017, 295<br \/>\nmatches, 33 buts). L\u2019ancien milieu de terrain a apport\u00e9 son soutien<br \/>\nau <strong>PSG<\/strong> via sa page <a href=\"https:\/\/www.linkedin.com\/feed\/update\/urn:li:activity:7333024255510556672\/\" target=\"_blank\" rel=\"noopener nofollow\" title=\"\">Likendin<\/a>.\u00a0<\/p>\n<p>A voir aussi : <a href=\"https:\/\/canal-supporters.com\/rai-estime-que-le-psg-est-le-favori-de-la-finale-de-ligue-des-champions\/\" title=\"\" rel=\"nofollow noopener\" target=\"_blank\">Rai estime que le PSG est le favori de la finale de Ligue<br \/>\ndes champions<\/a><\/p>\n<p><a href=\"https:\/\/x.com\/CanalSupporters\" target=\"_blank\" rel=\"noopener nofollow\" title=\"\">canalsupporters.com<\/a><\/p>\n<p>\u00ab\u00a0Samedi,<br \/>\nle PSG joue avec son histoire\u00a0\u00bb<\/p>\n<p>\u00ab\u00a0Samedi, le <strong>PSG<\/strong> joue avec son<br \/>\nhistoire. Je crois que personne n\u2019imagine ce qu\u2019il se passe dans la<br \/>\nt\u00eate d\u2019un joueur avant une finale. Ce week-end, la<br \/>\n<strong>France<\/strong> enti\u00e8re sera <a href=\"https:\/\/canal-supporters.com\/ldc-ancien-de-lom-souleymane-diawara-veut-voir-le-psg-simposer-en-finale-contre-linter-milan\/\" title=\"\" rel=\"nofollow noopener\" target=\"_blank\">derri\u00e8re<\/a> le <strong>PSG<\/strong> (enfin j\u2019esp\u00e8re). Car<br \/>\nils peuvent accomplir quelque chose de sp\u00e9cial. Et dans ces moments<br \/>\ncl\u00e9s, que j\u2019ai connus avec l\u2019<strong>\u00e9quipe de France<\/strong><br \/>\nquand on a gagn\u00e9 la <strong>Coupe du Monde 2018<\/strong>, plus rien<br \/>\nn\u2019existe autour. Dans ces moments cl\u00e9s, on doit faire le vide et se<br \/>\nconcentrer sur une chose pourtant peu mentionn\u00e9e par les<br \/>\ncommentateurs : le plaisir. \u00c7a peut para\u00eetre fou quand l\u2019enjeu est<br \/>\naussi grand. \u00c7a peut para\u00eetre fou quand tu portes ton histoire sur<br \/>\nles \u00e9paules. \u00c7a peut para\u00eetre fou quand tu es \u00e0 90 minutes de<br \/>\nchanger ta vie. Le plaisir, c\u2019est si important, car c\u2019est la raison<br \/>\npour laquelle on se bat, la raison pour laquelle on veut \u00e9voluer au<br \/>\nplus haut niveau. Et c\u2019est tentant d\u2019oublier et de ne se concentrer<br \/>\nque sur le r\u00e9sultat. Mais l\u00e0, on est au-del\u00e0. Quand tu t\u2019es battu<br \/>\ndepuis que t\u2019es petit sur un objectif et que tu es \u00e0 ton prime,<br \/>\nc\u2019est le moment de refaire sortir l\u2019enfant en toi ! Celui qui se<br \/>\nbattait par plaisir, pas par pression. Et c\u2019est cet enfant qui<br \/>\npourra jouer rel\u00e2ch\u00e9 et aller chercher les plus belles victoires de<br \/>\nnos vies. ICI C\u2019EST <strong>PARIS<\/strong>.\u00a0\u00bb<\/p><\/p>\n","protected":false},"excerpt":{"rendered":"Le PSG joue la finale de la Ligue des champions contre l\u2019Inter Milan samedi soir. Blaise Matuidi, qui&hellip;\n","protected":false},"author":2,"featured_media":102429,"comment_status":"","ping_status":"","sticky":false,"template":"","format":"standard","meta":{"footnotes":""},"categories":[9],"tags":[21941,26178,21846,786,81,448,2396,1011,27,789,447,26179,626,91,92,93,19330,20357,19331,19332,60,795,796,96],"class_list":{"0":"post-135906","1":"post","2":"type-post","3":"status-publish","4":"format-standard","5":"has-post-thumbnail","7":"category-sports","8":"tag-anciens-psg","9":"tag-aniens","10":"tag-blaise-matuidi","11":"tag-c1","12":"tag-canal-supporters","13":"tag-champions-league","14":"tag-finale","15":"tag-fr","16":"tag-france","17":"tag-ldc","18":"tag-ligue-des-champions","19":"tag-matuidi","20":"tag-paris","21":"tag-paris-saint-germain","22":"tag-paris-sg","23":"tag-psg","24":"tag-psg-int","25":"tag-psg-inter","26":"tag-psg-inter-milan","27":"tag-psgint","28":"tag-sports","29":"tag-ucl","30":"tag-uefa-champions-league","31":"tag-une"},"share_on_mastodon":{"url":"https:\/\/pubeurope.com\/@fr\/114589033201006963","error":""},"_links":{"self":[{"href":"https:\/\/www.europesays.com\/fr\/wp-json\/wp\/v2\/posts\/135906","targetHints":{"allow":["GET"]}}],"collection":[{"href":"https:\/\/www.europesays.com\/fr\/wp-json\/wp\/v2\/posts"}],"about":[{"href":"https:\/\/www.europesays.com\/fr\/wp-json\/wp\/v2\/types\/post"}],"author":[{"embeddable":true,"href":"https:\/\/www.europesays.com\/fr\/wp-json\/wp\/v2\/users\/2"}],"replies":[{"embeddable":true,"href":"https:\/\/www.europesays.com\/fr\/wp-json\/wp\/v2\/comments?post=135906"}],"version-history":[{"count":0,"href":"https:\/\/www.europesays.com\/fr\/wp-json\/wp\/v2\/posts\/135906\/revisions"}],"wp:featuredmedia":[{"embeddable":true,"href":"https:\/\/www.europesays.com\/fr\/wp-json\/wp\/v2\/media\/102429"}],"wp:attachment":[{"href":"https:\/\/www.europesays.com\/fr\/wp-json\/wp\/v2\/media?parent=135906"}],"wp:term":[{"taxonomy":"category","embeddable":true,"href":"https:\/\/www.europesays.com\/fr\/wp-json\/wp\/v2\/categories?post=135906"},{"taxonomy":"post_tag","embeddable":true,"href":"https:\/\/www.europesays.com\/fr\/wp-json\/wp\/v2\/tags?post=135906"}],"curies":[{"name":"wp","href":"https:\/\/api.w.org\/{rel}","templated":true}]}}