{"id":135907,"date":"2025-05-29T03:37:11","date_gmt":"2025-05-29T03:37:11","guid":{"rendered":"https:\/\/www.europesays.com\/fr\/135907\/"},"modified":"2025-05-29T03:37:11","modified_gmt":"2025-05-29T03:37:11","slug":"christian-clavier-exile-fiscal-sa-compagne-et-ses-enfants-lont-jete-dans-la-gueule-du-loup","status":"publish","type":"post","link":"https:\/\/www.europesays.com\/fr\/135907\/","title":{"rendered":"Christian Clavier exil\u00e9 fiscal ? Sa compagne et ses enfants l\u2019ont jet\u00e9 dans la gueule du loup"},"content":{"rendered":"<p>Elles brillent \u00e0 l\u2019\u00e9cran et\/ou enflamment les sc\u00e8nes, mais&#8230;<br \/>\nremplissent leur d\u00e9claration d\u2019imp\u00f4ts bien loin de l\u2019Hexagone ! De<br \/>\nJohnny Hallyday, qui avait un temps pos\u00e9 ses valises \u00e0 Pacific<br \/>\nPalissades, aux \u00c9tats-Unis, \u00e0 <a href=\"https:\/\/www.closermag.fr\/people\/gerard-depardieu-peu-entendu-sur-laffaire-pierre-niney-se-rattrape-a-cannes-3546898\" target=\"_blank\" rel=\"noopener\"><br \/>\nG\u00e9rard Depardieu<\/a>, devenu citoyen russe apr\u00e8s un d\u00e9tour par la<br \/>\nBelgique, en passant par Alain Delon, longtemps install\u00e9 en<br \/>\nSuisse<strong>, certaines c\u00e9l\u00e9brit\u00e9s fran\u00e7aises avaient choisi<br \/>\nl\u2019exil fiscal<\/strong> comme nouveau d\u00e9cor de vie.<\/p>\n<p>Christian Clavier fait-il partie de ce cercle (tr\u00e8s) ferm\u00e9 ?<br \/>\nComme l&rsquo;a rappel\u00e9 <a href=\"https:\/\/www.linforme.com\/medias-culture\/article\/les-acrobaties-de-christian-clavier-pour-semer-le-fisc-francais_2892.html\" target=\"_blank\" rel=\"noopener\"><br \/>\nL&rsquo;inform\u00e9<\/a>, en juin 2012, l&rsquo;acteur de Papy fait de la<br \/>\nr\u00e9sistance a fait l&rsquo;acquisition d\u2019une maison dans le quartier<br \/>\nd\u2019Earls Court, \u00e0 Londres. Son (modique) prix ? \u00c0 peu pr\u00e8s 4,30<br \/>\nmillions d&rsquo;euros. Toujours selon le journal, dans la foul\u00e9e, il a<br \/>\ntransf\u00e9r\u00e9 <strong>quelques 4 millions d&rsquo;euros de placement<br \/>\nfinanciers<\/strong> dans ce pays plus avantageux fiscalement. Ce<br \/>\nd\u00e9m\u00e9nagement express faisait <strong>suite \u00e0 l&rsquo;\u00e9lection de<\/strong><br \/>\n<a href=\"https:\/\/www.telestar.fr\/people\/sa-femme-francois-hollande-humilie-une-femme-sans-le-vouloir-la-sequence-filmee-par-quotidien-1680585\" target=\"_blank\" rel=\"noopener\"><br \/>\nFran\u00e7ois Hollande<\/a>, qui promettait de taxer les riches.<\/p>\n<p>Sans le vouloir, la compagne de Christian Clavier lui tire une<br \/>\nballe dans le pied<\/p>\n<p>Quelques mois apr\u00e8s ce (faux) exil, la nouvelle s&rsquo;\u00e9tait diffus\u00e9e<br \/>\n: il s&rsquo;agissait seulement d&rsquo;une mani\u00e8re de payer moins d&rsquo;imp\u00f4ts.<br \/>\n<a href=\"https:\/\/www.closermag.fr\/people\/les-gens-qui-vont-a-c-a-vous-christian-clavier-va-se-faire-des-ennemis-dans-le-metier-mais-il-sen-fiche-3534538\" target=\"_blank\" rel=\"noopener\"><br \/>\nChristian Clavier<\/a> vivait toujours en France. Mais le principal<br \/>\nconcern\u00e9 avait ni\u00e9 en bloc. Il avait assur\u00e9 qu&rsquo;il \u00e9tait vraiment<br \/>\nparti. Et ce soit disant car il \u00e9tait vex\u00e9 par les blagues<br \/>\nconcernant <strong>son amiti\u00e9 avec Nicolas Sarkozy.<\/strong><\/p>\n<p>Sauf que&#8230; Sans le vouloir, Ss famille l&rsquo;a jet\u00e9 dans la gueule<br \/>\ndu loup. En effet, en 2012, sa fille a rempli sa d\u00e9claration<br \/>\nd&rsquo;imp\u00f4ts \u00e0 sa place. Probl\u00e8me ? <strong>Elle s&rsquo;est tromp\u00e9e<br \/>\nd&rsquo;adresse,<\/strong> et elle a bel et bien saisi l&rsquo;adresse<br \/>\nparisienne. En l&rsquo;occurence, celle d&rsquo;un <strong>luxueux<br \/>\nappartement<\/strong> dans le 6\u00e8me arrondissement de la<br \/>\ncapitale.<\/p>\n<p>Les fils de l&rsquo;acteur enfoncent le<br \/>\nclou<\/p>\n<p>Deuxi\u00e8me trahison (involontaire) des siens : leur pr\u00e9sence en<br \/>\nFrance, attest\u00e9e par plusieurs preuves. L&rsquo;inform\u00e9 rappelle par<br \/>\nexemple que sa compagne de l&rsquo;\u00e9poque <strong>avait profit\u00e9<br \/>\nd&rsquo;avantages fran\u00e7ais.<\/strong> Elle percevait par exemple des aides<br \/>\nP\u00f4le emploi&#8230; Les fils de l&rsquo;acteur des Bronz\u00e9s \u00e9taient<br \/>\n\u00e9galement cens\u00e9 vivre avec lui \u00e0 Londres. Autre probl\u00e8me : le<br \/>\npremier \u00e9tait inscrit \u00e0 la s\u00e9curit\u00e9 sociale en France. Il avait<br \/>\nm\u00eame pass\u00e9 son permis bateau la m\u00eame ann\u00e9e dans le pays. La m\u00eame<br \/>\nann\u00e9e, le deuxi\u00e8me avait cr\u00e9\u00e9 une soci\u00e9t\u00e9 de production \u00e0<br \/>\nParis.<\/p>\n<p>Finalement, le membre du Splendid a <strong>attrap\u00e9 un<br \/>\nredressement fiscal.<\/strong> Il a saisi la justice afin de<br \/>\ncontester. Sans succ\u00e8s. Par la suite, Christian Clavier s&rsquo;est exil\u00e9<br \/>\nen Belgique. \u00ab\u00a0D\u00e9sormais, pour justifier son exil, <strong>il<br \/>\nn\u2019invoque d\u00e9sormais plus ses amiti\u00e9s sarkozystes<\/strong>, mais la<br \/>\ngastronomie belge et les embouteillages \u00e0 Paris\u2026\u00a0\u00bb, souligne<br \/>\nmalicieusement le journal.<\/p>\n","protected":false},"excerpt":{"rendered":"Elles brillent \u00e0 l\u2019\u00e9cran et\/ou enflamment les sc\u00e8nes, mais&#8230; remplissent leur d\u00e9claration d\u2019imp\u00f4ts bien loin de l\u2019Hexagone !&hellip;\n","protected":false},"author":2,"featured_media":135908,"comment_status":"","ping_status":"","sticky":false,"template":"","format":"standard","meta":{"footnotes":""},"categories":[8],"tags":[548,2203,58,59,1011,27],"class_list":{"0":"post-135907","1":"post","2":"type-post","3":"status-publish","4":"format-standard","5":"has-post-thumbnail","7":"category-divertissement","8":"tag-article-simple","9":"tag-christian-clavier","10":"tag-divertissement","11":"tag-entertainment","12":"tag-fr","13":"tag-france"},"share_on_mastodon":{"url":"https:\/\/pubeurope.com\/@fr\/114589036976132546","error":""},"_links":{"self":[{"href":"https:\/\/www.europesays.com\/fr\/wp-json\/wp\/v2\/posts\/135907","targetHints":{"allow":["GET"]}}],"collection":[{"href":"https:\/\/www.europesays.com\/fr\/wp-json\/wp\/v2\/posts"}],"about":[{"href":"https:\/\/www.europesays.com\/fr\/wp-json\/wp\/v2\/types\/post"}],"author":[{"embeddable":true,"href":"https:\/\/www.europesays.com\/fr\/wp-json\/wp\/v2\/users\/2"}],"replies":[{"embeddable":true,"href":"https:\/\/www.europesays.com\/fr\/wp-json\/wp\/v2\/comments?post=135907"}],"version-history":[{"count":0,"href":"https:\/\/www.europesays.com\/fr\/wp-json\/wp\/v2\/posts\/135907\/revisions"}],"wp:featuredmedia":[{"embeddable":true,"href":"https:\/\/www.europesays.com\/fr\/wp-json\/wp\/v2\/media\/135908"}],"wp:attachment":[{"href":"https:\/\/www.europesays.com\/fr\/wp-json\/wp\/v2\/media?parent=135907"}],"wp:term":[{"taxonomy":"category","embeddable":true,"href":"https:\/\/www.europesays.com\/fr\/wp-json\/wp\/v2\/categories?post=135907"},{"taxonomy":"post_tag","embeddable":true,"href":"https:\/\/www.europesays.com\/fr\/wp-json\/wp\/v2\/tags?post=135907"}],"curies":[{"name":"wp","href":"https:\/\/api.w.org\/{rel}","templated":true}]}}