{"id":135911,"date":"2025-05-29T03:39:09","date_gmt":"2025-05-29T03:39:09","guid":{"rendered":"https:\/\/www.europesays.com\/fr\/135911\/"},"modified":"2025-05-29T03:39:09","modified_gmt":"2025-05-29T03:39:09","slug":"elon-musk-confirme-quil-quitte-le-gouvernement-trump","status":"publish","type":"post","link":"https:\/\/www.europesays.com\/fr\/135911\/","title":{"rendered":"Elon Musk confirme qu\u2019il quitte le gouvernement Trump"},"content":{"rendered":"<p><a href=\"https:\/\/www.20minutes.fr\/dossier\/donald_trump\" target=\"_blank\" class=\"color-ultramarine c-link\" rel=\"noopener\">Donald Trump<\/a> va devoir faire sans <a href=\"https:\/\/www.20minutes.fr\/dossier\/elon_musk\" target=\"_blank\" class=\"color-ultramarine c-link\" rel=\"noopener\">Elon Musk<\/a>, au centre de nombreuses critiques parmi la classe politique am\u00e9ricaine. Le milliardaire a confirm\u00e9 mercredi son d\u00e9part comme \u00ab\u00a0pr\u00e9vu\u00a0\u00bb du gouvernement, au sein duquel il dirigeait un organisme charg\u00e9 de tailler dans les d\u00e9penses publiques.<\/p>\n<\/p>\n<p>\u00ab\u00a0Alors que ma p\u00e9riode pr\u00e9vue en tant qu\u2019employ\u00e9 sp\u00e9cial du gouvernement touche \u00e0 sa fin, je voudrais remercier le pr\u00e9sident Donald Trump de m\u2019avoir donn\u00e9 l\u2019occasion de r\u00e9duire les d\u00e9penses inutiles\u00a0\u00bb, a \u00e9crit l\u2019homme d\u2019affaires sur son r\u00e9seau social X.<\/p>\n<p>Plus d\u2019informations \u00e0 venir sur 20 Minutes\u2026\/\u2026<\/p>\n","protected":false},"excerpt":{"rendered":"Donald Trump va devoir faire sans Elon Musk, au centre de nombreuses critiques parmi la classe politique am\u00e9ricaine.&hellip;\n","protected":false},"author":2,"featured_media":135912,"comment_status":"","ping_status":"","sticky":false,"template":"","format":"standard","meta":{"footnotes":""},"categories":[6],"tags":[47,35,16955,75,33,34,46,73,1011,27,74,316,133],"class_list":{"0":"post-135911","1":"post","2":"type-post","3":"status-publish","4":"format-standard","5":"has-post-thumbnail","7":"category-economie","8":"tag-actualite","9":"tag-business","10":"tag-depenses-publiques","11":"tag-donald-trump","12":"tag-economie","13":"tag-economy","14":"tag-elon-musk","15":"tag-etats-unis","16":"tag-fr","17":"tag-france","18":"tag-monde","19":"tag-politique","20":"tag-video"},"share_on_mastodon":{"url":"https:\/\/pubeurope.com\/@fr\/114589044813459423","error":""},"_links":{"self":[{"href":"https:\/\/www.europesays.com\/fr\/wp-json\/wp\/v2\/posts\/135911","targetHints":{"allow":["GET"]}}],"collection":[{"href":"https:\/\/www.europesays.com\/fr\/wp-json\/wp\/v2\/posts"}],"about":[{"href":"https:\/\/www.europesays.com\/fr\/wp-json\/wp\/v2\/types\/post"}],"author":[{"embeddable":true,"href":"https:\/\/www.europesays.com\/fr\/wp-json\/wp\/v2\/users\/2"}],"replies":[{"embeddable":true,"href":"https:\/\/www.europesays.com\/fr\/wp-json\/wp\/v2\/comments?post=135911"}],"version-history":[{"count":0,"href":"https:\/\/www.europesays.com\/fr\/wp-json\/wp\/v2\/posts\/135911\/revisions"}],"wp:featuredmedia":[{"embeddable":true,"href":"https:\/\/www.europesays.com\/fr\/wp-json\/wp\/v2\/media\/135912"}],"wp:attachment":[{"href":"https:\/\/www.europesays.com\/fr\/wp-json\/wp\/v2\/media?parent=135911"}],"wp:term":[{"taxonomy":"category","embeddable":true,"href":"https:\/\/www.europesays.com\/fr\/wp-json\/wp\/v2\/categories?post=135911"},{"taxonomy":"post_tag","embeddable":true,"href":"https:\/\/www.europesays.com\/fr\/wp-json\/wp\/v2\/tags?post=135911"}],"curies":[{"name":"wp","href":"https:\/\/api.w.org\/{rel}","templated":true}]}}