{"id":135913,"date":"2025-05-29T03:40:08","date_gmt":"2025-05-29T03:40:08","guid":{"rendered":"https:\/\/www.europesays.com\/fr\/135913\/"},"modified":"2025-05-29T03:40:08","modified_gmt":"2025-05-29T03:40:08","slug":"marco-rubio-dit-quil-va-revoquer-activement-des-visas-detudiants-chinois","status":"publish","type":"post","link":"https:\/\/www.europesays.com\/fr\/135913\/","title":{"rendered":"Marco Rubio dit qu&rsquo;il va r\u00e9voquer \u00abactivement\u00bb des visas d&rsquo;\u00e9tudiants chinois"},"content":{"rendered":"<p>P\u00e9kin avait critiqu\u00e9 la veille la d\u00e9cision de la Maison-Blanche de suspendre le traitement des visas des \u00e9tudiants \u00e9trangers, dont elle veut passer au crible les r\u00e9seaux sociaux.<\/p>\n<p class=\"fig-paragraph\">Le chef de la diplomatie am\u00e9ricaine Marco Rubio a annonc\u00e9 mercredi 28 mai qu&rsquo;il allait r\u00e9voquer \u00abactivement\u00bb des visas d&rsquo;\u00e9tudiants chinois, l&rsquo;une des sources de revenus les plus importantes pour les universit\u00e9s aux \u00c9tats-Unis, apr\u00e8s que P\u00e9kin a critiqu\u00e9\u00a0<a href=\"http:\/\/www.lefigaro.fr\/international\/les-etats-unis-suspendent-le-traitement-des-demandes-de-visas-etudiants-afin-d-examiner-leurs-reseaux-sociaux-20250527\" target=\"_blank\" data-fig-type=\"NewsFlash\" rel=\"noopener nofollow\" data-gtm-custom-categorie=\"navigation\" data-gtm-custom-action=\"crossclick\" data-gtm-custom-label=\"Contextuel\" data-gtm-event=\"customEventSPE\" data-fig-domain=\"LEFIGARO\">la suspension par Washington du traitement des visas \u00e9tudiants<\/a>. Le gouvernement du pr\u00e9sident Donald Trump va \u00abr\u00e9voquer activement les visas pour les \u00e9tudiants chinois, notamment ceux ayant des liens avec le Parti communiste chinois ou \u00e9tudiant dans des fili\u00e8res sensibles\u00bb, a affirm\u00e9 le secr\u00e9taire d&rsquo;\u00c9tat dans un communiqu\u00e9. \u00abNous allons aussi revoir les crit\u00e8res pour renforcer l\u2019examen de toutes les prochaines demandes de visa venant de la Chine et de Hong Kong\u00bb, a ajout\u00e9 le secr\u00e9taire d\u2019\u00c9tat.<\/p>\n<p class=\"fig-paragraph\">Plus de 277.000 Chinois \u00e9taient inscrits dans les universit\u00e9s am\u00e9ricaines pour l\u2019ann\u00e9e 2023-2024, seulement d\u00e9pass\u00e9s &#8211; pour la premi\u00e8re fois depuis des ann\u00e9es &#8211; par les \u00e9tudiants indiens, selon un rapport approuv\u00e9 par le d\u00e9partement d\u2019\u00c9tat.<\/p>\n<p>Id\u00e9ologie \u00abwoke\u00bb<\/p>\n<p class=\"fig-paragraph\">Depuis son retour \u00e0 la Maison-Blanche en janvier, le pr\u00e9sident Donald Trump s\u2019est lanc\u00e9 dans une vaste campagne contre des universit\u00e9s qu\u2019il accuse de propager une id\u00e9ologie \u00abwoke\u00bb, leur reprochant notamment leurs politiques de promotion de la diversit\u00e9 ou encore d\u2019avoir laiss\u00e9 prolif\u00e9rer des manifestations contre la guerre \u00e0 Gaza, qu\u2019il associe \u00e0 de l\u2019antis\u00e9mitisme. Lors de son premier mandat (2017-2021), le milliardaire r\u00e9publicain avait surtout pris pour cible les \u00e9tudiants chinois dans les fili\u00e8res jug\u00e9es sensibles, soup\u00e7onn\u00e9s de liens avec les renseignements chinois.<\/p>\n<p class=\"fig-paragraph\">L\u2019annonce de Marco Rubio survient apr\u00e8s que la Chine a appel\u00e9 les Etats-Unis \u00e0 \u00abgarantir concr\u00e8tement les droits et int\u00e9r\u00eats l\u00e9gitimes des \u00e9tudiants internationaux, y compris des \u00e9tudiants chinois\u00bb. Mardi, l\u2019administration Trump, bien d\u00e9cid\u00e9e \u00e0 imposer son id\u00e9ologie nationaliste et conservatrice, avait ordonn\u00e9 la suspension du traitement des visas pour les \u00e9tudiants \u00e9trangers, dont elle veut passer au crible les r\u00e9seaux sociaux, en plein renforcement de son offensive visant notamment Harvard.<\/p>\n","protected":false},"excerpt":{"rendered":"P\u00e9kin avait critiqu\u00e9 la veille la d\u00e9cision de la Maison-Blanche de suspendre le traitement des visas des \u00e9tudiants&hellip;\n","protected":false},"author":2,"featured_media":135914,"comment_status":"","ping_status":"","sticky":false,"template":"","format":"standard","meta":{"footnotes":""},"categories":[5],"tags":[259,11,260,309,73,1011,27,14,261,12,262,28],"class_list":{"0":"post-135913","1":"post","2":"type-post","3":"status-publish","4":"format-standard","5":"has-post-thumbnail","7":"category-international","8":"tag-actualite-internationale","9":"tag-actualites","10":"tag-affaires-etrangeres","11":"tag-chine","12":"tag-etats-unis","13":"tag-fr","14":"tag-france","15":"tag-international","16":"tag-ministere-des-affaires-etrangeres","17":"tag-news","18":"tag-politique-etrangere","19":"tag-world"},"share_on_mastodon":{"url":"https:\/\/pubeurope.com\/@fr\/114589048787011895","error":""},"_links":{"self":[{"href":"https:\/\/www.europesays.com\/fr\/wp-json\/wp\/v2\/posts\/135913","targetHints":{"allow":["GET"]}}],"collection":[{"href":"https:\/\/www.europesays.com\/fr\/wp-json\/wp\/v2\/posts"}],"about":[{"href":"https:\/\/www.europesays.com\/fr\/wp-json\/wp\/v2\/types\/post"}],"author":[{"embeddable":true,"href":"https:\/\/www.europesays.com\/fr\/wp-json\/wp\/v2\/users\/2"}],"replies":[{"embeddable":true,"href":"https:\/\/www.europesays.com\/fr\/wp-json\/wp\/v2\/comments?post=135913"}],"version-history":[{"count":0,"href":"https:\/\/www.europesays.com\/fr\/wp-json\/wp\/v2\/posts\/135913\/revisions"}],"wp:featuredmedia":[{"embeddable":true,"href":"https:\/\/www.europesays.com\/fr\/wp-json\/wp\/v2\/media\/135914"}],"wp:attachment":[{"href":"https:\/\/www.europesays.com\/fr\/wp-json\/wp\/v2\/media?parent=135913"}],"wp:term":[{"taxonomy":"category","embeddable":true,"href":"https:\/\/www.europesays.com\/fr\/wp-json\/wp\/v2\/categories?post=135913"},{"taxonomy":"post_tag","embeddable":true,"href":"https:\/\/www.europesays.com\/fr\/wp-json\/wp\/v2\/tags?post=135913"}],"curies":[{"name":"wp","href":"https:\/\/api.w.org\/{rel}","templated":true}]}}