{"id":135924,"date":"2025-05-29T03:47:10","date_gmt":"2025-05-29T03:47:10","guid":{"rendered":"https:\/\/www.europesays.com\/fr\/135924\/"},"modified":"2025-05-29T03:47:10","modified_gmt":"2025-05-29T03:47:10","slug":"photographe-de-presse-navigateur-passionne-pas-candidat-aux-municipales-de-2026-qui-est-jo-minniti-le-nouveau-maire-de-la-seyne","status":"publish","type":"post","link":"https:\/\/www.europesays.com\/fr\/135924\/","title":{"rendered":"Photographe de presse, navigateur passionn\u00e9, pas candidat aux municipales de 2026&#8230; Qui est Jo Minniti, le nouveau maire de La Seyne?"},"content":{"rendered":"<p>Joseph Minniti, que tout le monde appelle \u00ab\u00a0Jo\u00a0\u00bb, a fait son entr\u00e9e dans le paysage politique seynois il y a vingt-cinq ans, apr\u00e8s avoir mis un terme \u00e0 sa longue carri\u00e8re de photographe de presse.<\/p>\n<p>Navigateur passionn\u00e9, il \u00e9tait \u00e0 l\u2019\u00e9poque surtout connu pour avoir fond\u00e9 en 1990 la Route du Jasmin, une course au large en M\u00e9diterran\u00e9e qui reliait La Seyne \u00e0 la Tunisie.<\/p>\n<p><strong>Premier mandat en 2001<\/strong><\/p>\n<p>Il obtient son premier mandat en 2001 aux c\u00f4t\u00e9s d\u2019Arthur Paecht, qui avait ravi la mairie au communiste Maurice Paul. Dans cette \u00e9quipe figure \u00e9galement, d\u00e9j\u00e0, Nathalie Bicais (qui quittera l\u2019\u00e9quipe en cours de mandat).<\/p>\n<p>La suite de son engagement, toujours \u00e0 droite, est mouvement\u00e9e. En 2008, Jo Minniti quitte le conseil municipal: il avait fait le choix de suivre Mich\u00e8le Joyan, une autre ex-adjointe d\u2019Arthur Paecht entr\u00e9e en dissidence, dont la liste ne franchit pas le premier tour (victoire du socialiste Marc Vuillemot).<\/p>\n<p>Mais il fera son retour aux \u00e9lections de 2014. Au premier tour, il figure en 3e position sur la liste&#8230; de son adversaire du jour, Jean-Pierre Colin, qui s\u2019alliera avec Philippe Vitel au second tour.<\/p>\n<p>Durant le deuxi\u00e8me mandat de Marc Vuillemot, Jo Minniti si\u00e8ge dans l\u2019opposition, aux c\u00f4t\u00e9s notamment de\u2026 Jean-Pierre Colin donc, mais aussi Nathalie Bicais. Les trois m\u00eames seront unis dans la \u00ab\u00a0coalition\u00a0\u00bb de 2020.<\/p>\n<p><strong>Maire pour dix mois<\/strong><\/p>\n<p>Apr\u00e8s cinq ans de trahisons, d\u00e9chirures et psychodrames au sein de l\u2019\u00e9quipe, Jo Minniti, au d\u00e9part en 12e position sur cette liste, se retrouve aujourd\u2019hui maire de La Seyne.<\/p>\n<p>Pour \u00e0 peine dix mois, puisqu\u2019il avait annonc\u00e9, avant m\u00eame l\u2019\u00e9lection, qu\u2019il ne sera pas candidat aux municipales de mars 2026.<\/p>\n<p>Dix mois durant lesquels il lui faudra tenir la barre d\u2019un conseil municipal fractur\u00e9, o\u00f9 de nouvelles temp\u00eates ne sont pas \u00e0 exclure. Avant de retrouver, \u00e0 83 ans, la qui\u00e9tude du large de la navigation \u00e0 la voile\u2026<\/p>\n","protected":false},"excerpt":{"rendered":"Joseph Minniti, que tout le monde appelle \u00ab\u00a0Jo\u00a0\u00bb, a fait son entr\u00e9e dans le paysage politique seynois il&hellip;\n","protected":false},"author":2,"featured_media":135925,"comment_status":"","ping_status":"","sticky":false,"template":"","format":"standard","meta":{"footnotes":""},"categories":[9619],"tags":[1111,11,1777,674,1011,27,12,316,882,25,2310,3366],"class_list":{"0":"post-135924","1":"post","2":"type-post","3":"status-publish","4":"format-standard","5":"has-post-thumbnail","7":"category-toulon","8":"tag-actu","9":"tag-actualites","10":"tag-eu","11":"tag-europe","12":"tag-fr","13":"tag-france","14":"tag-news","15":"tag-politique","16":"tag-provence-alpes-cote-dazur","17":"tag-republique-francaise","18":"tag-toulon","19":"tag-vie-locale"},"share_on_mastodon":{"url":"https:\/\/pubeurope.com\/@fr\/114589076279775802","error":""},"_links":{"self":[{"href":"https:\/\/www.europesays.com\/fr\/wp-json\/wp\/v2\/posts\/135924","targetHints":{"allow":["GET"]}}],"collection":[{"href":"https:\/\/www.europesays.com\/fr\/wp-json\/wp\/v2\/posts"}],"about":[{"href":"https:\/\/www.europesays.com\/fr\/wp-json\/wp\/v2\/types\/post"}],"author":[{"embeddable":true,"href":"https:\/\/www.europesays.com\/fr\/wp-json\/wp\/v2\/users\/2"}],"replies":[{"embeddable":true,"href":"https:\/\/www.europesays.com\/fr\/wp-json\/wp\/v2\/comments?post=135924"}],"version-history":[{"count":0,"href":"https:\/\/www.europesays.com\/fr\/wp-json\/wp\/v2\/posts\/135924\/revisions"}],"wp:featuredmedia":[{"embeddable":true,"href":"https:\/\/www.europesays.com\/fr\/wp-json\/wp\/v2\/media\/135925"}],"wp:attachment":[{"href":"https:\/\/www.europesays.com\/fr\/wp-json\/wp\/v2\/media?parent=135924"}],"wp:term":[{"taxonomy":"category","embeddable":true,"href":"https:\/\/www.europesays.com\/fr\/wp-json\/wp\/v2\/categories?post=135924"},{"taxonomy":"post_tag","embeddable":true,"href":"https:\/\/www.europesays.com\/fr\/wp-json\/wp\/v2\/tags?post=135924"}],"curies":[{"name":"wp","href":"https:\/\/api.w.org\/{rel}","templated":true}]}}