{"id":135942,"date":"2025-05-29T04:00:10","date_gmt":"2025-05-29T04:00:10","guid":{"rendered":"https:\/\/www.europesays.com\/fr\/135942\/"},"modified":"2025-05-29T04:00:10","modified_gmt":"2025-05-29T04:00:10","slug":"nice-une-greve-annoncee-dans-les-transports-en-commun-lignes-dazur-ce-que-lon-sait","status":"publish","type":"post","link":"https:\/\/www.europesays.com\/fr\/135942\/","title":{"rendered":"Nice. Une gr\u00e8ve annonc\u00e9e dans les transports en commun Lignes d&rsquo;Azur, ce que l&rsquo;on sait"},"content":{"rendered":"<p>            Par<br \/>\n        <strong><br \/>\n            <a href=\"https:\/\/actu.fr\/auteur\/ugo-maillard\" title=\"Consulter tous les articles de Ugo Maillard\" rel=\"nofollow noopener\" target=\"_blank\">Ugo Maillard<\/a><br \/>\n        <\/strong><\/p>\n<p>        Publi\u00e9 le<\/p>\n<p>            28 mai 2025 \u00e0 14h46        <\/p>\n<p>Alors que les <a href=\"https:\/\/actu.fr\/provence-alpes-cote-d-azur\/nice_06088\/info-actu-nice-un-nouveau-radar-debarque-sur-la-promenade-des-anglais-et-il-flashe-deja_62695978.html\" rel=\"nofollow noopener\" target=\"_blank\">transports en commun seront gratuits<\/a> les 6,7 et 8\u00a0juin \u00e0 Nice, ils pourraient ne pas circuler le jeudi 5\u00a0juin 2025.<\/p>\n<p class=\" wall-content\">Un <strong>pr\u00e9avis de gr\u00e8ve<\/strong> a \u00e9t\u00e9 d\u00e9pos\u00e9 par des salari\u00e9s aupr\u00e8s de la r\u00e9gie des Lignes d\u2019Azur, a appris <a href=\"https:\/\/actu.fr\/nice\/\" rel=\"nofollow noopener\" target=\"_blank\">actu Nice<\/a> aupr\u00e8s de sources internes.<\/p>\n<p class=\" wall-content\">Le r\u00e9seau de bus et de tramways de la M\u00e9tropole de Nice C\u00f4te d\u2019Azur sera donc impact\u00e9 \u00e0 quelques jours de l\u2019ouverture du <a href=\"https:\/\/actu.fr\/dossier\/sommet-des-oceans-a-nice-tout-ce-qu-il-faut-savoir-sur-la-conference-de-l-onu_62542007.html\" rel=\"nofollow noopener\" target=\"_blank\">sommet des Oc\u00e9ans de l\u2019Onu<\/a> qui se tiendra du 9 au 13\u00a0juin, au port de Nice.<\/p>\n<p>Les perturbations connues 48h \u00e0 l\u2019avance<\/p>\n<p class=\" wall-content\">Si des perturbations sont bien attendues \u00e0 Nice et dans sa m\u00e9tropole, le d\u00e9tail devra \u00eatre clarifi\u00e9 48h avant la mobilisation. \u00ab\u2009L\u2019information sera pr\u00e9cis\u00e9e au fur et \u00e0 mesure\u2009\u00bb, clarifient les services Lignes d\u2019Azur.<\/p>\n<p class=\" wall-content\">Ce mouvement de gr\u00e8ve sur les Lignes d\u2019Azur s\u2019inscrit dans une <strong>mobilisation nationale<\/strong> impuls\u00e9e par la CGT.<\/p>\n<p>Vid\u00e9os : en ce moment sur Actu<\/p>\n<p class=\" wall-content\">Le syndicat appelle \u00e0 la mobilisation partout en France et r\u00e9clame \u00ab\u2009la revalorisation imm\u00e9diate des retraites\u2009\u00bb, \u00ab\u2009le retour de l\u2019\u00e2ge l\u00e9gal de d\u00e9part \u00e0 la retraite \u00e0 60\u00a0ans\u2009\u00bb ou encore \u00ab\u2009une r\u00e9forme du financement de la S\u00e9curit\u00e9 sociale\u2009\u00bb.<\/p>\n<p class=\" wall-content\">Suivez toute l\u2019actualit\u00e9 de vos villes et m\u00e9dias favoris en vous inscrivant \u00e0 <a href=\"https:\/\/moncompte.actu.fr\" title=\"D\u00e9couvez Mon Actu\" rel=\"nofollow noopener\" data-trk=\"{&quot;cta&quot;:{&quot;action&quot;:&quot;https:\\\/\\\/moncompte.actu.fr&quot;,&quot;category&quot;:&quot;mon compte&quot;,&quot;from&quot;:&quot;article footer&quot;,&quot;name&quot;:&quot;Mon actu&quot;,&quot;type&quot;:&quot;cta&quot;}}\" target=\"_blank\">Mon Actu<\/a>.<\/p>\n","protected":false},"excerpt":{"rendered":"Par Ugo Maillard Publi\u00e9 le 28 mai 2025 \u00e0 14h46 Alors que les transports en commun seront gratuits&hellip;\n","protected":false},"author":2,"featured_media":135943,"comment_status":"","ping_status":"","sticky":false,"template":"","format":"standard","meta":{"footnotes":""},"categories":[2819],"tags":[1111,11,1777,674,1011,27,14554,12,2401,882,25,104,2803],"class_list":{"0":"post-135942","1":"post","2":"type-post","3":"status-publish","4":"format-standard","5":"has-post-thumbnail","7":"category-nice","8":"tag-actu","9":"tag-actualites","10":"tag-eu","11":"tag-europe","12":"tag-fr","13":"tag-france","14":"tag-lignes-dazur","15":"tag-news","16":"tag-nice","17":"tag-provence-alpes-cote-dazur","18":"tag-republique-francaise","19":"tag-societe","20":"tag-transport"},"share_on_mastodon":{"url":"https:\/\/pubeurope.com\/@fr\/114589127348249608","error":""},"_links":{"self":[{"href":"https:\/\/www.europesays.com\/fr\/wp-json\/wp\/v2\/posts\/135942","targetHints":{"allow":["GET"]}}],"collection":[{"href":"https:\/\/www.europesays.com\/fr\/wp-json\/wp\/v2\/posts"}],"about":[{"href":"https:\/\/www.europesays.com\/fr\/wp-json\/wp\/v2\/types\/post"}],"author":[{"embeddable":true,"href":"https:\/\/www.europesays.com\/fr\/wp-json\/wp\/v2\/users\/2"}],"replies":[{"embeddable":true,"href":"https:\/\/www.europesays.com\/fr\/wp-json\/wp\/v2\/comments?post=135942"}],"version-history":[{"count":0,"href":"https:\/\/www.europesays.com\/fr\/wp-json\/wp\/v2\/posts\/135942\/revisions"}],"wp:featuredmedia":[{"embeddable":true,"href":"https:\/\/www.europesays.com\/fr\/wp-json\/wp\/v2\/media\/135943"}],"wp:attachment":[{"href":"https:\/\/www.europesays.com\/fr\/wp-json\/wp\/v2\/media?parent=135942"}],"wp:term":[{"taxonomy":"category","embeddable":true,"href":"https:\/\/www.europesays.com\/fr\/wp-json\/wp\/v2\/categories?post=135942"},{"taxonomy":"post_tag","embeddable":true,"href":"https:\/\/www.europesays.com\/fr\/wp-json\/wp\/v2\/tags?post=135942"}],"curies":[{"name":"wp","href":"https:\/\/api.w.org\/{rel}","templated":true}]}}