{"id":135944,"date":"2025-05-29T04:01:11","date_gmt":"2025-05-29T04:01:11","guid":{"rendered":"https:\/\/www.europesays.com\/fr\/135944\/"},"modified":"2025-05-29T04:01:11","modified_gmt":"2025-05-29T04:01:11","slug":"creer-une-aire-marine-protegee-au-bord-de-la-ville-de-nice-pour-proteger-quoi-3","status":"publish","type":"post","link":"https:\/\/www.europesays.com\/fr\/135944\/","title":{"rendered":"Cr\u00e9er une aire marine prot\u00e9g\u00e9e au bord de la ville de Nice, pour prot\u00e9ger quoi?"},"content":{"rendered":"<p>Vue du ciel, elle ressemble \u00e0 un sourire. Un trait fin et r\u00e9gulier, bord\u00e9 de bleu. Devant la ville de\u00a0Nice (Alpes-Maritimes), une partie de la c\u00e9l\u00e8bre baie des Anges pourrait devenir une aire\u00a0marine prot\u00e9g\u00e9e. Nice, c&rsquo;est l\u00e0, o\u00f9 se pr\u00e9pare la Conf\u00e9rence des Nations Unies sur l&rsquo;Oc\u00e9an\u00a0(UNOC), qui se tiendra du 9 au 13 juin. L\u00e0 aussi, o\u00f9 la pr\u00e9sence de l&rsquo;Homme s&rsquo;est \u00e9tendue\u00a0presque partout, \u00e0 terre comme en mer.<\/p>\n<p>Ce projet est port\u00e9 par une volont\u00e9 politique locale. \u201cLe contexte international \u00e9tait d\u00e9j\u00e0 tr\u00e8s\u00a0pr\u00e9sent en 2020, quand j&rsquo;ai commenc\u00e9 \u00e0 le coordonner, d\u00e9taille Aurore Asso, conseill\u00e8re\u00a0municipale ni\u00e7oise. On ne parlait pas de UNOC \u00e0 Nice, mais des ODD, objectifs de\u00a0d\u00e9veloppement durable pour le milieu marin\u2005!\u201d<\/p>\n<p>L&rsquo;\u00e9lue d\u00e9fend l&rsquo;id\u00e9e d&rsquo;une \u201cvie commune entre les hommes et la mer\u201d, en admettant que la\u00a0difficult\u00e9 est \u201cd\u00e9cupl\u00e9e pour une ville de 350\u2005000 habitants, comme Nice\u201d. Alors, que reste-t-il \u00e0\u00a0prot\u00e9ger l\u00e0 o\u00f9 les esp\u00e8ces sauvages, comme les \u00e9cosyst\u00e8mes naturels, n&rsquo;ont cess\u00e9 de\u00a0r\u00e9gresser sous la pression des activit\u00e9s humaines\u2005?<\/p>\n<p>La nuit, les poissons de fond<\/p>\n<p>Le chercheur Beno\u00eet D\u00e9rijard conna\u00eet bien ces eaux. \u201cCette zone n&rsquo;est pas d\u00e9nu\u00e9e d&rsquo;int\u00e9r\u00eat,\u00a0d\u00e9fend l&rsquo;\u00e9cologue au laboratoire Ecoseas \u00e0 l&rsquo;Universit\u00e9 C\u00f4te d&rsquo;Azur. Nous en avons fait\u00a0l&rsquo;inventaire de biodiversit\u00e9, depuis l&#8217;embouchure du Var, jusqu&rsquo;\u00e0 la limite de Villefranche-sur-Mer.\u201d Poulpes, seiches, raies et autres mollusques marins, comme les gast\u00e9ropodes, peuplent ces eaux.<\/p>\n<p>\u201cLa nuit, vous y voyez plein de poissons de fond qui viennent chasser.\u201d Avec de vastes\u00a0\u00e9tendues sableuses, le secteur n&rsquo;est pas des plus riches, mais \u201cil y a un int\u00e9ressant herbier de\u00a0cymodoc\u00e9es\u201d, ces plantes \u00e0 fleurs qui servent d&rsquo;habitat aux jeunes poissons, dont la croissance\u00a0capte le carbone dissous dans l&rsquo;eau. Leurs rhizomes et racines, qui forment d&rsquo;\u00e9paisses mattes, stockent davantage de carbone qu&rsquo;une for\u00eat tropicale. C&rsquo;est un puissant puits de carbone bleu.<\/p>\n<p>\u00ab\u00a0\u2005Les plus jolis\u2005\u00a0\u00bb, aux yeux du scientifique, sont les secteurs rocheux comme Rauba Capeu,\u00a0\u00ab\u00a0\u2005des refuges o\u00f9 les juv\u00e9niles de toutes les esp\u00e8ces se r\u00e9galent et peuvent se planquer dans\u00a0les anfractuosit\u00e9s, \u00e0 l&rsquo;abri des pr\u00e9dateurs\u2005\u00a0\u00bb.<\/p>\n<p>Plus \u00e0 l&rsquo;ouest par contre, les fonds se r\u00e9sument \u00e0 un plateau artificiel de plusieurs kilom\u00e8tres,\u00a0gagn\u00e9 sur la mer, pour construire les pistes de l&rsquo;a\u00e9roport de Nice. Est-ce un contresens d&rsquo;y\u00a0localiser une aire marine prot\u00e9g\u00e9e\u2005? \u201cLes gravats ont \u00e9t\u00e9 colonis\u00e9s, c&rsquo;est assez poissonneux,\u00a0nuance le chercheur. C&rsquo;est d&rsquo;ailleurs la zone la plus p\u00each\u00e9e.\u201d <\/p>\n<p>\u201cOui, le paradoxe, c&rsquo;est qu&rsquo;il y a\u00a0de la vie\u201d, encha\u00eene Aurore Asso.<\/p>\n<p><img alt=\"Le laboratoire Ecoseas de l\u2019Universit\u00e9 C\u00f4te d\u2019Azur a conduit des inventaires de biodiversit\u00e9 dans la baie des Anges.\" loading=\"lazy\" decoding=\"async\" data-nimg=\"fill\" class=\" TwicCore_img__i9TC1 undefined  undefined\" style=\"position:absolute;height:100%;width:100%;left:0;top:0;right:0;bottom:0;object-fit:cover;color:transparent;background-size:cover;background-position:50% 50%;background-repeat:no-repeat;background-image:url(&quot;data:image\/svg+xml;charset=utf-8,%3Csvg xmlns='http:\/\/www.w3.org\/2000\/svg' %3E%3Cfilter id='b' color-interpolation-filters='sRGB'%3E%3CfeGaussianBlur stdDeviation='20'\/%3E%3CfeColorMatrix values='1 0 0 0 0 0 1 0 0 0 0 0 1 0 0 0 0 0 100 -1' result='s'\/%3E%3CfeFlood x='0' y='0' width='100%25' height='100%25'\/%3E%3CfeComposite operator='out' in='s'\/%3E%3CfeComposite in2='SourceGraphic'\/%3E%3CfeGaussianBlur stdDeviation='20'\/%3E%3C\/filter%3E%3Cimage width='100%25' height='100%25' x='0' y='0' preserveAspectRatio='xMidYMid slice' style='filter: url(%23b);' href='data:image\/png;base64,iVBORw0KGgoAAAANSUhEUgAAArwAAAFnCAYAAABEq5oyAAAQcUlEQVR4Ae3dP3SVZZ7A8eeSBIYZE3dPqkFjqYVQKG4F56zYgescStBzoAMbaXaAhmJctQB2t9DGOLVDSpwZodQCqgEsgMLZQwG4Uu1ZCP4ZEpK79\/cy8UQWSW7uv\/f+\/HzOuedCSN73Xorw5Zfnfd7G5ORkswAAQE7NdQUAABITvAAApCZ4AQBITfACAJCa4AUAIDXBCwBAaoIXAIDUBC8AAKkJXgAAUhO8AACkJngBAEhN8AIAkJrgBQAgNcELAEBqghcAgNQELwAAqQleAABSE7wAAKQmeAEASE3wAgCQmuAFACA1wQsAQGqCFwCA1AQvAACpCV4AAFITvAAApCZ4AQBITfACAJCa4AUAIDXBCwBAaoIXAIDUBC8AAKkJXgAAUhO8AACkJngBAEhN8AIAkJrgBQAgNcELAEBqghcAgNQELwAAqQleAABSE7wAAKQmeAEASE3wAgCQmuAFACA1wQsAQGqCFwCA1AQvAACpCV4AAFITvAAApCZ4AQBITfACAJCa4AUAIDXBCwBAaoIXAIDUBC8AAKkJXgAAUhO8AACkJngBAEhN8AIAkJrgBQAgNcELAEBqghcAgNQELwAAqQleAABSE7wAAKQmeAEASE3wAgCQmuAFACA1wQsAQGqCFwCA1AQvAACpCV4AAFITvAAApCZ4AQBITfACAJCa4AUAIDXBCwBAaoIXAIDUBC8AAKkJXgAAUhO8AACkJngBAEhN8AIAkJrgBQAgNcELAEBqghcAgNQELwAAqQleAABSE7wAAKQmeAEASE3wAgCQmuAFACA1wQsAQGqCFwCA1AQvAACpCV4AAFITvAAApCZ4AQBITfACAJCa4AUAIDXBCwBAaoIXAIDUBC8AAKkJXgAAUhO8AACkJngBAEhN8AIAkJrgBQAgNcELAEBqghcAgNQELwAAqQleAABSE7wAAKQmeAEASE3wAgCQmuAFACA1wQsAQGqCFwCA1AQvAACpCV4AAFITvAAApCZ4AQBITfACAJCa4AUAIDXBCwBAaoIXAIDUBC8AAKkJXgAAUhO8AACkJngBAEhN8AIAkJrgBQAgNcELAEBqghcAgNQELwAAqQleAABSGy0APzONRuORH282mwWAfAQvkNJS1E5MTJRnnnmmbNmypfp1PKamph75NTdv3iyzs7PV840bN8qVK1eqjwthgOEmeIE0InIjZnft2lWef\/75sn379p+M29W4c+dOFb1nz54tZ86cqUJY\/AIMn8bk5KTv3sDQisjdvHlz2blzZ9m7d29HgbuS8+fPl5mZmeohfAGGRlPwAkMpQjcmuQcOHCjbtm1b8fNv375dTWtjqUKIJQ7xWIs4zr59+344FgC1JniB4RKhu2fPnnL48OFqbe5KInSnp6erR6zPXe69994rBw8eLGsRyx12795dLl++XACoNcELDIcI3ZjkRuiuZqIbrl+\/XkVprL19lFj+8MUXX5S1Er0AQ0HwAvX35JNPliNHjrQ9jX3hhRd+MnaXXLt2rTr+WsWyhh07dlTxC0AtNd14Aqi1WLZw+vTptmP3xIkTK8ZueHiZQ7vi9a11WQQA\/SF4gdqKi8o+++yzti8ui2nrqVOnVvW53ViOEGuKAagvwQvUUuzAEJPdtSw3iH1zVzPdDZ1OeENMeXu5HRoAnRG8QO3ERPeDDz5Y89ra1U53Q7e2FlvrFmcA9J7gBWplac3uWmM3ljPEDSJWa7WT4JV0cuEbAL0leIHamJiY6Ch2QzuxG9w8AiA\/wQvUxtGjR1d1M4nHaTd4465p3SCcAepL8AK18Oqrr3Zle692A7bdJRDdOi8A\/SN4gVp45513Sjes5QYQZ86cKZ2IYHbjCYD6ErzAwMU+tp0uZViylknrzMxMuX37dlmr6enpAkB9CV5g4OK2wd2w1nW0MZ09dOhQaTbbu9N6fP7x48c7nhAD0FuCFxiobdu2dW2628kWYxGt+\/fvL9evX18xfOPPYyJ87NixcvLkyQJAvY0WgAGq0215I3rPnTtX3eVt586dVYgv3yItJsFxK+KrV69WN7foxl3aAOi9xuTkZHs\/wwPoomvXrnXtpg0RrPv27SsAsEzTkgZgYGI5QzfvUGanBAAeRfACAxNLBwCg1wQvMDCbN28uANBrghcYGMELQD8IXmAgYu1uN9fvAsBPsS0ZMBDZp7uNR3zs14uNMr5YyrP3W8+t338+1ixfj6x+o5w45njrGL9edoz4\/d11zXKrNb74uvX819EHx+t0+53Gstf83P0Hrzt+HeI88br\/a6RU57bVD1B3ghegTQ\/HbETnE63nCMMnWmG4qfX7eIw3W88L8fzgYw8b33i\/TP9yoax0rq3zjbL1\/rqy495IeW6h8djPjxi9MLZYPtq4UP57pL0UXQrql+daj\/mR8tL8g\/fwOF+2zvFx6338ecOi8AVqS\/ACA9Gtu6v1w1IExkR108K6HwJ2KWZXisK1iCO+dm9d6xHhufrVZ\/G6ftP6mh1zI+XDX94vf\/jFwqrOFe\/l9b+NVOds5\/1EgP\/bN2Pl4HfNcnBivu3IBugHwQuwgpdak9u3vx0r3c\/a\/29povt2KyIfNRVerQjxw9+OVs\/TG386ep9qBevB70eqsO7EU63X+oc768uBibny5ajoBerFRWtAGr2aGn+2frH863hrermutyEX8fnR7Fj5\/ez6jmJ3uTe\/G60mtw+Lo7\/R+vipO2Mdx+6SidZfz0fx2hf68V8DgNUTvEAavdz1IaL3wJPz5ZMNC11fqxp5+Prf47Od5QurFdE7viygl8L6t9UEuLtxGtH79rd+eAjUi+AF0piYmCi9FBeE\/e6J++U\/ftW96J1ohejvvhn9+\/KD3kxGY1nD6\/cefLuPaW6vwnrJ1tax44I3gLrw33BgIO7cuVO6rV8Xwn38i\/vlbqNZ3v6ms2+hccFXxGe3li88zhvfPwjqN77vzvKFx3kwsR4tF8bmC0AdmPACA3Hjxo3SC1NTU6Uf\/rhhoZr4diJ2UliK3eZjHt0QU96l2O31ucLWef+8APVhwgsMRC8mvGHLli3l5s2bpR9iN4JNc51NZ\/8yulgd59ZIs3xT4oYOP\/7zZ2O7sFaoPtWFKXAE+l\/GFqubU8S57raa9O6yw0YUvzz3YCu0Ts8Wx4obVdzq8YV+AKsheIGBiCiN6O32hWb9mvCGWNbQiQjQuBDucS6MlfL5+sXy+y4sfYgL7\/79V\/dX\/JyLY50v1whxI45b6wUvMHh+5gQMTC8msdu2bSvZRBh\/vHHlG0isZHyV7fmnDQvlQmvy3PH5Oj8EQFcIXmBgzp8\/X7otY\/CGiNBOrXYXiGaXzgdQF4IXGJgrV66UboslEhmjN9ba3u1wCcV4G1\/+VwvegEQELzAwZ86cKb2wa9euktHdPm5te9fFZkAighcYmLhorRfLGvbs2dPTu64BMFwELzBQvZjyRuwePny4AEAQvMBAzczM9GRP3jfffLNs3769AIDgBQYqYjeitxfef\/\/9vt1uGID6ErzAwH344YelFyJ2T58+LXoBfuYELzBwcQOKEydOlF6I2L106VI5cuRIaTQa1aMT8fWxRjiOl3XPX4BsBC9QC9PT0+X69eulVyJQL168WC1z2LJlyw\/x+7gAXv458TWxLjgmxteuXauON2VyDDAUbC0O1EKs5T106FD55JNPSq\/EtDcee\/fuLTdu3Kgmy5cvXy6zs7Plq6+++tHnPv3002VqaqoK3Xi2zRnA8BK8QG3EnrzHjx8vR48eLb22FL+dLEuYbUW6b6IA9WdJA1ArJ0+eLKdOnSp1F6+xV3eKA6C7BC9QO2+99VZto7fZbFZT6HiNAAwHP40DaimCMtb1Hjx4sOOdFbrl9u3b1QQ6LrADYHgIXqC2jh07Vl1Y9u677w40emOqGxe37d+\/v3o9AAwXSxqAWotp6osvvljOnTtXhWe\/xVQ3wvuVV14RuwBDSvACtRehuXv37mqZQ+zV24\/wjdCNtboR25YwAAw3wQsMjZmZmbJ169ZqacGnn35ahW834zeOtTx0Y71u7NELwHCzhhcYOrEdWDzihhCxj+7OnTvL5s2bq311l6y05nd5KF+5cqXaA\/js2bPVMwC5CF5gaMVSh5j6xiNMTExUd0aL+I1fRxCHpRCOu6uFmNpevXq1+v3SndYAyEvwAmlEuMaE1pQWgOWs4QUAIDXBCwBAaoIXAIDUBC8AAKkJXgAAUhO8AACkJngBAEhN8AIAkJrgBQAgNcELsEabFhqlE+PNzr6+l8YXO39tdX5\/wM+L4AVYo02LnQZve2HZ6fnaCfQnmqUjcabnFgQvUA+CF6BNkXG\/\/W604wANr82tKysdJf789b+NlE7F6\/2n+caqzvebe53\/8\/DavZHWY+X3B9BrjcnJyQ7\/Hw+Q30QrFp9dKOXluZEqBrv54\/o\/blgon69fLBdHm2V2XfNH5\/znuUbZMb+u7JjrPHiXn+9PrcfFsWZZ\/g9ABPGO1vniPb403715yNet93RhbLE676WHzgnQB03BC7AKl\/5nQ+mHvf8wV74caVbx+ef\/XV96KUL0X\/5xrvr1y61J83\/eHSv98OLkvQLQR83RAsCKpjfeL\/1wt7H03Oz5OWeXDalvjTT78h5NWIBBMOEFACCzpovWAABITfACAJCa4AUAIDXBCwBAaoIXAIDUBC8AAKkJXgAAUhO8AACkJngBAEhN8AIAkJrgBQAgNcELAEBqghcAgNQELwAAqQleAABSE7wAAKQmeAEASE3wAgCQmuAFACA1wQsAQGqCFwCA1AQvAACpCV4AAFITvAAApCZ4AQBITfACAJCa4AUAIDXBCwBAaoIXAIDUBC8AAKkJXgAAUhO8AACkJngBAEhN8AIAkJrgBQAgNcELAEBqghcAgNQELwAAqQleAABSE7wAAKQmeAEASE3wAgCQmuAFACA1wQsAQGqCFwCA1AQvAACpCV4AAFITvAAApCZ4AQBITfACAJCa4AUAIDXBCwBAaoIXAIDUBC8AAKkJXgAAUhO8AACkJngBAEhN8AIAkJrgBQAgNcELAEBqghcAgNQELwAAqQleAABSE7wAAKQmeAEASE3wAgCQmuAFACA1wQsAQGqCFwCA1AQvAACpCV4AAFITvAAApCZ4AQBITfACAJCa4AUAIDXBCwBAaoIXAIDUBC8AAKkJXgAAUhO8AACkJngBAEhN8AIAkJrgBQAgNcELAEBqghcAgNQELwAAqQleAABSE7wAAKQmeAEASE3wAgCQmuAFACA1wQsAQGqCFwCA1AQvAACpCV4AAFITvAAApCZ4AQBITfACAJCa4AUAIDXBCwBAaoIXAIDUBC8AAKkJXgAAUhO8AACkJngBAEhN8AIAkJrgBQAgNcELAEBqghcAgNQELwAAqQleAABSE7wAAKQmeAEASE3wAgCQmuAFACA1wQsAQGqCFwCA1AQvAACpCV4AAFITvAAApCZ4AQBITfACAJCa4AUAIDXBCwBAaoIXAIDUBC8AAKkJXgAAUhO8AACkJngBAEhN8AIAkJrgBQAgNcELAEBqghcAgNQELwAAqQleAABSE7wAAKQmeAEASE3wAgCQmuAFACA1wQsAQGqCFwCA1AQvAACpCV4AAFIbbT2aBQAAcmr+HxOS2LXTZHzQAAAAAElFTkSuQmCC'\/%3E%3C\/svg%3E&quot;)\"   src=\"https:\/\/www.europesays.com\/fr\/wp-content\/uploads\/2025\/05\/le-laboratoire-ecoseas-de-luniversite-cote-dazur-a-conduit-des-inventaires-de-biodiversite-dans-la-b.jpeg\"\/>Le laboratoire Ecoseas de l\u2019Universit\u00e9 C\u00f4te d\u2019Azur a conduit des inventaires de biodiversit\u00e9 dans la baie des Anges. Beno\u00eet Derijard, Laboratoire Ecoseas Universit\u00e9 C\u00f4te d\u2019Azur<\/p>\n<p>Autre site \u00e9tonnant, \u201cdes tombants de corallig\u00e8ne\u201d, d\u00e9crit l&rsquo;\u00e9lue et ex-championne d&rsquo;apn\u00e9e\u00a0fran\u00e7aise, ce sont parmi les \u00e9cosyst\u00e8mes les plus riches de M\u00e9diterran\u00e9e. \u201cEn plein c\u0153ur de\u00a0ville, devant le boulevard de la Promenade des Anglais, c&rsquo;est incroyable, d&rsquo;avoir cette richesse.\u201d<\/p>\n<p>Comment juxtaposer dans une m\u00eame aire marine prot\u00e9g\u00e9e des sites de valeur \u00e9cologique si\u00a0disparates\u2005? \u201cFaut-il faire des aires marines prot\u00e9g\u00e9es dans des sites sanctuaires que l&rsquo;Homme\u00a0n&rsquo;a jamais touch\u00e9s\u2005? r\u00e9agit Aurore Asso. Ou bien dans des sites anthropis\u00e9s\u2005(c&rsquo;est-\u00e0-dire chang\u00e9s par les activit\u00e9s humaines, ndlr) ? Les deux, il faut faire les deux. Nous n&rsquo;avons pas d&rsquo;autre choix. Mais bien s\u00fbr, ce ne seront pas les m\u00eames gestions.\u201d<\/p>\n<p>Agir \u201cdans une zone de fortes pressions\u201d<\/p>\n<p>D&rsquo;ores et d\u00e9j\u00e0, le principe d&rsquo;une protection \u00e0 des degr\u00e9s variables semble act\u00e9. \u201cCes p\u00e9rim\u00e8tres pourront \u00eatre effectivement divis\u00e9s en sous-p\u00e9rim\u00e8tres \u00e0 niveaux diff\u00e9rents de protection\u201d, expose la pr\u00e9fecture maritime de M\u00e9diterran\u00e9e.<\/p>\n<p>La question de la gouvernance des aires marines prot\u00e9g\u00e9es est au c\u0153ur des \u00e9tudes de la\u00a0g\u00e9ographe Anne Cadoret, qui a \u00e9t\u00e9 consult\u00e9e aux d\u00e9buts du projet ni\u00e7ois. \u201cC&rsquo;est d&rsquo;ailleurs tr\u00e8s\u00a0int\u00e9ressant que ce soit en zone de tr\u00e8s fortes pressions, jauge-t-elle, car de nombreux leviers\u00a0peuvent \u00eatre activ\u00e9s pour une gestion plus soutenable. Sur terre comme en mer.\u201d<\/p>\n<p>La France, en retard<\/p>\n<p>Dans son ambition de prot\u00e9ger 30\u2005% de ses espaces maritimes, dont 10\u2005% en protection forte\u00a0d&rsquo;ici 2030, la France est tr\u00e8s en retard. Sur le papier, un quart de la fa\u00e7ade maritime\u00a0m\u00e9diterran\u00e9enne est couvert par une aire prot\u00e9g\u00e9e, d&rsquo;un type ou d&rsquo;un autre (1). Mais les zones\u00a0de protection forte ne sont qu&rsquo;une goutte d&rsquo;eau, avec 0,22 % de cet espace maritime.<\/p>\n<p>\u201cSi vous choisissez une zone propice, et que vous la prot\u00e9gez, en quatre ou cinq ans, vous\u00a0allez multiplier la biomasse des poissons par cinq, voire par sept, souligne Beno\u00eet Derijard. Et\u00a0des zones riches, sur tout le littoral il y en a plein.\u201d Au b\u00e9n\u00e9fice d&rsquo;une biodiversit\u00e9 qui peut\u00a0ensuite prosp\u00e9rer, bien au-del\u00e0, ce qu&rsquo;on appelle \u201cl&rsquo;effet r\u00e9serve\u201d.<\/p>\n<p>Dans le parc national de Port-Cros (Var), fond\u00e9 il y a plus de 60 ans, les poissons juv\u00e9niles sont\u00a0plus abondants que partout ailleurs en M\u00e9diterran\u00e9e fran\u00e7aise. Le m\u00e9rou, quasi disparu, est\u00a0d\u00e9sormais abondant (plus de 800 sp\u00e9cimens d\u00e9compt\u00e9s en 2020). Dans la r\u00e9serve naturelle\u00a0nationale de Cerb\u00e8re-Banyuls (Languedoc-Roussillon), les esp\u00e8ces rares comme le m\u00e9rou, le\u00a0corb, la daurade, sont redevenues fr\u00e9quentes. Mais \u00e0 condition d&rsquo;\u00eatre dans la zone de\u00a0protection la plus forte.<\/p>\n<p>1. Rapport de l&rsquo;UICN, l&rsquo;Union Internationale pour la Conservation de la Nature, 2022, chiffre hors Pelagos.<\/p>\n","protected":false},"excerpt":{"rendered":"Vue du ciel, elle ressemble \u00e0 un sourire. Un trait fin et r\u00e9gulier, bord\u00e9 de bleu. Devant la&hellip;\n","protected":false},"author":2,"featured_media":135945,"comment_status":"","ping_status":"","sticky":false,"template":"","format":"standard","meta":{"footnotes":""},"categories":[2819],"tags":[17,1111,11,6019,3944,1812,436,1777,674,1011,27,6128,12,2401,19329,882,25,96,4824],"class_list":{"0":"post-135944","1":"post","2":"type-post","3":"status-publish","4":"format-standard","5":"has-post-thumbnail","7":"category-nice","8":"tag-17","9":"tag-actu","10":"tag-actualites","11":"tag-aire","12":"tag-bord","13":"tag-creer","14":"tag-environnement","15":"tag-eu","16":"tag-europe","17":"tag-fr","18":"tag-france","19":"tag-marine","20":"tag-news","21":"tag-nice","22":"tag-protegee","23":"tag-provence-alpes-cote-dazur","24":"tag-republique-francaise","25":"tag-une","26":"tag-ville"},"share_on_mastodon":{"url":"https:\/\/pubeurope.com\/@fr\/114589131317090202","error":""},"_links":{"self":[{"href":"https:\/\/www.europesays.com\/fr\/wp-json\/wp\/v2\/posts\/135944","targetHints":{"allow":["GET"]}}],"collection":[{"href":"https:\/\/www.europesays.com\/fr\/wp-json\/wp\/v2\/posts"}],"about":[{"href":"https:\/\/www.europesays.com\/fr\/wp-json\/wp\/v2\/types\/post"}],"author":[{"embeddable":true,"href":"https:\/\/www.europesays.com\/fr\/wp-json\/wp\/v2\/users\/2"}],"replies":[{"embeddable":true,"href":"https:\/\/www.europesays.com\/fr\/wp-json\/wp\/v2\/comments?post=135944"}],"version-history":[{"count":0,"href":"https:\/\/www.europesays.com\/fr\/wp-json\/wp\/v2\/posts\/135944\/revisions"}],"wp:featuredmedia":[{"embeddable":true,"href":"https:\/\/www.europesays.com\/fr\/wp-json\/wp\/v2\/media\/135945"}],"wp:attachment":[{"href":"https:\/\/www.europesays.com\/fr\/wp-json\/wp\/v2\/media?parent=135944"}],"wp:term":[{"taxonomy":"category","embeddable":true,"href":"https:\/\/www.europesays.com\/fr\/wp-json\/wp\/v2\/categories?post=135944"},{"taxonomy":"post_tag","embeddable":true,"href":"https:\/\/www.europesays.com\/fr\/wp-json\/wp\/v2\/tags?post=135944"}],"curies":[{"name":"wp","href":"https:\/\/api.w.org\/{rel}","templated":true}]}}