{"id":13595,"date":"2025-04-09T21:30:08","date_gmt":"2025-04-09T21:30:08","guid":{"rendered":"https:\/\/www.europesays.com\/fr\/13595\/"},"modified":"2025-04-09T21:30:08","modified_gmt":"2025-04-09T21:30:08","slug":"pollution-a-lamiante-a-la-recherche-des-survivants-de-lusine-poison-daulnay-sous-bois","status":"publish","type":"post","link":"https:\/\/www.europesays.com\/fr\/13595\/","title":{"rendered":"Pollution \u00e0 l\u2019amiante\u00a0: \u00e0 la recherche des survivants de \u00ab\u00a0l\u2019usine-poison\u00a0\u00bb d\u2019Aulnay-sous-Bois"},"content":{"rendered":"<p class=\"paragraph text_align_left\">Quatre consonnes, trente-sept ann\u00e9es \u00e0 broyer de l\u2019amiante et sans doute des dizaines de milliers de victimes. Voil\u00e0 r\u00e9sum\u00e9 en chiffres l\u2019un des scandales sanitaires et environnementaux les plus retentissants qu\u2019ait jamais connus l\u2019\u00cele-de-France. La cour d\u2019appel de Paris a condamn\u00e9 en novembre 2024 son responsable, <a href=\"https:\/\/www.leparisien.fr\/seine-saint-denis-93\/amiante-a-aulnay-sous-bois-la-societe-mere-de-lusine-poison-devra-verser-pres-de-14-millions-deuros-30-11-2024-J5N6JXN7ZJEB3FRGIDUR6O77C4.php\" target=\"_blank\" rel=\"nofollow noopener\">coupable de ne pas avoir proc\u00e9d\u00e9 \u00e0 la d\u00e9pollution de son site<\/a>, \u00e0 verser plus de 14 millions d\u2019euros \u00e0 la municipalit\u00e9 d\u2019Aulnay-sous-Bois.<\/p>\n<p class=\"paragraph text_align_left\">C\u2019est dans cette ville de <a href=\"https:\/\/www.leparisien.fr\/seine-saint-denis-93\/\" target=\"_blank\" rel=\"nofollow noopener\">Seine-Saint-Denis<\/a> que se trouvait le CMMP, le Comptoir des min\u00e9raux et des mati\u00e8res premi\u00e8res. Mais ici, cela fait bien longtemps qu\u2019on ne s\u2019emb\u00eate plus \u00e0 prononcer ce sigle. On a trouv\u00e9 un surnom plus parlant : \u00ab L\u2019usine-poison \u00bb.<\/p>\n","protected":false},"excerpt":{"rendered":"Quatre consonnes, trente-sept ann\u00e9es \u00e0 broyer de l\u2019amiante et sans doute des dizaines de milliers de victimes. Voil\u00e0&hellip;\n","protected":false},"author":2,"featured_media":13596,"comment_status":"","ping_status":"","sticky":false,"template":"","format":"standard","meta":{"footnotes":""},"categories":[10],"tags":[1011,27,72,1944,71,1945,104],"class_list":{"0":"post-13595","1":"post","2":"type-post","3":"status-publish","4":"format-standard","5":"has-post-thumbnail","7":"category-sante","8":"tag-fr","9":"tag-france","10":"tag-health","11":"tag-ma-ville","12":"tag-sante","13":"tag-seine-saint-denis","14":"tag-societe"},"share_on_mastodon":{"url":"https:\/\/pubeurope.com\/@fr\/114310140606034818","error":""},"_links":{"self":[{"href":"https:\/\/www.europesays.com\/fr\/wp-json\/wp\/v2\/posts\/13595","targetHints":{"allow":["GET"]}}],"collection":[{"href":"https:\/\/www.europesays.com\/fr\/wp-json\/wp\/v2\/posts"}],"about":[{"href":"https:\/\/www.europesays.com\/fr\/wp-json\/wp\/v2\/types\/post"}],"author":[{"embeddable":true,"href":"https:\/\/www.europesays.com\/fr\/wp-json\/wp\/v2\/users\/2"}],"replies":[{"embeddable":true,"href":"https:\/\/www.europesays.com\/fr\/wp-json\/wp\/v2\/comments?post=13595"}],"version-history":[{"count":0,"href":"https:\/\/www.europesays.com\/fr\/wp-json\/wp\/v2\/posts\/13595\/revisions"}],"wp:featuredmedia":[{"embeddable":true,"href":"https:\/\/www.europesays.com\/fr\/wp-json\/wp\/v2\/media\/13596"}],"wp:attachment":[{"href":"https:\/\/www.europesays.com\/fr\/wp-json\/wp\/v2\/media?parent=13595"}],"wp:term":[{"taxonomy":"category","embeddable":true,"href":"https:\/\/www.europesays.com\/fr\/wp-json\/wp\/v2\/categories?post=13595"},{"taxonomy":"post_tag","embeddable":true,"href":"https:\/\/www.europesays.com\/fr\/wp-json\/wp\/v2\/tags?post=13595"}],"curies":[{"name":"wp","href":"https:\/\/api.w.org\/{rel}","templated":true}]}}