{"id":135954,"date":"2025-05-29T04:07:13","date_gmt":"2025-05-29T04:07:13","guid":{"rendered":"https:\/\/www.europesays.com\/fr\/135954\/"},"modified":"2025-05-29T04:07:13","modified_gmt":"2025-05-29T04:07:13","slug":"quel-temps-fera-t-il-a-toulouse-et-en-occitanie-pour-le-jeudi-ferie-des-temperatures-estivales-attendues","status":"publish","type":"post","link":"https:\/\/www.europesays.com\/fr\/135954\/","title":{"rendered":"Quel temps fera-t-il \u00e0 Toulouse et en Occitanie pour le jeudi f\u00e9ri\u00e9 ? Des temp\u00e9ratures estivales attendues"},"content":{"rendered":"<p>            Par<br \/>\n        <strong><br \/>\n            <a href=\"https:\/\/actu.fr\/auteur\/marie-lamarque\" title=\"Consulter tous les articles de Marie Lamarque\" rel=\"nofollow noopener\" target=\"_blank\">Marie Lamarque<\/a><br \/>\n        <\/strong><\/p>\n<p>        Publi\u00e9 le<\/p>\n<p>            29 mai 2025 \u00e0 5h48        <\/p>\n<p>Quel temps fera-t-il <a href=\"https:\/\/actu.fr\/toulouse\/\" rel=\"nofollow noopener\" target=\"_blank\">\u00e0 Toulouse<\/a> et en Occitanie en ce jour de l\u2019Ascension ? Bonne nouvelle,<strong> le soleil sera bien pr\u00e9sent<\/strong> selon les pr\u00e9visions de M\u00e9t\u00e9o-France. De quoi ravir ceux qui pourront profiter de ce jour f\u00e9ri\u00e9, et peut-\u00eatre m\u00eame d\u2019un week-end prolong\u00e9.<\/p>\n<p class=\" wall-content\">D\u2019autant qu\u2019en plus d\u2019un temps radieux, <strong>le thermom\u00e8tre va nettement grimper<\/strong> ce jeudi 29 mai 2025. De valeurs estivales sont attendues. Une tendance <a href=\"https:\/\/actu.fr\/occitanie\/toulouse_31555\/un-premier-pic-de-chaleur-arrive-a-toulouse-jusqu-a-33-c-attendus-un-avant-gout-de-l-ete_62693776.html\" rel=\"nofollow noopener\" target=\"_blank\">appel\u00e9e \u00e0 se poursuivre pour le reste de la semaine<\/a>.<\/p>\n<p>28\u00b0C (avec un ressenti de 31\u00b0C) \u00e0 Toulouse<\/p>\n<p class=\" wall-content\">Dans la Ville rose, M\u00e9t\u00e9o-France annonce <strong>22\u00b0C en d\u00e9but de journ\u00e9e<\/strong>, puis <strong>28\u00b0C dans l\u2019apr\u00e8s-midi<\/strong> (avec un ressenti de 31\u00b0C). Des valeurs qui n\u2019ont rien de banal pour un mois de mai et qui <strong>s\u2019approchent des records<\/strong>. La station Toulouse-Blagnac avait enregistr\u00e9 <strong>33,4\u00b0C en 2001 et 2022<\/strong>.<\/p>\n<p class=\" wall-content\">Par ailleurs, le soleil devrait briller tout au long de la journ\u00e9e. De quoi faire les bonheurs des Toulousains qui pourront pleinement profiter des bords de Garonne (entre autres) !<\/p>\n<p>    <img   decoding=\"async\" loading=\"lazy\" src=\"https:\/\/www.europesays.com\/fr\/wp-content\/uploads\/2025\/05\/meteo-toulouse-previsions-3-960x640.png\" alt=\"Les pr\u00e9visions \u00e0 Toulouse pour ce jeudi 29 mai 2025.\" width=\"960\" height=\"640\"\/><br \/>\n    Les pr\u00e9visions \u00e0 Toulouse pour ce jeudi 29 mai 2025. (\u00a9Capture d\u2019\u00e9cran \/ M\u00e9t\u00e9o-France)Vid\u00e9os : en ce moment sur ActuLe seuil des 30\u00b0C franchi en Occitanie<\/p>\n<p class=\" wall-content\">Ailleurs en Occitanie, on devrait m\u00eame<strong> franchir le seuil des 30\u00b0C avec 31\u00b0C annonc\u00e9s<\/strong> <strong>\u00e0 Montpellier, B\u00e9ziers et Perpignan<\/strong> ! M\u00e9t\u00e9o-France pr\u00e9voit aussi <strong>28\u00b0C \u00e0 Saint-Affrique et \u00e0 Auch, 25\u00b0C \u00e0 Rodez, 27\u00b0C \u00e0 Saint-Gaudens ou encore 29\u00b0C \u00e0 Al\u00e8s<\/strong>.<\/p>\n<p class=\" wall-content\">Les quelques nuages qui pourraient s\u2019installer en d\u00e9but de journ\u00e9e seront rapidement chass\u00e9s dans l\u2019apr\u00e8s-midi pour laisser place \u00e0 un ciel bleu dans une tr\u00e8s grande partie de la r\u00e9gion.<\/p>\n<p>    <img   decoding=\"async\" loading=\"lazy\" src=\"https:\/\/www.europesays.com\/fr\/wp-content\/uploads\/2025\/05\/previsions-meteo-occitanie-960x640.png\" alt=\"Les pr\u00e9visions en Occitanie pour ce jeudi 29 mai 2025.\" width=\"960\" height=\"640\"\/><br \/>\n    Les pr\u00e9visions en Occitanie pour ce jeudi 29 mai 2025. (\u00a9Capture d\u2019\u00e9cran \/ M\u00e9t\u00e9o-France)<\/p>\n<p class=\" wall-content\">Suivez toute l\u2019actualit\u00e9 de vos villes et m\u00e9dias favoris en vous inscrivant \u00e0 <a href=\"https:\/\/moncompte.actu.fr\" title=\"D\u00e9couvez Mon Actu\" rel=\"nofollow noopener\" data-trk=\"{&quot;cta&quot;:{&quot;action&quot;:&quot;https:\\\/\\\/moncompte.actu.fr&quot;,&quot;category&quot;:&quot;mon compte&quot;,&quot;from&quot;:&quot;article footer&quot;,&quot;name&quot;:&quot;Mon actu&quot;,&quot;type&quot;:&quot;cta&quot;}}\" target=\"_blank\">Mon Actu<\/a>.<\/p>\n","protected":false},"excerpt":{"rendered":"Par Marie Lamarque Publi\u00e9 le 29 mai 2025 \u00e0 5h48 Quel temps fera-t-il \u00e0 Toulouse et en Occitanie&hellip;\n","protected":false},"author":2,"featured_media":135955,"comment_status":"","ping_status":"","sticky":false,"template":"","format":"standard","meta":{"footnotes":""},"categories":[2816],"tags":[1111,11,1777,674,1011,27,2487,2357,12,2680,25,2312],"class_list":{"0":"post-135954","1":"post","2":"type-post","3":"status-publish","4":"format-standard","5":"has-post-thumbnail","7":"category-toulouse","8":"tag-actu","9":"tag-actualites","10":"tag-eu","11":"tag-europe","12":"tag-fr","13":"tag-france","14":"tag-meteo","15":"tag-meteo-france","16":"tag-news","17":"tag-occitanie","18":"tag-republique-francaise","19":"tag-toulouse"},"share_on_mastodon":{"url":"https:\/\/pubeurope.com\/@fr\/114589154974435623","error":""},"_links":{"self":[{"href":"https:\/\/www.europesays.com\/fr\/wp-json\/wp\/v2\/posts\/135954","targetHints":{"allow":["GET"]}}],"collection":[{"href":"https:\/\/www.europesays.com\/fr\/wp-json\/wp\/v2\/posts"}],"about":[{"href":"https:\/\/www.europesays.com\/fr\/wp-json\/wp\/v2\/types\/post"}],"author":[{"embeddable":true,"href":"https:\/\/www.europesays.com\/fr\/wp-json\/wp\/v2\/users\/2"}],"replies":[{"embeddable":true,"href":"https:\/\/www.europesays.com\/fr\/wp-json\/wp\/v2\/comments?post=135954"}],"version-history":[{"count":0,"href":"https:\/\/www.europesays.com\/fr\/wp-json\/wp\/v2\/posts\/135954\/revisions"}],"wp:featuredmedia":[{"embeddable":true,"href":"https:\/\/www.europesays.com\/fr\/wp-json\/wp\/v2\/media\/135955"}],"wp:attachment":[{"href":"https:\/\/www.europesays.com\/fr\/wp-json\/wp\/v2\/media?parent=135954"}],"wp:term":[{"taxonomy":"category","embeddable":true,"href":"https:\/\/www.europesays.com\/fr\/wp-json\/wp\/v2\/categories?post=135954"},{"taxonomy":"post_tag","embeddable":true,"href":"https:\/\/www.europesays.com\/fr\/wp-json\/wp\/v2\/tags?post=135954"}],"curies":[{"name":"wp","href":"https:\/\/api.w.org\/{rel}","templated":true}]}}