{"id":135962,"date":"2025-05-29T04:12:07","date_gmt":"2025-05-29T04:12:07","guid":{"rendered":"https:\/\/www.europesays.com\/fr\/135962\/"},"modified":"2025-05-29T04:12:07","modified_gmt":"2025-05-29T04:12:07","slug":"ce-bar-de-quartier-en-peril-appelle-a-laide","status":"publish","type":"post","link":"https:\/\/www.europesays.com\/fr\/135962\/","title":{"rendered":"ce bar de quartier en p\u00e9ril appelle \u00e0 l&rsquo;aide"},"content":{"rendered":"<p>            Par<br \/>\n        <strong><br \/>\n            <a href=\"https:\/\/actu.fr\/auteur\/julien-damboise\" title=\"Consulter tous les articles de Julien Damboise\" target=\"_blank\" rel=\"noopener\">Julien Damboise<\/a><br \/>\n        <\/strong><\/p>\n<p>        Publi\u00e9 le<\/p>\n<p>            29 mai 2025 \u00e0 5h56        <\/p>\n<p>L\u2019iconique bar <strong>La Faute Aux Ours<\/strong>, install\u00e9 au 4 Grande rue de la <a href=\"https:\/\/actu.fr\/tag\/guillotiere\" target=\"_blank\" rel=\"noopener\">Guilloti\u00e8re<\/a> dans le 7e arrondissement de <a href=\"https:\/\/actu.fr\/auvergne-rhone-alpes\/lyon_69123\" target=\"_blank\" rel=\"noopener\">Lyon<\/a>, va tr\u00e8s mal depuis quelques mois.<\/p>\n<p class=\" wall-content\">La co-g\u00e9rante de l\u2019\u00e9tablissement, bien connu des habitants du secteur, explique \u00eatre en train de traverser de <strong>grosses difficult\u00e9s financi\u00e8res<\/strong>. Pour tenter de sortir la t\u00eate de l\u2019eau, une <strong>cagnotte<\/strong> a \u00e9t\u00e9 lanc\u00e9e.<\/p>\n<p>    <a href=\"https:\/\/www.google.com\/maps\/embed?pb=!1m18!1m12!1m3!1d2943.3073782186248!2d4.840553112028025!3d45.75479657095945!2m3!1f0!2f0!3f0!3m2!1i1024!2i768!4f13.1!3m3!1m2!1s0x47f4ea5b4436f1f5%3A0xdb9105536cffce08!2sLa%20Faute%20aux%20Ours!5e1!3m2!1sfr!2sfr!4v1748425285258!5m2!1sfr!2sfr\" title=\"Ouvrie le lien\" target=\"_blank\" rel=\"noopener\">Cliquez ici pour visualiser le contenu<\/a><\/p>\n<p>\u00ab\u00a0Un an qu\u2019on se bat\u00a0\u00bb<\/p>\n<p class=\" wall-content\">Les habitu\u00e9s du lieu ont appris par une vid\u00e9o que La Faute Aux Ours ne va pas bien du tout. Un clip diffus\u00e9 sur le compte <a href=\"https:\/\/actu.fr\/tag\/instagram\" target=\"_blank\" rel=\"noopener\">Instagram<\/a> du bar, dans lequel la co-g\u00e9rante se livre : \u00ab\u00a0nous sommes dans une grande difficult\u00e9, \u00e7a fait un an qu\u2019on se bat\u00a0\u00bb.<\/p>\n<p class=\" wall-content\"><a href=\"https:\/\/www.instagram.com\/reel\/DKH1GFpBztq\/embed\" title=\"Ouvrir le lien sur Instagram\" target=\"_blank\" rel=\"noopener\">Visualiser le contenu sur Instagram<\/a><\/p>\n<blockquote class=\"ac-article-quote wall-content\">\n<p>J&rsquo;aimerais garder un peu d&rsquo;espoir, vous pouvez nous aider. Par commencer par venir boire un verre \u00e0 l&rsquo;ap\u00e9ro, un petit verre en terrasse en happy hour, \u00e7a nous ferait plaisir.\u00a0<\/p>\n<p>    <strong>Charlotte<\/strong><br \/>\n        Co-g\u00e9rante du bar La Faute Aux Ours    <\/p><\/blockquote>\n<p>Un appel aux dons<\/p>\n<p class=\" wall-content\">Dans le d\u00e9tail, la direction \u00e9voque sans d\u00e9tours un <strong>manque d\u2019argent<\/strong> qui pourrait mettre en p\u00e9ril l\u2019\u00e9tablissement \u00ab\u00a0qui fait partie de l\u2019\u00e2me de Lyon, puisque \u00e7a fait 15 ans que \u00e7a existe quasiment et que \u00e7a contribue au bonheur de beaucoup de gens et du quartier, un quartier boud\u00e9, qui a besoin de son OVNI\u00a0\u00bb.<\/p>\n<p class=\" wall-content\">Une <a href=\"https:\/\/fr.ulule.com\/fao-need-you\/\" target=\"_blank\" rel=\"noopener\">cagnotte en ligne<\/a> a donc \u00e9t\u00e9 lanc\u00e9e pour soutenir financi\u00e8rement le bar qui esp\u00e8re \u00ab\u00a0mieux rebondir en septembre\u00a0\u00bb.<\/p>\n<p class=\" wall-content\">Pour le moment, pr\u00e8s de 1 000 euros sur les 15 000 attendus ont \u00e9t\u00e9 collect\u00e9s gr\u00e2ce \u00e0 14 contributions.\u00a0<\/p>\n<p class=\" wall-content\">Suivez toute l\u2019actualit\u00e9 de vos villes et m\u00e9dias favoris en vous inscrivant \u00e0 <a href=\"https:\/\/moncompte.actu.fr\" title=\"D\u00e9couvez Mon Actu\" rel=\"nofollow noopener\" data-trk=\"{&quot;cta&quot;:{&quot;action&quot;:&quot;https:\\\/\\\/moncompte.actu.fr&quot;,&quot;category&quot;:&quot;mon compte&quot;,&quot;from&quot;:&quot;article footer&quot;,&quot;name&quot;:&quot;Mon actu&quot;,&quot;type&quot;:&quot;cta&quot;}}\" target=\"_blank\">Mon Actu<\/a>.<\/p>\n<p>                    <script async src=\"\/\/www.instagram.com\/embed.js\"><\/script><\/p>\n","protected":false},"excerpt":{"rendered":"Par Julien Damboise Publi\u00e9 le 29 mai 2025 \u00e0 5h56 L\u2019iconique bar La Faute Aux Ours, install\u00e9 au&hellip;\n","protected":false},"author":2,"featured_media":135963,"comment_status":"","ping_status":"","sticky":false,"template":"","format":"standard","meta":{"footnotes":""},"categories":[1889],"tags":[1111,11,1261,2430,9782,1777,674,1011,27,23173,1652,2428,12,25],"class_list":{"0":"post-135962","1":"post","2":"type-post","3":"status-publish","4":"format-standard","5":"has-post-thumbnail","7":"category-lyon","8":"tag-actu","9":"tag-actualites","10":"tag-argent","11":"tag-auvergne-rhone-alpes","12":"tag-dans-les-bars","13":"tag-eu","14":"tag-europe","15":"tag-fr","16":"tag-france","17":"tag-guillotiere","18":"tag-loisirs-culture","19":"tag-lyon","20":"tag-news","21":"tag-republique-francaise"},"share_on_mastodon":{"url":"https:\/\/pubeurope.com\/@fr\/114589174728091969","error":""},"_links":{"self":[{"href":"https:\/\/www.europesays.com\/fr\/wp-json\/wp\/v2\/posts\/135962","targetHints":{"allow":["GET"]}}],"collection":[{"href":"https:\/\/www.europesays.com\/fr\/wp-json\/wp\/v2\/posts"}],"about":[{"href":"https:\/\/www.europesays.com\/fr\/wp-json\/wp\/v2\/types\/post"}],"author":[{"embeddable":true,"href":"https:\/\/www.europesays.com\/fr\/wp-json\/wp\/v2\/users\/2"}],"replies":[{"embeddable":true,"href":"https:\/\/www.europesays.com\/fr\/wp-json\/wp\/v2\/comments?post=135962"}],"version-history":[{"count":0,"href":"https:\/\/www.europesays.com\/fr\/wp-json\/wp\/v2\/posts\/135962\/revisions"}],"wp:featuredmedia":[{"embeddable":true,"href":"https:\/\/www.europesays.com\/fr\/wp-json\/wp\/v2\/media\/135963"}],"wp:attachment":[{"href":"https:\/\/www.europesays.com\/fr\/wp-json\/wp\/v2\/media?parent=135962"}],"wp:term":[{"taxonomy":"category","embeddable":true,"href":"https:\/\/www.europesays.com\/fr\/wp-json\/wp\/v2\/categories?post=135962"},{"taxonomy":"post_tag","embeddable":true,"href":"https:\/\/www.europesays.com\/fr\/wp-json\/wp\/v2\/tags?post=135962"}],"curies":[{"name":"wp","href":"https:\/\/api.w.org\/{rel}","templated":true}]}}