{"id":135964,"date":"2025-05-29T04:13:08","date_gmt":"2025-05-29T04:13:08","guid":{"rendered":"https:\/\/www.europesays.com\/fr\/135964\/"},"modified":"2025-05-29T04:13:08","modified_gmt":"2025-05-29T04:13:08","slug":"voici-comment-ne-pas-sy-perdre","status":"publish","type":"post","link":"https:\/\/www.europesays.com\/fr\/135964\/","title":{"rendered":"voici comment ne pas s&rsquo;y perdre"},"content":{"rendered":"<p>            Par<br \/>\n        <strong><br \/>\n            <a href=\"https:\/\/actu.fr\/auteur\/theo-zuili\" title=\"Consulter tous les articles de Th\u00e9o Zuili\" rel=\"nofollow noopener\" target=\"_blank\">Th\u00e9o Zuili<\/a><br \/>\n        <\/strong><\/p>\n<p>        Publi\u00e9 le<\/p>\n<p>            29 mai 2025 \u00e0 6h04        <\/p>\n<p>De nouveaux num\u00e9ros, de nouvelles couleurs, <a href=\"https:\/\/actu.fr\/auvergne-rhone-alpes\/lyon_69123\/lyon-nouveau-reseau-tcl-unifie-voici-les-zones-et-les-tarifs-en-vigueur-en-2025_61894422.html\" rel=\"nofollow noopener\" target=\"_blank\">et m\u00eame de nouveaux tarifs<\/a>. D\u00e8s la rentr\u00e9e de septembre 2025, de nombreux usagers du Rh\u00f4ne et de la m\u00e9tropole de <a href=\"https:\/\/actu.fr\/auvergne-rhone-alpes\/lyon_69123\" rel=\"nofollow noopener\" target=\"_blank\">Lyon<\/a> devront s\u2019adapter \u00e0 un changement dans leur quotidien : <strong>l\u2019unification des r\u00e9seaux Libellule, Cars du Rh\u00f4ne et TCL<\/strong> sous la m\u00eame marque entrera en application.<\/p>\n<p>Une soixantaine de lignes de bus concern\u00e9es<\/p>\n<p class=\" wall-content\">D\u00e8s le 1er septembre 2025, plus de 60 lignes de bus vont changer d\u2019appellation. Les secteurs concern\u00e9s : principalement Villefranche-sur-Sa\u00f4ne, Tarare, Givors, Oullins ou encore l\u2019ouest lyonnais.<\/p>\n<p class=\" wall-content\">Ces changements concernent en majorit\u00e9 <strong>les anciennes lignes du r\u00e9seau Cars du Rh\u00f4ne et Libellule<\/strong>, toutes int\u00e9gr\u00e9es au r\u00e9seau <a href=\"https:\/\/actu.fr\/tag\/transports-en-commun-lyonnais-tcl\" rel=\"nofollow noopener\" target=\"_blank\">TCL<\/a> sous le nouveau syst\u00e8me unifi\u00e9. Un nouveau logo cr\u00e9\u00e9 pour l\u2019occasion <a href=\"https:\/\/actu.fr\/auvergne-rhone-alpes\/lyon_69123\/tcl-a-lyon-le-nouveau-logo-des-transports-en-commun-devoile-voici-a-quoi-il-ressemble_61858441.html\" rel=\"nofollow noopener\" target=\"_blank\">est floqu\u00e9 depuis plusieurs mois d\u00e9j\u00e0 sur les v\u00e9hicules<\/a> \u00e0 Lyon.<\/p>\n<p class=\" wall-content\">Pourquoi ce changement de num\u00e9rotation ? Le Sytral, autorit\u00e9 organisatrice des transports en commun dans le Rh\u00f4ne et la M\u00e9tropole de Lyon, souhaite rendre le r\u00e9seau \u00ab\u00a0plus lisible et coh\u00e9rent\u00a0\u00bb, <strong>tout en \u00e9vitant les doublons<\/strong> entre les diff\u00e9rentes zones.<\/p>\n<p class=\" wall-content\">Par exemple, la ligne 1E (Grange Blanche \u2013 Colombier Saugnieu) deviendra la ligne C201.<br \/>La ligne Libellule 3 (Carrefour de l\u2019Europe \u2013 Gleiz\u00e9 H\u00f4pital) deviendra BUS 153, avec un code couleur sp\u00e9cifique.<\/p>\n<p>Ce qui change pour vous<\/p>\n<p class=\" wall-content\">Dans le secteur de <strong>Villefranche-sur-Sa\u00f4ne<\/strong> :<\/p>\n<ul class=\" wall-content\">\n<li>Les lignes Libellule 1 \u00e0 5 deviendront les lignes TCL 151 \u00e0 155.<br \/>Les anciennes lignes Resalib A, B et C (lignes \u00e0 la demande) seront renomm\u00e9es avec un code BUS + zone.<br \/>Par exemple : \u00ab\u00a0BUS Villefranche Soir\u00a0\u00bb.<\/li>\n<\/ul>\n<p class=\" wall-content\">Dans le <strong>Rh\u00f4ne nord et ouest<\/strong> :<\/p>\n<ul class=\" wall-content\">\n<li>Les lignes interurbaines Cars du Rh\u00f4ne deviennent des lignes BUS num\u00e9rot\u00e9es de 211 \u00e0 299, avec codes couleurs.<br \/>Par exemple : la ligne 111 (Vienne \u2013 Parilly) devient BUS 211, la ligne 122 (Domarin \u2013 Dardilly) devient BUS 222.<\/li>\n<li>Les lignes interurbaines les plus fr\u00e9quent\u00e9es de l\u2019actuel r\u00e9seau Cars du Rh\u00f4ne deviennent les lignes \u00ab\u00a0Chrono\u00a0\u00bb (C200 \u00e0 C210).<br \/>Par exemple : la 2EX (Chazelles \u2013 Gorge de Loup) devient la C202, la 145EX (Mornant \u2013 H\u00f4pital Lyon Sud) devient la C205.<\/li>\n<\/ul>\n<p class=\" wall-content\">Les anciennes \u00ab\u00a0lignes fortes C\u00a0\u00bb (C1 \u00e0 C30 de l\u2019actuel r\u00e9seau TCL \u00e0 Lyon et son agglom\u00e9ration) deviennent des lignes \u00ab\u00a0Chrono\u00a0\u00bb.<\/p>\n<p>Un nouveau code couleur pour mieux s\u2019y retrouver<\/p>\n<p class=\" wall-content\">Ces lignes auront d\u00e9sormais leur propre couleur, visible sur les plans, bornes d\u2019arr\u00eat, v\u00e9hicules et applications. Le Sytral a pens\u00e9 cette diff\u00e9renciation dans le but d\u2019aider les personnes en situation de handicap visuel, et de \u00ab\u00a0renforcer la compr\u00e9hension du r\u00e9seau pour tous\u00a0\u00bb.<\/p>\n<p class=\" wall-content\">\u00ab\u00a0Une certitude : \u00e7a ne change pas vos habitudes !\u00a0\u00bb, promet le Sytral : les itin\u00e9raires et les horaires <strong>restent les m\u00eames<\/strong>.<\/p>\n<p class=\" wall-content\">Des flyers seront disponibles dans les agences TCL \u00e0 partir de juillet 2025 et une campagne d\u2019information au grand public est pr\u00e9vue en ao\u00fbt prochain dans les communes concern\u00e9es. Une carte interactive permettra de visionner <a href=\"https:\/\/www.tcl.fr\/nouveau-reseau-unifie-tcl\/nouveaux_numeros_et_couleurs_bus\" rel=\"nofollow noopener\" target=\"_blank\">chaque changement en d\u00e9tail<\/a>.<\/p>\n<p class=\" wall-content\">Suivez toute l\u2019actualit\u00e9 de vos villes et m\u00e9dias favoris en vous inscrivant \u00e0 <a href=\"https:\/\/moncompte.actu.fr\" title=\"D\u00e9couvez Mon Actu\" rel=\"nofollow noopener\" data-trk=\"{&quot;cta&quot;:{&quot;action&quot;:&quot;https:\\\/\\\/moncompte.actu.fr&quot;,&quot;category&quot;:&quot;mon compte&quot;,&quot;from&quot;:&quot;article footer&quot;,&quot;name&quot;:&quot;Mon actu&quot;,&quot;type&quot;:&quot;cta&quot;}}\" target=\"_blank\">Mon Actu<\/a>.<\/p>\n<ul class=\"ac-article-tag wall-content\">\n<li><a href=\"https:\/\/actu.fr\/tag\/transports-en-commun-lyonnais-tcl\" data-trk=\"{&quot;cta&quot;:{&quot;action&quot;:&quot;Transports en commun lyonnais (TCL)&quot;,&quot;category&quot;:&quot;tag&quot;,&quot;from&quot;:&quot;article footer&quot;,&quot;name&quot;:&quot;Transports en commun lyonnais (TCL)&quot;,&quot;type&quot;:&quot;cta&quot;}}\" rel=\"nofollow noopener\" target=\"_blank\">#Transports en commun lyonnais (TCL)<\/a><\/li>\n<\/ul>\n","protected":false},"excerpt":{"rendered":"Par Th\u00e9o Zuili Publi\u00e9 le 29 mai 2025 \u00e0 6h04 De nouveaux num\u00e9ros, de nouvelles couleurs, et m\u00eame&hellip;\n","protected":false},"author":2,"featured_media":135965,"comment_status":"","ping_status":"","sticky":false,"template":"","format":"standard","meta":{"footnotes":""},"categories":[1889],"tags":[1111,11,2430,1777,674,1011,27,2428,12,25,104,5787],"class_list":{"0":"post-135964","1":"post","2":"type-post","3":"status-publish","4":"format-standard","5":"has-post-thumbnail","7":"category-lyon","8":"tag-actu","9":"tag-actualites","10":"tag-auvergne-rhone-alpes","11":"tag-eu","12":"tag-europe","13":"tag-fr","14":"tag-france","15":"tag-lyon","16":"tag-news","17":"tag-republique-francaise","18":"tag-societe","19":"tag-transports-en-commun-lyonnais-tcl"},"share_on_mastodon":{"url":"https:\/\/pubeurope.com\/@fr\/114589178477548392","error":""},"_links":{"self":[{"href":"https:\/\/www.europesays.com\/fr\/wp-json\/wp\/v2\/posts\/135964","targetHints":{"allow":["GET"]}}],"collection":[{"href":"https:\/\/www.europesays.com\/fr\/wp-json\/wp\/v2\/posts"}],"about":[{"href":"https:\/\/www.europesays.com\/fr\/wp-json\/wp\/v2\/types\/post"}],"author":[{"embeddable":true,"href":"https:\/\/www.europesays.com\/fr\/wp-json\/wp\/v2\/users\/2"}],"replies":[{"embeddable":true,"href":"https:\/\/www.europesays.com\/fr\/wp-json\/wp\/v2\/comments?post=135964"}],"version-history":[{"count":0,"href":"https:\/\/www.europesays.com\/fr\/wp-json\/wp\/v2\/posts\/135964\/revisions"}],"wp:featuredmedia":[{"embeddable":true,"href":"https:\/\/www.europesays.com\/fr\/wp-json\/wp\/v2\/media\/135965"}],"wp:attachment":[{"href":"https:\/\/www.europesays.com\/fr\/wp-json\/wp\/v2\/media?parent=135964"}],"wp:term":[{"taxonomy":"category","embeddable":true,"href":"https:\/\/www.europesays.com\/fr\/wp-json\/wp\/v2\/categories?post=135964"},{"taxonomy":"post_tag","embeddable":true,"href":"https:\/\/www.europesays.com\/fr\/wp-json\/wp\/v2\/tags?post=135964"}],"curies":[{"name":"wp","href":"https:\/\/api.w.org\/{rel}","templated":true}]}}