{"id":135995,"date":"2025-05-29T04:33:10","date_gmt":"2025-05-29T04:33:10","guid":{"rendered":"https:\/\/www.europesays.com\/fr\/135995\/"},"modified":"2025-05-29T04:33:10","modified_gmt":"2025-05-29T04:33:10","slug":"ce-netait-pas-tres-bon-90-du-temps-peste-mpetshi-perricard-apres-sa-defaite-contre-dzumhur","status":"publish","type":"post","link":"https:\/\/www.europesays.com\/fr\/135995\/","title":{"rendered":"\u00abCe n\u2019\u00e9tait pas tr\u00e8s bon 90% du temps\u00bb, peste Mpetshi Perricard apr\u00e8s sa d\u00e9faite contre Dzumhur"},"content":{"rendered":"<p>La t\u00eate de s\u00e9rie 31 a but\u00e9 face \u00e0 Damir Dzumhur et a affich\u00e9 ses limites derri\u00e8re son service. Ce qu\u2019il a conc\u00e9d\u00e9 volontiers face aux m\u00e9dias.<\/p>\n<p class=\"fig-paragraph\"><a href=\"http:\/\/www.lefigaro.fr\/sports\/tennis\/roland-garros\/roland-garros-deception-pour-mpetshi-perricard-sorti-des-le-2e-tour-20250528\" target=\"_blank\" data-fig-type=\"NewsFlash\" rel=\"noopener\" data-gtm-custom-categorie=\"navigation\" data-gtm-custom-action=\"crossclick\" data-gtm-custom-label=\"Contextuel\" data-gtm-event=\"customEventSPE\" data-fig-domain=\"LEFIGARO\">Mpetshi\u00a0Perricard<\/a>\u00a0n\u2019ira pas plus loin. Une d\u00e9ception. \u00abIl y a beaucoup de frustration. J\u2019avais fait un premier tour assez encourageant (victoire contre Zzou Bergs). Et le fait d\u2019\u00eatre aussi inefficace en retour ce n\u2019est pas un normal. Il a fait son match. Il y a des secteurs o\u00f9 je n\u2019\u00e9tais pas bon notamment en revers. Le seul coup qui a march\u00e9 aujourd\u2019hui c\u2019est le service (10 aces, 73% de points gagn\u00e9s derri\u00e8re ses premi\u00e8res). Je n\u2019ai pas eu un bon rendement dans mes frappes. Elles ont manqu\u00e9 d\u2019intensit\u00e9 et d\u2019efficacit\u00e9. C\u2019\u00e9tait trop juste contre un joueur comme lui. Il y a beaucoup de frustration. J\u2019avais fait un premier encourageant et le fait d\u2019\u00eatre aussi inefficace au retour contre un serveur moins fort que Zizou Bergs, c\u2019est d\u00e9cevant. Mes ajustements ont \u00e9t\u00e9 moins pr\u00e9cis. En revers, je n\u2019ai pas eu une qualit\u00e9 de balle suffisante.\u00bb<\/p>\n<p class=\"fig-paragraph\">En d\u00e9but de quatri\u00e8me manche, Dzumhur a chut\u00e9 sur la terre battue parisienne et s\u2019est fait manipuler de longues minutes. Le forfait ne semblait pas loin. Il a ensuite couru comme un lapin. Mais Le Fran\u00e7ais n\u2019a pas voulu pol\u00e9miquer\u00a0: \u00ab Je n\u2019ai pas vu comment il est tomb\u00e9. Il a dit qu\u2019il ne pouvait plus marcher. Mais il a su surmonter cette douleur. Je ne suis pas l\u00e0 pour juger la nature de sa blessure et de sa douleur.\u00a0\u00bb<\/p>\n<p class=\"fig-paragraph\">Sa saison sur ocre ne lui laissera pas un souvenir imp\u00e9rissable malgr\u00e9 un titre \u00e0 Bordeaux (2e division pro). \u00abJ\u2019ai le sentiment d\u2019avoir progress\u00e9 mais ce n\u2019\u00e9tait pas tr\u00e8s bon, il faut dire. \u00c0 Madrid et Monte-Carlo, mon \u00e9tat d\u2019esprit n\u2019\u00e9tait pas bon. J\u2019ai rectifi\u00e9 le tir sur les trois derniers tournois. Le niveau de jeu est meilleur l\u2019attitude est bonne. \u00c0 moi d\u2019\u00eatre plus constant pour atteindre le plus haut niveau\u00bb. Et de conclure en plaisantant. \u00ab Avant Monte-Carlo, j\u2019avais dit que j\u2019\u00e9tais content de retrouver la terre et je n\u2019ai pas bien jou\u00e9 alors je vais dire que je ne suis pas content de retrouver le gazon. Plus s\u00e9rieusement, c\u2019est une surface o\u00f9 j\u2019ai les armes pour briller. Je dois continuer et foncer.\u00bb<\/p>\n<p class=\"fig-paragraph\">L\u2019an dernier le Rhodanien avait atteint les 8e de finale \u00e0 Londres pour sa premi\u00e8re participation dans le grand tableau.<\/p>\n","protected":false},"excerpt":{"rendered":"La t\u00eate de s\u00e9rie 31 a but\u00e9 face \u00e0 Damir Dzumhur et a affich\u00e9 ses limites derri\u00e8re son&hellip;\n","protected":false},"author":2,"featured_media":135996,"comment_status":"","ping_status":"","sticky":false,"template":"","format":"standard","meta":{"footnotes":""},"categories":[1415],"tags":[4169,105,2199,1011,27,22950,24473,1960,24472,4171,60,1467,4170],"class_list":{"0":"post-135995","1":"post","2":"type-post","3":"status-publish","4":"format-standard","5":"has-post-thumbnail","7":"category-tennis","8":"tag-atp","9":"tag-djokovic","10":"tag-federer","11":"tag-fr","12":"tag-france","13":"tag-giovanni-mpetshi-perricard","14":"tag-internationaux-de-france","15":"tag-nadal","16":"tag-rg","17":"tag-roland-garros","18":"tag-sports","19":"tag-tennis","20":"tag-wta"},"share_on_mastodon":{"url":"https:\/\/pubeurope.com\/@fr\/114589257120742503","error":""},"_links":{"self":[{"href":"https:\/\/www.europesays.com\/fr\/wp-json\/wp\/v2\/posts\/135995","targetHints":{"allow":["GET"]}}],"collection":[{"href":"https:\/\/www.europesays.com\/fr\/wp-json\/wp\/v2\/posts"}],"about":[{"href":"https:\/\/www.europesays.com\/fr\/wp-json\/wp\/v2\/types\/post"}],"author":[{"embeddable":true,"href":"https:\/\/www.europesays.com\/fr\/wp-json\/wp\/v2\/users\/2"}],"replies":[{"embeddable":true,"href":"https:\/\/www.europesays.com\/fr\/wp-json\/wp\/v2\/comments?post=135995"}],"version-history":[{"count":0,"href":"https:\/\/www.europesays.com\/fr\/wp-json\/wp\/v2\/posts\/135995\/revisions"}],"wp:featuredmedia":[{"embeddable":true,"href":"https:\/\/www.europesays.com\/fr\/wp-json\/wp\/v2\/media\/135996"}],"wp:attachment":[{"href":"https:\/\/www.europesays.com\/fr\/wp-json\/wp\/v2\/media?parent=135995"}],"wp:term":[{"taxonomy":"category","embeddable":true,"href":"https:\/\/www.europesays.com\/fr\/wp-json\/wp\/v2\/categories?post=135995"},{"taxonomy":"post_tag","embeddable":true,"href":"https:\/\/www.europesays.com\/fr\/wp-json\/wp\/v2\/tags?post=135995"}],"curies":[{"name":"wp","href":"https:\/\/api.w.org\/{rel}","templated":true}]}}