{"id":136009,"date":"2025-05-29T04:42:13","date_gmt":"2025-05-29T04:42:13","guid":{"rendered":"https:\/\/www.europesays.com\/fr\/136009\/"},"modified":"2025-05-29T04:42:13","modified_gmt":"2025-05-29T04:42:13","slug":"un-ange-passe-karine-le-marchand-et-patrick-cohen-unis-dans-la-gene-apres-cette-proposition-deplacee","status":"publish","type":"post","link":"https:\/\/www.europesays.com\/fr\/136009\/","title":{"rendered":"\u201cUn ange passe\u201d : Karine Le Marchand et Patrick Cohen, unis dans la g\u00eane apr\u00e8s cette proposition d\u00e9plac\u00e9e"},"content":{"rendered":"<p>Comme chaque soir, <a href=\"https:\/\/www.telestar.fr\/actu_tv\/les-fesses-le-decollete-cette-vieille-sequence-tele-herisse-ophelie-winter-et-on-la-comprend-1724654\" rel=\"nofollow noopener\" target=\"_blank\"><br \/>\nC \u00e0 vous<\/a>, sur France 5, a re\u00e7u son lot<br \/>\nd\u2019invit\u00e9s, ce mercredi 28 mai. Le talk-show a notamment re\u00e7u<br \/>\n<strong>Jean-Pierre Filiu<\/strong>, professeur des universit\u00e9s en<br \/>\nhistoire, qui avait t\u00e9moign\u00e9 de la situation \u00e0 Gaza. <strong>Le Pr<br \/>\nFran\u00e7ois-Cl\u00e9ment Bidard<\/strong>, oncologue, quant \u00e0 lui, a pris la<br \/>\nparole concernant le cancer du sein.<\/p>\n<p>Apr\u00e8s la pilote <strong>Doriane Pin<\/strong>, pilote automobile,<br \/>\net <strong>Claire Chazal<\/strong> pour \u00ab\u00a0Le Grand Echiquier \u2013<br \/>\nSp\u00e9cial Charles Aznavour\u00a0\u00bb, <a href=\"https:\/\/www.closermag.fr\/bio-people\/biographie-karine-le-marchand-112798\" rel=\"nofollow noopener\" target=\"_blank\"><br \/>\nKarine Le Marchand<\/a> \u00e9tait venue au d\u00eener. L\u2019animatrice t\u00e9l\u00e9<br \/>\n\u00e9tait l\u2019invit\u00e9e du plateau pour <a href=\"https:\/\/www.closermag.fr\/people\/karine-le-marchand-ca-grogne-fort-apres-son-interview-verite-de-jordan-bardella-3549319\" rel=\"nofollow noopener\" target=\"_blank\"><br \/>\nl\u2019\u00e9mission<\/a> \u00ab\u00a0<strong>Une Ambition Intime<\/strong>\u00ab\u00a0,<br \/>\ndiffus\u00e9e dimanche sur M6, \u00e0 21h10. Sauf qu\u2019un moment g\u00eanant entre<br \/>\nelle et <strong>Patrick Cohen<\/strong> a \u00e9t\u00e9 amorc\u00e9 par<br \/>\n<strong>Anne-Elisabeth Lemoine<\/strong>.<\/p>\n<p>Karine Le Marchand : Patrick Cohen, \u00ab\u00a0\u2026 vous inviter \u00e0<br \/>\nd\u00eener\u00a0\u00bb<\/p>\n<p>Lors de son passage dans C \u00e0 vous, <strong>Karine Le<br \/>\nMarchand<\/strong> avait soulign\u00e9 l\u2019importance de \u00ab\u00a0consommer<br \/>\nfran\u00e7ais\u00a0\u00bb. Ayant visiblement une id\u00e9e dans la t\u00eate,<br \/>\n<strong>Anne-Elisabeth Lemoine<\/strong> a lanc\u00e9 \u00e0 l\u2019animatrice t\u00e9l\u00e9<br \/>\n: \u00ab\u00a0Donc <strong>Patrick peut vous inviter \u00e0<br \/>\nd\u00eener<\/strong> dans Six quatre-vingt-dix ?\u00a0\u00bb. Ce \u00e0<br \/>\nquoi, Karine Le Marchand avait directement r\u00e9pondu :<br \/>\n\u00ab\u00a0<strong>Il n&rsquo;a pas envie<\/strong>\u00ab\u00a0, tout en regardant en<br \/>\ndirection de <a href=\"https:\/\/www.closermag.fr\/tv_tele_realite\/la-faute-de-monsieur-patrick-cohen-pris-a-partie-par-eric-dupond-moretti-3545415\" rel=\"nofollow noopener\" target=\"_blank\"><br \/>\nPatrick Cohen<\/a>.<\/p>\n<p>G\u00ean\u00e9 et visiblement \u00e0 court de r\u00e9parties, le chroniqueur de<br \/>\nl\u2019\u00e9mission avait d\u2019abord affich\u00e9 un sourire g\u00ean\u00e9 avant de r\u00e9pondre<br \/>\n: \u00ab\u00a0<strong>J\u2019ai dit \u00e7a ?<\/strong>\u00ab\u00a0. Apr\u00e8s quoi, un grand<br \/>\nsilence s\u2019est install\u00e9 pendant un moment sur le plateau alors que<br \/>\nles deux journalistes se regardaient face \u00e0 face.<\/p>\n<blockquote class=\"twitter-tweet\"><p><a class=\"twitter-link\" rel=\"noindex, nofollow noopener\" href=\"https:\/\/twitter.com\/cavousf5\/status\/1927808485669912826\" target=\"_blank\"><\/p><\/blockquote>\n<p>Anne-Elisabeth Lemoine : elle enfonce<br \/>\nle clou avec Karine Le Marchand et Patrick Cohen !<\/p>\n<p>Face au grand malaise qu\u2019elle avait elle-m\u00eame cr\u00e9\u00e9,<br \/>\n<strong>Anne-Elisabeth Lemoine<\/strong> s\u2019est encore moqu\u00e9e de la<br \/>\nsituation sur le plateau de C \u00e0 vous. \u00ab\u00a0Ah, cet instant<br \/>\n! Vraiment, un ange passe\u00a0\u00bb, a-t-elle lanc\u00e9 en rigolant. Ne<br \/>\nl\u00e2chant pas Patrick Cohen du regard, Karine Le Marchand lui balance<br \/>\nalors en ironisant :\u00a0 \u00ab\u00a0Vous avez <strong>envie de<br \/>\nm&rsquo;inviter \u00e0 d\u00eener<\/strong> ? Jamais de la vie\u2026\u00a0\u00bb.<\/p>\n<p>Cette fois, c\u2019est Anne-Elisabeth Lemoine qui a r\u00e9pondu \u00e0 la<br \/>\nplace du journaliste de 62 ans en disant : \u00ab\u00a0Je crois<br \/>\nqu&rsquo;<strong>\u00e0 Six quatre-vingt-dix<\/strong>, il<br \/>\npeut !\u00a0\u00bb. A Patrick Cohen de r\u00e9pondre : \u00ab\u00a0Justement, je l&rsquo;ai<br \/>\ndit que c&rsquo;est le dernier endroit o\u00f9 j&rsquo;inviterais Karine\u00a0\u00bb. Des<br \/>\nmots avec un regard plut\u00f4t insistant que l\u2019animatrice de l\u2019\u00e9mission<br \/>\nn\u2019a pas rat\u00e9. \u00ab\u00a0Il a <strong>les yeux qui<br \/>\nbrillent<\/strong>\u00ab\u00a0, avait-elle repris. Quelle sc\u00e8ne\u2026<\/p>\n<p><script async src=\"https:\/\/platform.twitter.com\/widgets.js\" charset=\"utf-8\"><\/script><\/p>\n","protected":false},"excerpt":{"rendered":"Comme chaque soir, C \u00e0 vous, sur France 5, a re\u00e7u son lot d\u2019invit\u00e9s, ce mercredi 28 mai.&hellip;\n","protected":false},"author":2,"featured_media":136010,"comment_status":"","ping_status":"","sticky":false,"template":"","format":"standard","meta":{"footnotes":""},"categories":[1356],"tags":[548,5632,58,59,1011,27,252,1364],"class_list":{"0":"post-136009","1":"post","2":"type-post","3":"status-publish","4":"format-standard","5":"has-post-thumbnail","7":"category-television","8":"tag-article-simple","9":"tag-c-a-vous","10":"tag-divertissement","11":"tag-entertainment","12":"tag-fr","13":"tag-france","14":"tag-television","15":"tag-tv"},"share_on_mastodon":{"url":"https:\/\/pubeurope.com\/@fr\/114589292527684190","error":""},"_links":{"self":[{"href":"https:\/\/www.europesays.com\/fr\/wp-json\/wp\/v2\/posts\/136009","targetHints":{"allow":["GET"]}}],"collection":[{"href":"https:\/\/www.europesays.com\/fr\/wp-json\/wp\/v2\/posts"}],"about":[{"href":"https:\/\/www.europesays.com\/fr\/wp-json\/wp\/v2\/types\/post"}],"author":[{"embeddable":true,"href":"https:\/\/www.europesays.com\/fr\/wp-json\/wp\/v2\/users\/2"}],"replies":[{"embeddable":true,"href":"https:\/\/www.europesays.com\/fr\/wp-json\/wp\/v2\/comments?post=136009"}],"version-history":[{"count":0,"href":"https:\/\/www.europesays.com\/fr\/wp-json\/wp\/v2\/posts\/136009\/revisions"}],"wp:featuredmedia":[{"embeddable":true,"href":"https:\/\/www.europesays.com\/fr\/wp-json\/wp\/v2\/media\/136010"}],"wp:attachment":[{"href":"https:\/\/www.europesays.com\/fr\/wp-json\/wp\/v2\/media?parent=136009"}],"wp:term":[{"taxonomy":"category","embeddable":true,"href":"https:\/\/www.europesays.com\/fr\/wp-json\/wp\/v2\/categories?post=136009"},{"taxonomy":"post_tag","embeddable":true,"href":"https:\/\/www.europesays.com\/fr\/wp-json\/wp\/v2\/tags?post=136009"}],"curies":[{"name":"wp","href":"https:\/\/api.w.org\/{rel}","templated":true}]}}