{"id":136021,"date":"2025-05-29T04:48:10","date_gmt":"2025-05-29T04:48:10","guid":{"rendered":"https:\/\/www.europesays.com\/fr\/136021\/"},"modified":"2025-05-29T04:48:10","modified_gmt":"2025-05-29T04:48:10","slug":"rachel-legrain-trapani-va-jouer-un-one-woman-show-au-off-davignon","status":"publish","type":"post","link":"https:\/\/www.europesays.com\/fr\/136021\/","title":{"rendered":"Rachel Legrain-Trapani va jouer un one-woman show au Off d\u2019Avignon"},"content":{"rendered":"<p>        <img decoding=\"async\" loading=\"lazy\" src=\"https:\/\/www.europesays.com\/fr\/wp-content\/uploads\/2025\/05\/fe605c0_1658615292310-5e1989082400003500527b23.jpeg\"  width=\"728\" height=\"410\" alt=\"Rachel Legrain-Trapani proposera son seule en sc\u00e8ne du 5\u00a0au 26\u00a0juillet au festival Off d\u2019Avignon.\"\/>  <\/p>\n<p>Marc Piasecki via Getty Images<\/p>\n<p>Rachel Legrain-Trapani proposera son seule en sc\u00e8ne du 5\u00a0au 26\u00a0juillet au festival Off d\u2019Avignon.<\/p>\n<p class=\"asset asset-text\">TH\u00c9\u00c2TRE &#8211; Elle promet \u00ab\u00a0une autod\u00e9rision d\u00e9sarmante, une pinc\u00e9e de nostalgie et un franc-parler rafra\u00eechissant\u00a0\u00bb. L\u2019ex-miss France <a href=\"https:\/\/www.huffingtonpost.fr\/life\/article\/rachel-legrain-trapani-evoque-son-corps-apres-l-accouchement_169972.html\" target=\"_blank\" rel=\"noopener\">Rachel Legrain-Trapani<\/a> propose son premier<a href=\"https:\/\/www.huffingtonpost.fr\/culture\/article\/dany-boon-de-retour-sur-scene-avec-son-nouveau-spectacle-boon-va-mieux-faire-en-2025_229906.html\" target=\"_blank\" rel=\"noopener\"> seule en sc\u00e8ne<\/a> au festival Off d\u2019Avignon, a-t-on appris mardi 27\u00a0mai sur ses r\u00e9seaux sociaux et par voie de communiqu\u00e9.<\/p>\n<p class=\"asset asset-text\">\u00ab\u00a0Ca y est\u00a0!\u00a0!\u00a0!\u00a0Je r\u00e9alise un de mes r\u00eaves\u2026 D\u00e9barquer en solo sur sc\u00e8ne\u00a0\u00bb, \u00e9crit-elle dans une publication Instagram annon\u00e7ant son spectacle intitul\u00e9 \u00ab\u00a0Pas si miss que \u00e7a\u00a0\u00bb. Ce one man show sera propos\u00e9 du 5\u00a0au 26\u00a0juillet, \u00e0 13\u00a0heures, au th\u00e9\u00e2tre com\u00e9die d\u2019Avignon.<\/p>\n<p class=\"asset asset-text\">\u00ab\u00a0Dans un seule en sc\u00e8ne dr\u00f4le, touchant, inspirant et terriblement sinc\u00e8re, Rachel nous embarque dans le grand huit de sa vie. De son enfance dans le Nord \u00e0 sa vie de trentenaire (pas toujours glamour) en passant par la folle aventure de Miss France, elle nous dit tout. Ou presque\u00a0\u00bb, indique le communiqu\u00e9. \u00ab\u00a0De miss France \u00e0 P\u00f4le emploi\u2026 Il n\u2019y a qu\u2019un pas\u00a0\u00bb, r\u00e9sume-t-elle.<\/p>\n<p> La lecture de ce contenu est susceptible d\u2019entra\u00eener un d\u00e9p\u00f4t de cookies de la part de l\u2019op\u00e9rateur tiers qui l\u2019h\u00e9berge. Compte-tenu des choix que vous avez exprim\u00e9s en mati\u00e8re de d\u00e9p\u00f4t de cookies, nous avons bloqu\u00e9 l\u2019affichage de ce contenu. Si vous souhaitez y acc\u00e9der, vous devez accepter la cat\u00e9gorie de cookies \u201cContenus tiers\u201d en cliquant sur le bouton ci-dessous. <\/p>\n<p> Lire la Vid\u00e9o        Miss France \u00e0 18\u00a0ans    <\/p>\n<p class=\"asset asset-text\">Rachel Legrain-Trapani a \u00e9t\u00e9 \u00e9lue miss France en 2007\u00a0\u00e0 l\u2019\u00e2ge de 18\u00a0ans. \u00ab\u00a0Elle pensait vivre un conte de f\u00e9es. Elle a surtout d\u00e9couvert une aventure aussi folle que formatrice, avec ses paillettes, ses pi\u00e8ges\u2026 Et ses plateaux t\u00e9l\u00e9s\u00a0\u00bb, lit-on dans le communiqu\u00e9.<\/p>\n<p class=\"asset asset-text\">Apr\u00e8s son ann\u00e9e de sacre, l\u2019ex-miss a suivi des cours de th\u00e9\u00e2tre et jou\u00e9 dans deux pi\u00e8ces de com\u00e9die\u00a0: Les f\u00e9ministes sont devenues des chieuses, les machos des connards\u00a0? et L\u2019affaire est dans le sac. Elle a \u00e9galement jou\u00e9 dans des courts-m\u00e9trages et des web-s\u00e9ries.<\/p>\n<p class=\"asset asset-text\">Pour ce spectacle, elle a \u00e9t\u00e9 accompagn\u00e9e par l\u2019acteur, auteur, metteur en sc\u00e8ne et producteur Jeremy Freitas.<\/p>\n","protected":false},"excerpt":{"rendered":"Marc Piasecki via Getty Images Rachel Legrain-Trapani proposera son seule en sc\u00e8ne du 5\u00a0au 26\u00a0juillet au festival Off&hellip;\n","protected":false},"author":2,"featured_media":136022,"comment_status":"","ping_status":"","sticky":false,"template":"","format":"standard","meta":{"footnotes":""},"categories":[7],"tags":[58,1011,27,3034,973,26191,43,40,41,39,42,44,1347],"class_list":{"0":"post-136021","1":"post","2":"type-post","3":"status-publish","4":"format-standard","5":"has-post-thumbnail","7":"category-sciences-et-technologies","8":"tag-divertissement","9":"tag-fr","10":"tag-france","11":"tag-miss-france","12":"tag-people","13":"tag-rachel-legrain-trapani","14":"tag-science","15":"tag-science-and-technology","16":"tag-sciences","17":"tag-sciences-et-technologies","18":"tag-technologies","19":"tag-technology","20":"tag-theatre"},"share_on_mastodon":{"url":"https:\/\/pubeurope.com\/@fr\/114589316132206168","error":""},"_links":{"self":[{"href":"https:\/\/www.europesays.com\/fr\/wp-json\/wp\/v2\/posts\/136021","targetHints":{"allow":["GET"]}}],"collection":[{"href":"https:\/\/www.europesays.com\/fr\/wp-json\/wp\/v2\/posts"}],"about":[{"href":"https:\/\/www.europesays.com\/fr\/wp-json\/wp\/v2\/types\/post"}],"author":[{"embeddable":true,"href":"https:\/\/www.europesays.com\/fr\/wp-json\/wp\/v2\/users\/2"}],"replies":[{"embeddable":true,"href":"https:\/\/www.europesays.com\/fr\/wp-json\/wp\/v2\/comments?post=136021"}],"version-history":[{"count":0,"href":"https:\/\/www.europesays.com\/fr\/wp-json\/wp\/v2\/posts\/136021\/revisions"}],"wp:featuredmedia":[{"embeddable":true,"href":"https:\/\/www.europesays.com\/fr\/wp-json\/wp\/v2\/media\/136022"}],"wp:attachment":[{"href":"https:\/\/www.europesays.com\/fr\/wp-json\/wp\/v2\/media?parent=136021"}],"wp:term":[{"taxonomy":"category","embeddable":true,"href":"https:\/\/www.europesays.com\/fr\/wp-json\/wp\/v2\/categories?post=136021"},{"taxonomy":"post_tag","embeddable":true,"href":"https:\/\/www.europesays.com\/fr\/wp-json\/wp\/v2\/tags?post=136021"}],"curies":[{"name":"wp","href":"https:\/\/api.w.org\/{rel}","templated":true}]}}