{"id":136023,"date":"2025-05-29T04:49:08","date_gmt":"2025-05-29T04:49:08","guid":{"rendered":"https:\/\/www.europesays.com\/fr\/136023\/"},"modified":"2025-05-29T04:49:08","modified_gmt":"2025-05-29T04:49:08","slug":"elon-musk-confirme-son-depart-du-gouvernement-trump-le-figaro","status":"publish","type":"post","link":"https:\/\/www.europesays.com\/fr\/136023\/","title":{"rendered":"Elon Musk confirme son d\u00e9part du gouvernement Trump &#8211; Le Figaro"},"content":{"rendered":"<ol>\n<li><a href=\"https:\/\/news.google.com\/rss\/articles\/CBMinwFBVV95cUxOemFiZ3RsQ0dUSU1ZekU5SmV2TEpSOFZVS2RkMUw5SXBaOW1NVUE5V19qUU9iZEF0SzA4Q3pKNlZJYk8tRVBPTnVsckdHZ0Z3bEFHbTUxNW9pRkstWXd0aDNrM01RVTRqMWJXeHp5S294MWVoX1JjNUoxY09pQlRnOG9wQ0QzR2dHMUVYOFlqVkZPdng4Ry12TnNBMmNXM0E?oc=5\" target=\"_blank\" rel=\"nofollow noopener\">Elon Musk confirme son d\u00e9part du gouvernement Trump<\/a>&nbsp;&nbsp;Le Figaro<\/li>\n<li><a href=\"https:\/\/news.google.com\/rss\/articles\/CBMitAFBVV95cUxQdzdzVUFJY1ZROEloVnFzc29zYjV3THZaZW1tY1ZxcFZPQ2RvQjFBUWdhOXlNWXVSQU5JenUyd3h1aHZBXzFZV285SGUwQUd4dDc0TU40eEt4MzlXUkxxTlctUXpXSWlXWXBPd0hUSWV0N0dqeXY5N2diaHVFZzdfdkoxMjRuSnZrN3pjT3hNXzBpM195VDFRenRpRmZTcm5VNDh5eDV2dHQxR0hROE9vRlF4YXE?oc=5\" target=\"_blank\" rel=\"nofollow noopener\">Etats-Unis : Elon Musk confirme qu\u2019il quitte le gouvernement Trump<\/a>&nbsp;&nbsp;20 Minutes<\/li>\n<li><a href=\"https:\/\/news.google.com\/rss\/articles\/CBMijgJBVV95cUxPZVJPTkxVNzQtV1FrSDRTTzl6WnFKbE5yckdobUxjSloySHN0SV9QTmFBMC1SUDRLYlVLRU9IcXdCZXo0bUNybWpjV21IY3lMUkZnYkhnU2ZzeFNvZ2JkOElxT0pyb2IzdVNBTV9TbzBLbjVmbVRDcjUweWt0dWJCVU1ZeElzNHhxcUJnQlNuQ3E4TzhjdEdjcHZlSVo4emN3OUNNSzBwRXVDQTJ6MVBrdlU2NmFSOEZyX0pqa2ZtNTlqX25EalBuOUNqYkZ1dEFGNUlObVRtaXluT2JvWkhjZkh1UmZoN1pBMF9pdGt2SnVXSGFJY0k3NFBJVldxRy05U2JpTmREMzhoRVhhbUE?oc=5\" target=\"_blank\" rel=\"nofollow noopener\">D\u00e9part de Musk, droits de douane, climat, Allemagne, d\u00e9c\u00e8s de Ngugi wa Thiong\u2019o : les informations de la nuit<\/a>&nbsp;&nbsp;Courrier international<\/li>\n<li><a href=\"https:\/\/news.google.com\/rss\/articles\/CBMi_AFBVV95cUxOMW14MmRiOHlpRjhpMXhCOW15cVNZZEJwcmUtNGhrX2pCRTRCVVlZaWV1RDg1ZW45ZEgySldZZTQ0RlJ3Rl9EOGYwTGhxUmV3ckdOV1hvTjJHWmZpT2FsVHRXaThwdE1jZHZ2MURTUHpfQ3JYaGw0WE5XQXpUYU42X1paT3Z5UE82UFVOQm50ZW5qUTdxbXRnbkRjZ2dFT1hHNmk3XzVqV2trSE90SjZ0YTVDWXlBcDRPc09ycGtubE1PMklBcHhNdkJ3SUJfQmZXaG81ZkhyaEhobWh4dFN6TndZYUxyRUp0SU5ndHN1QzJ5TXNsQ1ZTTG5Jdkc?oc=5\" target=\"_blank\" rel=\"nofollow noopener\">Elon Musk, qui s\u2019est mis en retrait de DOGE, est \u00ab d\u00e9\u00e7u \u00bb de la loi budg\u00e9taire propos\u00e9e par Donald Trump<\/a>&nbsp;&nbsp;Le Monde.fr<\/li>\n<li><a href=\"https:\/\/news.google.com\/rss\/articles\/CBMi1wFBVV95cUxPWG5jcHQ4ejFPQTladW5RanJWTlZUNWRXWDNjZWlBYmtzc3lfMUVWSUNXMHJqdzU5ai0wZXpYcHdGTEl0NTY4MXBNaGczc2YzX2hvZnUtZ1ZMSXBnRktqZEVodVc4TGUzekd5aDBpN2NGemZGd3NmeHBESWRDNDZ4R0d2R0VxclFha01USEZOZXZieEgwbnQyZUhfaWI3WGl3bHJ0djZPdldnQnpiZi04YTV4TmRfc2podU1pSDk5Zk9tVFJMcVZEdVRkM1V0ZkRHeTRRUllDcw?oc=5\" target=\"_blank\" rel=\"nofollow noopener\">\u00ab J\u2019ai \u00e9t\u00e9 d\u00e9\u00e7u \u00bb : le tacle appuy\u00e9 d\u2019Elon Musk \u00e0 Donald Trump \u00e0 la t\u00e9l\u00e9 am\u00e9ricaine<\/a>&nbsp;&nbsp;Le HuffPost<\/li>\n<\/ol>\n","protected":false},"excerpt":{"rendered":"Elon Musk confirme son d\u00e9part du gouvernement Trump&nbsp;&nbsp;Le Figaro Etats-Unis : Elon Musk confirme qu\u2019il quitte le gouvernement&hellip;\n","protected":false},"author":2,"featured_media":136024,"comment_status":"","ping_status":"","sticky":false,"template":"","format":"standard","meta":{"footnotes":""},"categories":[6],"tags":[259,260,35,33,34,46,1011,27,14,261,262],"class_list":{"0":"post-136023","1":"post","2":"type-post","3":"status-publish","4":"format-standard","5":"has-post-thumbnail","7":"category-economie","8":"tag-actualite-internationale","9":"tag-affaires-etrangeres","10":"tag-business","11":"tag-economie","12":"tag-economy","13":"tag-elon-musk","14":"tag-fr","15":"tag-france","16":"tag-international","17":"tag-ministere-des-affaires-etrangeres","18":"tag-politique-etrangere"},"share_on_mastodon":{"url":"https:\/\/pubeurope.com\/@fr\/114589320159228693","error":""},"_links":{"self":[{"href":"https:\/\/www.europesays.com\/fr\/wp-json\/wp\/v2\/posts\/136023","targetHints":{"allow":["GET"]}}],"collection":[{"href":"https:\/\/www.europesays.com\/fr\/wp-json\/wp\/v2\/posts"}],"about":[{"href":"https:\/\/www.europesays.com\/fr\/wp-json\/wp\/v2\/types\/post"}],"author":[{"embeddable":true,"href":"https:\/\/www.europesays.com\/fr\/wp-json\/wp\/v2\/users\/2"}],"replies":[{"embeddable":true,"href":"https:\/\/www.europesays.com\/fr\/wp-json\/wp\/v2\/comments?post=136023"}],"version-history":[{"count":0,"href":"https:\/\/www.europesays.com\/fr\/wp-json\/wp\/v2\/posts\/136023\/revisions"}],"wp:featuredmedia":[{"embeddable":true,"href":"https:\/\/www.europesays.com\/fr\/wp-json\/wp\/v2\/media\/136024"}],"wp:attachment":[{"href":"https:\/\/www.europesays.com\/fr\/wp-json\/wp\/v2\/media?parent=136023"}],"wp:term":[{"taxonomy":"category","embeddable":true,"href":"https:\/\/www.europesays.com\/fr\/wp-json\/wp\/v2\/categories?post=136023"},{"taxonomy":"post_tag","embeddable":true,"href":"https:\/\/www.europesays.com\/fr\/wp-json\/wp\/v2\/tags?post=136023"}],"curies":[{"name":"wp","href":"https:\/\/api.w.org\/{rel}","templated":true}]}}