{"id":136025,"date":"2025-05-29T04:50:10","date_gmt":"2025-05-29T04:50:10","guid":{"rendered":"https:\/\/www.europesays.com\/fr\/136025\/"},"modified":"2025-05-29T04:50:10","modified_gmt":"2025-05-29T04:50:10","slug":"en-suisse-un-glacier-se-detache-et-emporte-avec-lui-une-partie-dun-village-faisant-un-mort","status":"publish","type":"post","link":"https:\/\/www.europesays.com\/fr\/136025\/","title":{"rendered":"En Suisse, un glacier se d\u00e9tache et emporte avec lui une partie d&rsquo;un village, faisant un mort"},"content":{"rendered":"<p>L&rsquo;\u00e9boulement d&rsquo;un glacier mercredi apr\u00e8s-midi dans le sud de la Suisse a d\u00e9truit en grande partie un petit village, Blatten, et fait un disparu, ont indiqu\u00e9 les autorit\u00e9s, qualifiant cet \u00e9v\u00e9nement de \u00ab\u00a0tr\u00e8s rare\u00a0\u00bb.<\/p>\n<p>\u00ab\u00a0Nous avons perdu le village aujourd&rsquo;hui, mais pas notre coeur\u00a0\u00bb, a d\u00e9clar\u00e9 lors d&rsquo;un point de presse le maire de la petite commune, qui comptait 300 habitants avant son \u00e9vacuation compl\u00e8te la semaine derni\u00e8re.<\/p>\n<p>L&rsquo;\u00e9boulement du glacier \u00e9tait attendu depuis plusieurs jours, de nombreux \u00e9boulements de roche s&rsquo;\u00e9tant d\u00e9j\u00e0 produits dans la partie montagneuse qui le surplombe. Les autorit\u00e9s ont indiqu\u00e9 qu&rsquo;une personne \u00e9tait port\u00e9e disparue, sans plus de pr\u00e9cisions.<\/p>\n<p>Vers 15H30 (13H30 GMT), <strong>un effondrement massif s&rsquo;est produit au niveau du glacier du Birch<\/strong>, dans la vall\u00e9e du L\u00f6tschental et a d\u00e9val\u00e9 vers le village qui se trouve \u00e0 environ 1.500 m\u00e8tres d&rsquo;altitude, selon les autorit\u00e9s en charge des situations d&rsquo;urgence dans cette partie du canton du Valais.<\/p>\n<p>Une cellule de soutien, notamment psychologique, a \u00e9t\u00e9 mise en place pour venir en aide aux habitants apr\u00e8s qu&rsquo;ils aient pu se rendre compte de l&rsquo;ampleur des destructions dans le village.<\/p>\n<blockquote class=\"twitter-tweet\">\n<p lang=\"en\" dir=\"ltr\">BREAKING: Massive Glacier Collapse in Blatten, Valais (Switzerland) \u2013 May 28, 2025<\/p>\n<p>Over 3.5 million m\u00b3 of ice, rock, and snow collapsed from the Birch Glacier, putting 9 million tons of pressure on the glacier.<\/p>\n<p>The entire village of Blatten (approx. 300 people) was evacuated in\u2026 <a href=\"https:\/\/t.co\/ntmV35GL8o\" rel=\"nofollow\">pic.twitter.com\/ntmV35GL8o<\/a><\/p>\n<p>\u2014 Weather Monitor (@WeatherMonitors) <a href=\"https:\/\/twitter.com\/WeatherMonitors\/status\/1927733738630217885?ref_src=twsrc%5Etfw\" rel=\"nofollow noopener\" target=\"_blank\">May 28, 2025<\/a><\/p><\/blockquote>\n<p>                                <strong>Nuage massif<\/strong><\/p>\n<p>De nombreuses habitations de ce petit village ont \u00e9t\u00e9 d\u00e9truites par l&rsquo;amas de glace et de rochers qui a d\u00e9val\u00e9 la montagne. Des images diffus\u00e9es sur YouTube montrent un immense nuage de glace et de gravats d\u00e9valant la pente de la montagne surplombant la vall\u00e9e o\u00f9 coule la rivi\u00e8re Lonza et o\u00f9 se trouve le village.<\/p>\n<p>La force et la vitesse du nuage sont telles qu&rsquo;il poursuit sa course sur la pente oppos\u00e9e de la vall\u00e9e.<\/p>\n<p>Selon Rapha\u00ebl Mayoraz, responsable cantonal en charge de la gestion des dangers naturels, ce sont \u00ab\u00a03 millions de m3 de roches qui sont tomb\u00e9s d&rsquo;un coup sur le glacier l&#8217;emportant avec eux\u00a0\u00bb dans la vall\u00e9e.<\/p>\n<p>\u00ab\u00a0C&rsquo;est tr\u00e8s, tr\u00e8s rare. Nous ne connaissons pas d&rsquo;exemple dans l&rsquo;histoire et maintenant tout est tomb\u00e9\u00a0\u00bb, a-t-il soulign\u00e9.\u00a0\u00ab\u00a0<strong>C&rsquo;est un \u00e9v\u00e9nement extraordinaire\u00a0\u00bb<\/strong>, a rench\u00e9ri, Albert R\u00f6sti, conseiller f\u00e9d\u00e9ral en charge de l&rsquo;environnement.<\/p>\n<p><strong>Inqui\u00e9tude pour le barrage naturel<\/strong><\/p>\n<p>Son coll\u00e8gue Martin Pfister, en charge de la d\u00e9fense et de la s\u00e9curit\u00e9 civile, a pr\u00e9cis\u00e9 que l&rsquo;arm\u00e9e se rendait sur place pour \u00e9valuer la situation et faire un point pr\u00e9cis des moyens \u00e0 mettre en oeuvre.<\/p>\n<p>Un des points d&rsquo;inqui\u00e9tude:<strong> le barrage naturel qui s&rsquo;est form\u00e9 sur la rivi\u00e8re Lonza et qui provoque la formation d&rsquo;un lac<\/strong>.<\/p>\n<p>\u00ab\u00a0L&#8217;embouteillage est d&rsquo;environ deux kilom\u00e8tres de long sur la Lonza (&#8230;) et c&rsquo;est comme une montagne et bien s\u00fbr, cela cr\u00e9e un petit lac qui devient de plus en plus grand. Et c&rsquo;est un risque que nous devons surveiller\u00a0\u00bb, a soulign\u00e9 M. Mayoraz.<\/p>\n<p>Un barrage artificiel a \u00e9t\u00e9 pr\u00e9ventivement vid\u00e9 pour contenir l&rsquo;eau refoul\u00e9e par le mur de glace, de terre et de gravats. Si l&rsquo;eau devait d\u00e9border de ce barrage artificiel il faudrait alors songer \u00e0 \u00e9vacuer la vall\u00e9e, mais ce sc\u00e9nario du pire n&rsquo;a qu&rsquo;une faible probabilit\u00e9 de se r\u00e9aliser. <strong>La Lonza a un d\u00e9bit relativement limit\u00e9.<\/strong><\/p>\n<p>Le Conseil d&rsquo;Etat du Valais a demand\u00e9 \u00e0 l&rsquo;arm\u00e9e de fournir des pompes pour s\u00e9curiser le lit de la rivi\u00e8re, des appareils de d\u00e9blaiement et des m\u00e2ts d&rsquo;\u00e9clairage.<\/p>\n<p>Un transport a\u00e9rien a \u00e9t\u00e9 demand\u00e9 pour ces appareils.<\/p>\n<p><script async src=\"https:\/\/platform.twitter.com\/widgets.js\" charset=\"utf-8\"><\/script><\/p>\n","protected":false},"excerpt":{"rendered":"L&rsquo;\u00e9boulement d&rsquo;un glacier mercredi apr\u00e8s-midi dans le sud de la Suisse a d\u00e9truit en grande partie un petit&hellip;\n","protected":false},"author":2,"featured_media":136026,"comment_status":"","ping_status":"","sticky":false,"template":"","format":"standard","meta":{"footnotes":""},"categories":[5],"tags":[11,436,1011,27,14,12,28],"class_list":{"0":"post-136025","1":"post","2":"type-post","3":"status-publish","4":"format-standard","5":"has-post-thumbnail","7":"category-international","8":"tag-actualites","9":"tag-environnement","10":"tag-fr","11":"tag-france","12":"tag-international","13":"tag-news","14":"tag-world"},"share_on_mastodon":{"url":"https:\/\/pubeurope.com\/@fr\/114589323989801885","error":""},"_links":{"self":[{"href":"https:\/\/www.europesays.com\/fr\/wp-json\/wp\/v2\/posts\/136025","targetHints":{"allow":["GET"]}}],"collection":[{"href":"https:\/\/www.europesays.com\/fr\/wp-json\/wp\/v2\/posts"}],"about":[{"href":"https:\/\/www.europesays.com\/fr\/wp-json\/wp\/v2\/types\/post"}],"author":[{"embeddable":true,"href":"https:\/\/www.europesays.com\/fr\/wp-json\/wp\/v2\/users\/2"}],"replies":[{"embeddable":true,"href":"https:\/\/www.europesays.com\/fr\/wp-json\/wp\/v2\/comments?post=136025"}],"version-history":[{"count":0,"href":"https:\/\/www.europesays.com\/fr\/wp-json\/wp\/v2\/posts\/136025\/revisions"}],"wp:featuredmedia":[{"embeddable":true,"href":"https:\/\/www.europesays.com\/fr\/wp-json\/wp\/v2\/media\/136026"}],"wp:attachment":[{"href":"https:\/\/www.europesays.com\/fr\/wp-json\/wp\/v2\/media?parent=136025"}],"wp:term":[{"taxonomy":"category","embeddable":true,"href":"https:\/\/www.europesays.com\/fr\/wp-json\/wp\/v2\/categories?post=136025"},{"taxonomy":"post_tag","embeddable":true,"href":"https:\/\/www.europesays.com\/fr\/wp-json\/wp\/v2\/tags?post=136025"}],"curies":[{"name":"wp","href":"https:\/\/api.w.org\/{rel}","templated":true}]}}