{"id":136029,"date":"2025-05-29T04:52:10","date_gmt":"2025-05-29T04:52:10","guid":{"rendered":"https:\/\/www.europesays.com\/fr\/136029\/"},"modified":"2025-05-29T04:52:10","modified_gmt":"2025-05-29T04:52:10","slug":"zfe-la-suppression-des-zones-a-faibles-emissions-approuvee-par-lassemblee-nationale-lcp","status":"publish","type":"post","link":"https:\/\/www.europesays.com\/fr\/136029\/","title":{"rendered":"ZFE : La suppression des &lsquo;zones \u00e0 faibles \u00e9missions&rsquo; approuv\u00e9e par l&rsquo;Assembl\u00e9e nationale | LCP"},"content":{"rendered":"<p>Les d\u00e9put\u00e9s ont confirm\u00e9, ce mercredi 28 mai, la suppression des \u00ab\u00a0zones \u00e0 faibles \u00e9missions\u00a0\u00bb (ZFE), dans le cadre de l&rsquo;examen en premi\u00e8re lecture du projet de loi \u00ab\u00a0de simplification \u00e9conomique\u00a0\u00bb. Les ZFE interdisent ou limitent l&rsquo;acc\u00e8s \u00e0 plusieurs grandes villes aux v\u00e9hicules les plus polluants, au risque, selon leurs opposants, de p\u00e9naliser les m\u00e9nages qui n&rsquo;ont pas les moyens d&rsquo;acheter une voiture plus r\u00e9cente. Le parcours l\u00e9gislatif du texte n&rsquo;\u00e9tant pas termin\u00e9, cette suppression devra cependant encore \u00eatre confirm\u00e9e par la suite.\u00a0<\/p>\n<p>C&rsquo;est un coup suppl\u00e9mentaire port\u00e9 aux \u00ab\u00a0<strong>zones \u00e0 faibles \u00e9missions<\/strong>\u00ab\u00a0. Ce mercredi 28 mai au soir, les d\u00e9put\u00e9s ont <strong>confirm\u00e9 dans l&rsquo;h\u00e9micycle de l&rsquo;Assembl\u00e9e nationale la suppression des ZFE<\/strong>, dans le cadre de l&rsquo;examen du <a href=\"https:\/\/www.assemblee-nationale.fr\/dyn\/17\/textes\/l17b1191_texte-adopte-commission\" target=\"_blank\" rel=\"noopener\">projet de loi<\/a> \u00ab\u00a0<strong>de simplification de la vie \u00e9conomique<\/strong>\u00ab\u00a0, par 98 voix contre 51 (d\u00e9tail du scrutin \u00e0 consulter <a href=\"https:\/\/www.assemblee-nationale.fr\/dyn\/17\/scrutins\/2190\" target=\"_blank\" rel=\"noopener\">ici<\/a>). Une majorit\u00e9 d&rsquo;\u00e9lus avaient d\u00e9j\u00e0 opt\u00e9 pour cette abrogation lors de l&rsquo;<a data-entity-substitution=\"canonical\" data-entity-type=\"node\" data-entity-uuid=\"1b810815-30a8-4175-ac8a-3ed493f865c0\" href=\"https:\/\/lcp.fr\/actualites\/zfe-la-suppression-des-zones-a-faibles-emissions-votee-en-commission-a-l-assemblee\" target=\"_blank\" title=\"ZFE : la suppression des &quot;Zones \u00e0 faibles \u00e9missions&quot; vot\u00e9e en commission \u00e0 l&#039;Assembl\u00e9e\" rel=\"noopener\">examen du texte en commission<\/a>, fin mars. Initi\u00e9es en 2019 et \u00e9tendues par la loi Climat et r\u00e9silience en 2021, les ZFE interdisent l&rsquo;acc\u00e8s \u00e0 plusieurs grandes villes aux v\u00e9hicules les plus polluants, afin d&rsquo;am\u00e9liorer la <strong>qualit\u00e9 de l&rsquo;air<\/strong>, alors que la pollution est responsable de <strong>40\u00a0000 d\u00e9c\u00e8s par an, selon Sant\u00e9 publique France<\/strong>.<\/p>\n<p>Mais cette r\u00e9forme entra\u00eene, selon les d\u00e9tracteurs du dispositif, une injustice, d\u00e8s lors qu&rsquo;elle\u00a0<strong>exclut les m\u00e9nages modestes qui n&rsquo;ont pas les moyens d&rsquo;acqu\u00e9rir une voiture plus r\u00e9cente<\/strong> et moins polluante. Pour cette raison, le dispositif divise au sein m\u00eame de la <strong>coalition\u00a0pr\u00e9sidentielle<\/strong>, qui est pourtant \u00e0 l&rsquo;origine de cette mesure, comme au sein de la <strong>gauche<\/strong>, les \u00e9lus de <strong>La France insoumise<\/strong> \u00e9tant oppos\u00e9s \u00e0 son principe.<\/p>\n<p>Le gouvernement <strong>n&rsquo;\u00e9tait pas favorable \u00e0 la suppression des ZFE<\/strong>, mais a d\u00e9fendu des am\u00e9nagements du dispositif, en le limitant aux agglom\u00e9rations de Paris et de Lyon, tout en laissant la libert\u00e9 de choix aux maires dans les autres communes de plus 150\u00a0000 habitants. Par ailleurs, le gouvernement souhaite \u00e9galement renforcer l&rsquo;accompagnement des publics concern\u00e9s, a d\u00e9taill\u00e9 la <strong>ministre de la Transition \u00e9cologique, Agn\u00e8s Pannier-Runacher<\/strong>.\u00a0\u00ab\u00a0Oui, il faut adapter les ZFE pour renforcer leur acceptabilit\u00e9\u00a0\u00bb, a soutenu le co-rapporteur du texte, <strong>St\u00e9phane Travert (apparent\u00e9 Ensemble pour la R\u00e9publique)<\/strong>.<\/p>\n<p>\u00ab\u00a0Les ZFE sont un dispositif de s\u00e9paratisme territorial\u00a0\u00bb et \u00ab\u00a0ne servent \u00e0 rien\u00a0\u00bb, a cingl\u00e9 <strong>Pierre Meurin (Rassemblement nationale)<\/strong>, \u00ab\u00a0\u00e9mu\u00a0\u00bb de pouvoir d\u00e9fendre un combat qui l&rsquo;anime \u00ab\u00a0depuis 4 ans\u00a0\u00bb. \u00ab\u00a0Supprimons toutes les ZFE\u00a0\u00bb, a abond\u00e9 <strong>Charles\u00a0Sitzenstuhl (Ensemble pour la R\u00e9publique)<\/strong>, \u00e9lu du parti pr\u00e9sidentiel. \u00ab\u00a0L&rsquo;am\u00e9lioration de la qualit\u00e9 de l&rsquo;air ne peut pas se faire au d\u00e9triment des plus d\u00e9munis\u00a0\u00bb, a soulign\u00e9 le co-rapporteur du texte, <strong>Ian Boucard (Droite r\u00e9publicaine)<\/strong>. \u00ab\u00a0C&rsquo;est une tr\u00e8s mauvaise solution \u00e0 un vrai probl\u00e8me\u00a0\u00bb, a constat\u00e9 <strong>Corentin Le Fur (Droite r\u00e9publicaine)<\/strong>, qui a point\u00e9 une \u00ab\u00a0mesure la plus injuste qui soit\u00a0\u00bb, susceptible de \u00ab\u00a0d\u00e9go\u00fbter de l&rsquo;\u00e9cologie\u00a0\u00bb les classes populaires.<\/p>\n<blockquote>\n<p>Il ne faut pas sauver le soldat ZFE. Pierre Meurin (Rassemblement national)<\/p>\n<\/blockquote>\n<p>\u00ab\u00a0La France insoumise a toujours \u00e9t\u00e9 oppos\u00e9e aux ZFE. C&rsquo;est une mesure tr\u00e8s mal faite, qui cr\u00e9e des in\u00e9galit\u00e9s sociales\u00a0\u00bb, a soutenu <strong>Manon Meunier (La France insoumise)<\/strong>, plus encline \u00e0 d\u00e9fendre une \u00ab\u00a0\u00e9cologie populaire\u00a0\u00bb.<\/p>\n<p>De fait, les ZFE n&rsquo;ont gu\u00e8re trouv\u00e9 de d\u00e9fenseurs forcen\u00e9s dans l&rsquo;h\u00e9micycle, tous reconnaissant les limites du dispositif. \u00ab\u00a0Les ZFE sont un outil non abouti\u00a0\u00bb, a relev\u00e9 Sandra Regol (Ecologiste et social), tout en \u00e9num\u00e9rant les mesures qui doivent les accompagner : aides \u00e0 l&rsquo;achat de nouveaux v\u00e9hicules, parkings relais&#8230; \u00ab\u00a0Les crit\u00e8res sont \u00e0 perfectionner\u00a0\u00bb, a reconnu <strong>Blandine Brocard (Les D\u00e9mocrates)<\/strong>. Quant \u00e0 <strong>G\u00e9rard Leseul (Socialistes et apparent\u00e9s)<\/strong>, il n&rsquo;a pas cach\u00e9 sa col\u00e8re vis-\u00e0-vis des atermoiements du camp pr\u00e9sidentiel. \u00ab\u00a0Vous avez une responsabilit\u00e9 morale extr\u00eamement importante \u00e0 l&rsquo;\u00e9gard de tous les concitoyens qui se sont mis la rate au court-bouillon\u00a0\u00bb, s&rsquo;est-il agac\u00e9, pointant une \u00ab\u00a0faute morale\u00a0\u00bb.<\/p>\n<p>In fine, les d\u00e9put\u00e9s en sont rest\u00e9s \u00e0 la version de la commission, \u00e0 savoir une <strong>abrogation pure et simple du dispositif<\/strong>. La proposition d&rsquo;am\u00e9nagement du gouvernement a \u00e9t\u00e9 \u00e9cart\u00e9e, et la suppression approuv\u00e9 avec l&rsquo;assentiment des \u00e9lus RN, DR et LFI. Le sort des ZFE n&rsquo;est toutefois pas scell\u00e9, le projet de loi devant encore poursuivre son parcours l\u00e9gislatif.<\/p>\n<p>Plus t\u00f4t dans l&rsquo;apr\u00e8s-midi, les d\u00e9bats avaient port\u00e9 sur un autre dispositif inclus dans la loi Climat et r\u00e9silience : le <strong>z\u00e9ro artificialisation nette des sols (ZAN)<\/strong>. <a data-entity-substitution=\"canonical\" data-entity-type=\"node\" data-entity-uuid=\"e3a0ada8-0eef-4890-ab5b-5082ac49defb\" href=\"https:\/\/lcp.fr\/actualites\/zero-artificialisation-nette-des-sols-fin-de-seance-houleuse-a-l-assemblee-avant-la-mise\" target=\"_blank\" title=\"Z\u00e9ro artificialisation nette des sols : fin de s\u00e9ance houleuse \u00e0 l&#039;Assembl\u00e9e avant la mise au vote d&#039;amendements visant \u00e0 supprimer le ZAN\" rel=\"noopener\">Menac\u00e9 ce mardi soir<\/a>, ce m\u00e9canisme a finalement \u00e9t\u00e9 largement assoupli ce mercredi, les d\u00e9put\u00e9s excluant du dispositif les projets industriels d&rsquo;int\u00e9r\u00eat majeur.<\/p>\n","protected":false},"excerpt":{"rendered":"Les d\u00e9put\u00e9s ont confirm\u00e9, ce mercredi 28 mai, la suppression des \u00ab\u00a0zones \u00e0 faibles \u00e9missions\u00a0\u00bb (ZFE), dans le&hellip;\n","protected":false},"author":2,"featured_media":136030,"comment_status":"","ping_status":"","sticky":false,"template":"","format":"standard","meta":{"footnotes":""},"categories":[2],"tags":[11,416,423,1011,27,1922,23203,12],"class_list":{"0":"post-136029","1":"post","2":"type-post","3":"status-publish","4":"format-standard","5":"has-post-thumbnail","7":"category-actualites","8":"tag-actualites","9":"tag-assemblee-nationale","10":"tag-deputes","11":"tag-fr","12":"tag-france","13":"tag-info","14":"tag-lcp","15":"tag-news"},"share_on_mastodon":{"url":"https:\/\/pubeurope.com\/@fr\/114589331940994955","error":""},"_links":{"self":[{"href":"https:\/\/www.europesays.com\/fr\/wp-json\/wp\/v2\/posts\/136029","targetHints":{"allow":["GET"]}}],"collection":[{"href":"https:\/\/www.europesays.com\/fr\/wp-json\/wp\/v2\/posts"}],"about":[{"href":"https:\/\/www.europesays.com\/fr\/wp-json\/wp\/v2\/types\/post"}],"author":[{"embeddable":true,"href":"https:\/\/www.europesays.com\/fr\/wp-json\/wp\/v2\/users\/2"}],"replies":[{"embeddable":true,"href":"https:\/\/www.europesays.com\/fr\/wp-json\/wp\/v2\/comments?post=136029"}],"version-history":[{"count":0,"href":"https:\/\/www.europesays.com\/fr\/wp-json\/wp\/v2\/posts\/136029\/revisions"}],"wp:featuredmedia":[{"embeddable":true,"href":"https:\/\/www.europesays.com\/fr\/wp-json\/wp\/v2\/media\/136030"}],"wp:attachment":[{"href":"https:\/\/www.europesays.com\/fr\/wp-json\/wp\/v2\/media?parent=136029"}],"wp:term":[{"taxonomy":"category","embeddable":true,"href":"https:\/\/www.europesays.com\/fr\/wp-json\/wp\/v2\/categories?post=136029"},{"taxonomy":"post_tag","embeddable":true,"href":"https:\/\/www.europesays.com\/fr\/wp-json\/wp\/v2\/tags?post=136029"}],"curies":[{"name":"wp","href":"https:\/\/api.w.org\/{rel}","templated":true}]}}