{"id":136031,"date":"2025-05-29T04:53:10","date_gmt":"2025-05-29T04:53:10","guid":{"rendered":"https:\/\/www.europesays.com\/fr\/136031\/"},"modified":"2025-05-29T04:53:10","modified_gmt":"2025-05-29T04:53:10","slug":"saint-etienne-il-est-desormais-interdit-de-fumer-et-vapoter-dans-les-lieux-culturels-et-sportifs","status":"publish","type":"post","link":"https:\/\/www.europesays.com\/fr\/136031\/","title":{"rendered":"Saint-\u00c9tienne. Il est d\u00e9sormais interdit de fumer et vapoter dans les lieux culturels et sportifs"},"content":{"rendered":"<p>\u00c0 l\u2019approche de la journ\u00e9e mondiale sans tabac, qui aura lieu samedi 31\u00a0mai, la cit\u00e9 st\u00e9phanoise d\u00e9cide de franchir une nouvelle \u00e9tape dans sa lutte contre le tabagisme. D\u00e8s aujourd\u2019hui, il est interdit de fumer &#8211; peu importe la nature de la cigarette &#8211; dans les \u00e9quipements sportifs et culturels, ainsi qu\u2019\u00e0 proximit\u00e9 imm\u00e9diate, dans un rayon d\u2019environ 5 m\u00e8tres de leur entr\u00e9e principale.<\/p>\n<p>Cette nouvelle r\u00e8gle fait partie du Plan cancer st\u00e9phanois, une initiative unique en France lanc\u00e9e en 2016 qui vise \u00e0 prot\u00e9ger la sant\u00e9 des habitants et pr\u00e9venir des cancers. La ville avait d\u2019ailleurs \u00e9t\u00e9 reconnue en 2023 par la Ligue contre le cancer, <a href=\"https:\/\/www.leprogres.fr\/environnement\/2024\/11\/06\/espaces-sans-tabac-je-ne-savais-meme-pas-que-ca-existait\" target=\"_blank\" rel=\"nofollow noopener\"> avec le label \u00ab\u00a0Espace sans tabac\u00a0\u00bb<\/a> , notamment pour les parcs, jardins, \u00e9coles et cr\u00e8ches.<\/p>\n<p>  R\u00e9duire l\u2019exposition au tabagisme passif<\/p>\n<p>Pour indiquer clairement ces nouvelles zones, des panneaux de signalisation sont d\u00e9j\u00e0 en cours d\u2019installation. L\u2019objectif principal de ce dispositif \u00e9tant de r\u00e9duire l\u2019exposition au tabagisme passif, particuli\u00e8rement pour les enfants et familles fr\u00e9quentant ces lieux.<\/p>\n<p>Le maire, <a href=\"https:\/\/www.leprogres.fr\/p\/gael-perdriau\" target=\"_blank\" rel=\"nofollow noopener\">Ga\u00ebl Perdriau<\/a>, insiste sur la n\u00e9cessit\u00e9 de cette d\u00e9marche\u00a0: \u00ab\u00a0Nous nous sommes toujours attach\u00e9s \u00e0 am\u00e9liorer le bien-\u00eatre des habitants en passant par leur sant\u00e9 et la qualit\u00e9 de leur environnement. En cr\u00e9ant de nouveaux espaces prot\u00e9g\u00e9s du tabac, nous pensons aux g\u00e9n\u00e9rations futures.\u00a0\u00bb<\/p>\n<p>Nadia Semache, adjointe \u00e0 la sant\u00e9 publique rappelle que le tabac est la premi\u00e8re cause \u00e9vitable de cancer. 75\u00a0000 personnes meurent chaque ann\u00e9e du tabac dont 45\u00a0000 d\u2019un cancer provoqu\u00e9 par la cigarette. Pour Laura Cinieri, conseill\u00e8re municipale d\u00e9l\u00e9gu\u00e9e \u00e0 la sant\u00e9 publique, cette mesure va plus loin qu\u2019une simple interdiction\u00a0: \u00ab\u00a0Sant\u00e9 publique et environnement sont li\u00e9s. En interdisant le tabac dans ces lieux, on am\u00e9liore aussi la qualit\u00e9 de l\u2019air et le cadre de vie en ville.\u00a0\u00bb<\/p>\n","protected":false},"excerpt":{"rendered":"\u00c0 l\u2019approche de la journ\u00e9e mondiale sans tabac, qui aura lieu samedi 31\u00a0mai, la cit\u00e9 st\u00e9phanoise d\u00e9cide de&hellip;\n","protected":false},"author":2,"featured_media":136032,"comment_status":"","ping_status":"","sticky":false,"template":"","format":"standard","meta":{"footnotes":""},"categories":[9653],"tags":[1111,11,2430,7539,1777,674,107,1011,27,3367,12,25,4001,7538,71],"class_list":{"0":"post-136031","1":"post","2":"type-post","3":"status-publish","4":"format-standard","5":"has-post-thumbnail","7":"category-saint-etienne","8":"tag-actu","9":"tag-actualites","10":"tag-auvergne-rhone-alpes","11":"tag-edition-loire-sud","12":"tag-eu","13":"tag-europe","14":"tag-fil-info","15":"tag-fr","16":"tag-france","17":"tag-loire","18":"tag-news","19":"tag-republique-francaise","20":"tag-saint-etienne","21":"tag-saint-etienne-ville","22":"tag-sante"},"share_on_mastodon":{"url":"https:\/\/pubeurope.com\/@fr\/114589335815784846","error":""},"_links":{"self":[{"href":"https:\/\/www.europesays.com\/fr\/wp-json\/wp\/v2\/posts\/136031","targetHints":{"allow":["GET"]}}],"collection":[{"href":"https:\/\/www.europesays.com\/fr\/wp-json\/wp\/v2\/posts"}],"about":[{"href":"https:\/\/www.europesays.com\/fr\/wp-json\/wp\/v2\/types\/post"}],"author":[{"embeddable":true,"href":"https:\/\/www.europesays.com\/fr\/wp-json\/wp\/v2\/users\/2"}],"replies":[{"embeddable":true,"href":"https:\/\/www.europesays.com\/fr\/wp-json\/wp\/v2\/comments?post=136031"}],"version-history":[{"count":0,"href":"https:\/\/www.europesays.com\/fr\/wp-json\/wp\/v2\/posts\/136031\/revisions"}],"wp:featuredmedia":[{"embeddable":true,"href":"https:\/\/www.europesays.com\/fr\/wp-json\/wp\/v2\/media\/136032"}],"wp:attachment":[{"href":"https:\/\/www.europesays.com\/fr\/wp-json\/wp\/v2\/media?parent=136031"}],"wp:term":[{"taxonomy":"category","embeddable":true,"href":"https:\/\/www.europesays.com\/fr\/wp-json\/wp\/v2\/categories?post=136031"},{"taxonomy":"post_tag","embeddable":true,"href":"https:\/\/www.europesays.com\/fr\/wp-json\/wp\/v2\/tags?post=136031"}],"curies":[{"name":"wp","href":"https:\/\/api.w.org\/{rel}","templated":true}]}}