{"id":136033,"date":"2025-05-29T04:54:10","date_gmt":"2025-05-29T04:54:10","guid":{"rendered":"https:\/\/www.europesays.com\/fr\/136033\/"},"modified":"2025-05-29T04:54:10","modified_gmt":"2025-05-29T04:54:10","slug":"interview-saint-etienne-vendus-dans-40-pays-ses-produits-cartonnent-250-boutiques-en-2030","status":"publish","type":"post","link":"https:\/\/www.europesays.com\/fr\/136033\/","title":{"rendered":"Interview. Saint-\u00c9tienne. Vendus dans 40 pays, ses produits cartonnent : \u00ab\u00a0250 boutiques en 2030\u00a0\u00bb"},"content":{"rendered":"<p>            Par<br \/>\n        <strong><br \/>\n            <a href=\"https:\/\/actu.fr\/auteur\/mathias-souteyrat\" title=\"Consulter tous les articles de Mathias Souteyrat\" target=\"_blank\" rel=\"noopener\">Mathias Souteyrat<\/a><br \/>\n        <\/strong><\/p>\n<p>        Publi\u00e9 le<\/p>\n<p>            29 mai 2025 \u00e0 6h34        <\/p>\n<p>La <a href=\"https:\/\/actu.fr\/auvergne-rhone-alpes\/loire_42\" target=\"_blank\" rel=\"noopener\">Loire<\/a>, terre d\u2019entrepreneurs et de bons go\u00fbts\u2009? \u00c0 l\u2019instar des succ\u00e8s de <a href=\"https:\/\/actu.fr\/auvergne-rhone-alpes\/saint-etienne_42218\/saint-etienne-pizza-cosy-l-enseigne-qui-explose-en-france-100-restaurants-en-2025_62265034.html\" target=\"_blank\" rel=\"noopener\">Pizza Cosy<\/a>, Richard Fournier, \u00e2g\u00e9 de 54\u00a0ans et originaire de <a href=\"https:\/\/actu.fr\/saint-etienne\/\" target=\"_blank\" rel=\"noopener\">Saint-Etienne<\/a>, est la t\u00eate pensante du Comptoir de Mathilde.<br \/>Avec 50 boutiques, 2\u2009400 revendeurs, 40\u00a0millions d\u2019euros de chiffre d\u2019affaires, le St\u00e9phanois ne compte pas s\u2019arr\u00eater-l\u00e0\u2009! Ouverture de magasins, nouveau concept\u2026 Actuellement \u00e0 Singapour, il r\u00e9pond \u00e0 nos questions ce jeudi 29\u00a0mai.<\/p>\n<p>Du garage \u00e0 une usine de 24\u2009000 m\u00b2<\/p>\n<p class=\"ac-article-content__question wall-content\"><strong class=\"color-primary\">Actu : <\/strong>De la fabrication des produits dans votre garage \u00e0 l&rsquo;implantation dans 40 pays, comment est n\u00e9e cette id\u00e9e qui cartonne d\u00e9sormais ?<\/p>\n<p class=\" wall-content\"><strong class=\"color-primary\">Richard Fournier : <\/strong>Tout commence en 2007, lorsque j&rsquo;ouvre une petite boutique \u00e0 Nyons, dans la Dr\u00f4me proven\u00e7ale, pour y proposer mes propres cr\u00e9ations artisanales de produits r\u00e9gionaux : chocolats, baba au rhum, p\u00e2tes \u00e0 tartiner et \u00e9picerie fine. <br \/>Le Comptoir de Mathilde ? Un hommage \u00e0 ma grand-m\u00e8re de Montbrison. Le succ\u00e8s est le fruit de l&rsquo;exp\u00e9rience. Je ne l&rsquo;aurais pas r\u00e9ussi \u00e0 20 ans. Je voulais des bons et beaux produits, chaleureux, nostalgiques pour recr\u00e9er l&rsquo;atmosph\u00e8re de ma grand-m\u00e8re.<br \/>J&rsquo;ai commenc\u00e9 la fabrication des produits dans mon garage, avant de grandir et de m&rsquo;installer dans un b\u00e2timent de 600 m\u00b2.<\/p>\n<p>    <img   decoding=\"async\" loading=\"lazy\" src=\"https:\/\/www.europesays.com\/fr\/wp-content\/uploads\/2025\/05\/fournier-comptoir-960x640.jpg\" alt=\"Comptoir-de-Mathilde\" width=\"960\" height=\"640\"\/><br \/>\n    Richard Fournier, \u00e2g\u00e9 de 54\u00a0ans et originaire de Saint-Etienne, est \u00e0 la t\u00eate du Comptoir de Mathilde. (\u00a9Photos transmises \u00e0 actu.fr)<\/p>\n<p class=\"ac-article-content__question wall-content\">Boutiques, employ\u00e9s, chiffre d&rsquo;affaires&#8230; votre croissance est affolante\u00a0: comment en \u00eates-vous arriv\u00e9 l\u00e0 ?<\/p>\n<p class=\" wall-content\"><strong class=\"color-primary\">RF : <\/strong>La premi\u00e8re ann\u00e9e, je r\u00e9alise un million d&rsquo;euros de chiffres, puis deux l&rsquo;ann\u00e9e suivante, etc. J&rsquo;affine le magasin, je finis le mod\u00e8le et j&rsquo;ouvre des boutiques \u00e0 Saint-R\u00e9my-de-Provence, Vallon-Pont-d&rsquo;Arc, etc.<br \/>Tr\u00e8s vite, le mod\u00e8le se d\u00e9veloppe, tout comme le nombre de franchis\u00e9s. En 2012, je construis une nouvelle manufacture de 4 000 m\u00b2. C&rsquo;est un succ\u00e8s puisque j&rsquo;ouvre 20 boutiques par an.<br \/>En 2017, je passe d&rsquo;une usine de 4 000 \u00e0 24 000 m\u00b2 avec 12 hectares de terrain pour penser le futur du Comptoir de Mathilde. Toute la production est int\u00e9gr\u00e9e dans nos locaux, o\u00f9 l&rsquo;on con\u00e7oit tous les produits comme le chocolat, la p\u00e2te \u00e0 tartiner, liqueur, atelier sal\u00e9 (huile, vinaigre), aromate et \u00e9pices du monde.<br \/>R\u00e9cemment, nous avons achet\u00e9 une entreprise \u00e0 Revel, \u00e0 c\u00f4t\u00e9 de Toulouse, pour y fabriquer des turbin\u00e9es (amandes et noisettes de chocolat).<br \/>Aujourd&rsquo;hui, l&rsquo;entreprise r\u00e9alise 40 millions d&rsquo;euros de chiffres d&rsquo;affaires. Elle emploie directement 150 salari\u00e9s, avec un r\u00e9seau de plus de 600 collaborateurs.\u00a0La marque est implant\u00e9e dans 40 pays.<\/p>\n<p>Un d\u00e9veloppement dans le nord de l\u2019Europe<\/p>\n<p class=\"ac-article-content__question wall-content\">Combien d&rsquo;ouvertures sont pr\u00e9vues cette ann\u00e9e ?\n<\/p>\n<p class=\" wall-content\"><strong class=\"color-primary\">RF : <\/strong>On souhaite avoir 200 boutiques (150 en France et 5 en Belgique) en 2025 avec l&rsquo;objectif de 250 Comptoirs de Mathilde \u00e0 l&rsquo;horizon 2030.<br \/>L&rsquo;enseigne a un programme de d\u00e9veloppement aux Pays bas et dans la Flandre belge. Nous souhaitons \u00e9galement aller en Suisse et mailler l&rsquo;Europe du Nord avec l&rsquo;Allemagne, les pays scandinaves qui ont du pouvoir d&rsquo;achats et aiment les bons produits fran\u00e7ais pour un total de 24 nouveaux magasins. <br \/>Nous avons actuellement 2 400 points de vente.<\/p>\n<p>L\u2019ouverture d\u2019un deuxi\u00e8me magasin \u00e0 Saint-Etienne\u2009? \u00ab\u2009On regarde\u2009\u00bb<br \/>\n    <img   decoding=\"async\" loading=\"lazy\" src=\"https:\/\/www.europesays.com\/fr\/wp-content\/uploads\/2025\/05\/jerome-crozat-photographe-videaste-184-960x640.jpg\" alt=\"Comptoir-de-Mathilde\" width=\"960\" height=\"640\"\/><br \/>\n    Le Comptoir de Mathilde compte une boutique \u00e0 Saint-Etienne. (\u00a9Illustration \/ J\u00e9r\u00f4me Crozat photographe)<\/p>\n<p class=\"ac-article-content__question wall-content\">Et dans la r\u00e9gion ?<\/p>\n<p class=\" wall-content\"><strong class=\"color-primary\">RF : <\/strong>On va ouvrir une boutique \u00e0 Mont\u00e9limar (Dr\u00f4me).<br \/>Je garde une attache particuli\u00e8re \u00e0 la ville de Saint-Etienne. Apr\u00e8s celle de la rue du g\u00e9n\u00e9ral Foy, dans l&rsquo;hypercentre, on pourrait installer un deuxi\u00e8me magasin dans un centre commercial comme Auchan Monthieu ou Steel.<br \/>On a eu aussi Villars en t\u00eate \u00e0 la place d&rsquo;Ollygan. On regarde tout \u00e7a&#8230;<\/p>\n<p>Richard Fournier distingu\u00e9 aux Victoires des Autodidactes Nationales <\/p>\n<p>Le 14 mai 2025, lors de la c\u00e9r\u00e9monie des Victoires des Autodidactes Nationales, organis\u00e9e au si\u00e8ge de la Banque de France \u00e0 Paris, en pr\u00e9sence d\u2019Arnaud Montebourg, le fondateur de l&rsquo;enseigne a \u00e9t\u00e9 distingu\u00e9 pour son parcours exceptionnel d\u2019entrepreneur autodidacte. <br \/>\u00ab Ce prix est une immense fiert\u00e9. Il r\u00e9compense non seulement un parcours, mais aussi une conviction : celle qu\u2019avec de la passion, du travail et une vision claire, tout est possible, m\u00eame sans dipl\u00f4me prestigieux. Je le d\u00e9die \u00e0 toutes celles et ceux qui osent entreprendre autrement. \u00bb<\/p>\n<p>Voir toutLe Mathilde Caf\u00e9, un chocolate shop en 2027<br \/>\n    <img   decoding=\"async\" loading=\"lazy\" src=\"https:\/\/www.europesays.com\/fr\/wp-content\/uploads\/2025\/05\/jerome-crozat-photographe-videaste-194-960x640.jpg\" alt=\"Comptoir-de-Mathilde\" width=\"960\" height=\"640\"\/><br \/>\n    Les clients ach\u00e8tent les produits du Comptoir de Mathilde pour consommer chez eux ou offrir des cadeaux. (\u00a9J\u00e9r\u00f4me Crozat photographe)<\/p>\n<p class=\"ac-article-content__question wall-content\">Un projet de chocolate shop est en cours : pouvez-vous nous en dire plus ?<\/p>\n<p class=\" wall-content\"><strong class=\"color-primary\">RF : <\/strong>Nos boutiques actuelles font 40 \u00e0 60 m\u00b2. Les clients ach\u00e8tent les produits pour consommer chez eux ou offrir des cadeaux. Le prochain concept, bien avanc\u00e9, sera le Mathilde Caf\u00e9, un chocolate shop. Nous recherchons des points de vente de 100\/150 m\u00b2 pour de la consommation sur place.<br \/>Le premier devrait ouvrir en 2027 \u00e0 Paris (le lieu n&rsquo;est pas encore d\u00e9fini) pour ensuite un d\u00e9veloppement au Moyen-Orient. <\/p>\n<p class=\" wall-content\">Suivez toute l\u2019actualit\u00e9 de vos villes et m\u00e9dias favoris en vous inscrivant \u00e0 <a href=\"https:\/\/moncompte.actu.fr\" title=\"D\u00e9couvez Mon Actu\" rel=\"nofollow noopener\" data-trk=\"{&quot;cta&quot;:{&quot;action&quot;:&quot;https:\\\/\\\/moncompte.actu.fr&quot;,&quot;category&quot;:&quot;mon compte&quot;,&quot;from&quot;:&quot;article footer&quot;,&quot;name&quot;:&quot;Mon actu&quot;,&quot;type&quot;:&quot;cta&quot;}}\" target=\"_blank\">Mon Actu<\/a>.<\/p>\n<ul class=\"ac-article-tag wall-content\">\n<li><a href=\"https:\/\/actu.fr\/tag\/entrepreneuriat\" data-trk=\"{&quot;cta&quot;:{&quot;action&quot;:&quot;Entrepreneuriat&quot;,&quot;category&quot;:&quot;tag&quot;,&quot;from&quot;:&quot;article footer&quot;,&quot;name&quot;:&quot;Entrepreneuriat&quot;,&quot;type&quot;:&quot;cta&quot;}}\" target=\"_blank\" rel=\"noopener\">#Entrepreneuriat<\/a><\/li>\n<li><a href=\"https:\/\/actu.fr\/tag\/nouveaux-commerces\" data-trk=\"{&quot;cta&quot;:{&quot;action&quot;:&quot;Nouveaux commerces&quot;,&quot;category&quot;:&quot;tag&quot;,&quot;from&quot;:&quot;article footer&quot;,&quot;name&quot;:&quot;Nouveaux commerces&quot;,&quot;type&quot;:&quot;cta&quot;}}\" target=\"_blank\" rel=\"noopener\">#Nouveaux commerces<\/a><\/li>\n<\/ul>\n","protected":false},"excerpt":{"rendered":"Par Mathias Souteyrat Publi\u00e9 le 29 mai 2025 \u00e0 6h34 La Loire, terre d\u2019entrepreneurs et de bons go\u00fbts\u2009?&hellip;\n","protected":false},"author":2,"featured_media":136034,"comment_status":"","ping_status":"","sticky":false,"template":"","format":"standard","meta":{"footnotes":""},"categories":[9653],"tags":[1111,11,2430,33,2855,1777,674,1011,27,12,3147,25,4001],"class_list":{"0":"post-136033","1":"post","2":"type-post","3":"status-publish","4":"format-standard","5":"has-post-thumbnail","7":"category-saint-etienne","8":"tag-actu","9":"tag-actualites","10":"tag-auvergne-rhone-alpes","11":"tag-economie","12":"tag-entrepreneuriat","13":"tag-eu","14":"tag-europe","15":"tag-fr","16":"tag-france","17":"tag-news","18":"tag-nouveaux-commerces","19":"tag-republique-francaise","20":"tag-saint-etienne"},"share_on_mastodon":{"url":"https:\/\/pubeurope.com\/@fr\/114589339920059138","error":""},"_links":{"self":[{"href":"https:\/\/www.europesays.com\/fr\/wp-json\/wp\/v2\/posts\/136033","targetHints":{"allow":["GET"]}}],"collection":[{"href":"https:\/\/www.europesays.com\/fr\/wp-json\/wp\/v2\/posts"}],"about":[{"href":"https:\/\/www.europesays.com\/fr\/wp-json\/wp\/v2\/types\/post"}],"author":[{"embeddable":true,"href":"https:\/\/www.europesays.com\/fr\/wp-json\/wp\/v2\/users\/2"}],"replies":[{"embeddable":true,"href":"https:\/\/www.europesays.com\/fr\/wp-json\/wp\/v2\/comments?post=136033"}],"version-history":[{"count":0,"href":"https:\/\/www.europesays.com\/fr\/wp-json\/wp\/v2\/posts\/136033\/revisions"}],"wp:featuredmedia":[{"embeddable":true,"href":"https:\/\/www.europesays.com\/fr\/wp-json\/wp\/v2\/media\/136034"}],"wp:attachment":[{"href":"https:\/\/www.europesays.com\/fr\/wp-json\/wp\/v2\/media?parent=136033"}],"wp:term":[{"taxonomy":"category","embeddable":true,"href":"https:\/\/www.europesays.com\/fr\/wp-json\/wp\/v2\/categories?post=136033"},{"taxonomy":"post_tag","embeddable":true,"href":"https:\/\/www.europesays.com\/fr\/wp-json\/wp\/v2\/tags?post=136033"}],"curies":[{"name":"wp","href":"https:\/\/api.w.org\/{rel}","templated":true}]}}