{"id":136039,"date":"2025-05-29T04:57:14","date_gmt":"2025-05-29T04:57:14","guid":{"rendered":"https:\/\/www.europesays.com\/fr\/136039\/"},"modified":"2025-05-29T04:57:14","modified_gmt":"2025-05-29T04:57:14","slug":"cafe-magasin-un-nouveau-concept-store-a-la-gloire-de-la-capitale-du-var-ouvre-a-toulon","status":"publish","type":"post","link":"https:\/\/www.europesays.com\/fr\/136039\/","title":{"rendered":"Caf\u00e9, magasin: un nouveau concept store \u00e0 la gloire de la capitale du Var ouvre \u00e0 Toulon"},"content":{"rendered":"<p>En plein c\u0153ur de la vieille ville et \u00e0 deux pas de la fameuse place de la partie de cartes (Raimu, de son nom officiel). Comme un symbole lorsqu\u2019on s\u2019appelle Vivre \u00e0 Toulon et qu\u2019on veut mettre en avant la \u00ab\u00a0toulonitude\u00a0\u00bb.<\/p>\n<p>Derri\u00e8re ce projet, une femme, M\u00e9lanie Evin. Dire d\u2019elle qu\u2019elle a la ville au c\u0153ur est (presque) un euph\u00e9misme. C\u2019est aussi une pro de la communication.<\/p>\n<p>Des talents qu\u2019elle met \u00e0 profit avec le m\u00e9dia digital TLN Inside qu\u2019elle cr\u00e9e en 2019. Elle s\u2019illustre aussi l\u2019ann\u00e9e suivante avec un groupe Facebook, Vivre \u00e0 Toulon, qui atteint aujourd\u2019hui les quelque 80.000 membres.<\/p>\n<p>\u00ab\u00a0Je l\u2019ai lanc\u00e9 en 2020. En plein confinement. Avec une ligne directrice: mettre en avant la beaut\u00e9 de Toulon et cr\u00e9er du lien. Le caf\u00e9\/boutique, c\u2019est son extension. Maintenant qu\u2019on n\u2019est plus confin\u00e9, rencontrons-nous et \u00e9changeons en vrai!\u00a0\u00bb<\/p>\n<p>La n\u00e9o-commer\u00e7ante veut montrer qu\u2019on peut passer du virtuel au r\u00e9el tout en gardant le m\u00eame \u00e9tat d\u2019esprit.<\/p>\n<p><strong>La convivialit\u00e9 comme mot d\u2019ordre<\/strong><\/p>\n<p>Le local situ\u00e9 place Gustave-Lambert h\u00e9berge deux concepts. D\u2019abord le caf\u00e9. Au comptoir, on retrouve boissons froides et chaudes (caf\u00e9s Magali, latte, cappuccino, th\u00e9s, infusions\u2026).<\/p>\n<p>Mais aussi des douceurs sign\u00e9es le Petit Biscuitier et des viennoiseries de la boulangerie du bas de la rue d\u2019Alger. \u00ab\u00a0L\u2019id\u00e9e, c\u2019est de faire travailler un maximum de gens locaux. C\u2019est tr\u00e8s important pour moi.\u00a0\u00bb<\/p>\n<p>Autre marque de fabrique de Vivre \u00e0 Toulon: la convivialit\u00e9. \u00ab\u00a0Je mise sur une d\u00e9coration chaleureuse, autour du blanc et du bois. Mon but, c\u2019est de favoriser le lien social. Via le groupe Facebook et mes diff\u00e9rentes exp\u00e9riences, je sais que beaucoup de gens se sentent seuls. Vivre \u00e0 Toulon pourrait \u00eatre leur point de chute. Je m\u2019adresse \u00e0 tous, des actifs aux petites mamies du quartier jusqu\u2019aux touristes\u00a0\u00bb, assure M\u00e9lanie.<\/p>\n<p>Et pour cela, elle s\u2019est donn\u00e9 du mal. C\u2019est elle qui s\u2019est charg\u00e9e de r\u00e9nover les lieux. Il y avait du boulot! \u00ab\u00a0Heureusement que mes parents m\u2019ont donn\u00e9 un coup de main. Jamais je n\u2019y serai arriv\u00e9e sans leur soutien.\u00a0\u00bb<\/p>\n<p>M\u00e9lanie met aussi la main \u00e0 la p\u00e2te c\u00f4t\u00e9 boutique. Elle y propose des \u00ab\u00a0produits identitaires\u00a0\u00bb qu\u2019elle con\u00e7oit elle-m\u00eame. Cela va du tote bag \u00e0 la carte postale en passant par des magnets, des T-shirts et m\u00eame des sacs tricot\u00e9s main. \u00ab\u00a0Il faut \u00eatre multi-casquettes pour cette aventure\u00a0\u00bb, rigole-t-elle.<\/p>\n<p>Elle la voit en tout cas comme un aboutissement de son parcours professionnel. \u00ab\u00a0J\u2019ai fait pas mal de choses avant et finalement ce n\u2019\u00e9tait que des pi\u00e8ces d\u2019un puzzle qui, rassembl\u00e9es, aboutissent \u00e0 l\u2019ouverture de la boutique Vivre \u00e0 Toulon\u00a0\u00bb, raconte-elle fi\u00e8rement.<\/p>\n<p><strong>Pratique<\/strong><\/p>\n<p>Vivre \u00e0 Toulon, place Gustave-Lambert. Ouvert du mardi au samedi de 9h \u00e0 18h (18h30 en saison). Ouvert \u00e9galement le lundi lorsque des bateaux de croisi\u00e8res sont pr\u00e9sents dans la rade.<\/p>\n","protected":false},"excerpt":{"rendered":"En plein c\u0153ur de la vieille ville et \u00e0 deux pas de la fameuse place de la partie&hellip;\n","protected":false},"author":2,"featured_media":136040,"comment_status":"","ping_status":"","sticky":false,"template":"","format":"standard","meta":{"footnotes":""},"categories":[9619],"tags":[1111,11,215,33,1777,674,1011,27,12,882,25,2310],"class_list":{"0":"post-136039","1":"post","2":"type-post","3":"status-publish","4":"format-standard","5":"has-post-thumbnail","7":"category-toulon","8":"tag-actu","9":"tag-actualites","10":"tag-commerce","11":"tag-economie","12":"tag-eu","13":"tag-europe","14":"tag-fr","15":"tag-france","16":"tag-news","17":"tag-provence-alpes-cote-dazur","18":"tag-republique-francaise","19":"tag-toulon"},"share_on_mastodon":{"url":"https:\/\/pubeurope.com\/@fr\/114589351486172710","error":""},"_links":{"self":[{"href":"https:\/\/www.europesays.com\/fr\/wp-json\/wp\/v2\/posts\/136039","targetHints":{"allow":["GET"]}}],"collection":[{"href":"https:\/\/www.europesays.com\/fr\/wp-json\/wp\/v2\/posts"}],"about":[{"href":"https:\/\/www.europesays.com\/fr\/wp-json\/wp\/v2\/types\/post"}],"author":[{"embeddable":true,"href":"https:\/\/www.europesays.com\/fr\/wp-json\/wp\/v2\/users\/2"}],"replies":[{"embeddable":true,"href":"https:\/\/www.europesays.com\/fr\/wp-json\/wp\/v2\/comments?post=136039"}],"version-history":[{"count":0,"href":"https:\/\/www.europesays.com\/fr\/wp-json\/wp\/v2\/posts\/136039\/revisions"}],"wp:featuredmedia":[{"embeddable":true,"href":"https:\/\/www.europesays.com\/fr\/wp-json\/wp\/v2\/media\/136040"}],"wp:attachment":[{"href":"https:\/\/www.europesays.com\/fr\/wp-json\/wp\/v2\/media?parent=136039"}],"wp:term":[{"taxonomy":"category","embeddable":true,"href":"https:\/\/www.europesays.com\/fr\/wp-json\/wp\/v2\/categories?post=136039"},{"taxonomy":"post_tag","embeddable":true,"href":"https:\/\/www.europesays.com\/fr\/wp-json\/wp\/v2\/tags?post=136039"}],"curies":[{"name":"wp","href":"https:\/\/api.w.org\/{rel}","templated":true}]}}