{"id":136047,"date":"2025-05-29T05:04:08","date_gmt":"2025-05-29T05:04:08","guid":{"rendered":"https:\/\/www.europesays.com\/fr\/136047\/"},"modified":"2025-05-29T05:04:08","modified_gmt":"2025-05-29T05:04:08","slug":"premier-coup-de-chaud-attendu-avant-une-mauvaise-surprise-samedi","status":"publish","type":"post","link":"https:\/\/www.europesays.com\/fr\/136047\/","title":{"rendered":"premier coup de chaud attendu avant une mauvaise surprise samedi"},"content":{"rendered":"<p>            Par<br \/>\n        <strong><br \/>\n            <a href=\"https:\/\/actu.fr\/auteur\/redaction-grenoble\" title=\"Consulter tous les articles de R\u00e9daction Grenoble\" rel=\"nofollow noopener\" target=\"_blank\">R\u00e9daction Grenoble<\/a><br \/>\n        <\/strong><\/p>\n<p>        Publi\u00e9 le<\/p>\n<p>            29 mai 2025 \u00e0 6h46        <\/p>\n<p>\u00c7a va chauffer. Les pr\u00e9visions m\u00e9t\u00e9o pour ce dernier week-end prolong\u00e9 du mois de mai s\u2019annoncent estivales pour l\u2019Is\u00e8re : une <strong>hausse des temp\u00e9ratures<\/strong> est attendue \u00e0 partir de jeudi 29 mai.<\/p>\n<p class=\" wall-content\">Ainsi, selon plusieurs bulletins m\u00e9t\u00e9orologiques, le mercure devrait ais\u00e9ment monter autour des 25\u00b0C \u2013 voire au-del\u00e0 \u2013 localement sur le d\u00e9partement, notamment \u00e0 <a href=\"https:\/\/actu.fr\/auvergne-rhone-alpes\/grenoble_38185\" rel=\"nofollow noopener\" target=\"_blank\">Grenoble<\/a> o\u00f9 les 27\u00b0C pourraient \u00eatre atteints en fin de journ\u00e9e. Le ciel, lui, devrait \u00eatre l\u00e9g\u00e8rement voil\u00e9.<\/p>\n<p>Soleil pour tout le monde vendredi<\/p>\n<p class=\" wall-content\">C\u2019est surtout pour la journ\u00e9e de vendredi 30 mai que les temp\u00e9ratures vont commencer \u00e0 grimper. <strong>Les 30\u00b0C pourraient \u00eatre d\u00e9pass\u00e9s<\/strong> dans la capitale des Alpes, selon les pr\u00e9visions de <a href=\"https:\/\/www.facebook.com\/meteocentreisere\" rel=\"nofollow noopener\" target=\"_blank\">M\u00e9t\u00e9o Centre-Is\u00e8re<\/a>.<\/p>\n<p>    <a href=\"https:\/\/www.facebook.com\/plugins\/post.php?href=https%3A%2F%2Fwww.facebook.com%2Fmeteocentreisere%2Fposts%2Fpfbid038HtAvZjvJRKQoWHhhUqsvjEktZRFACxYtMeuMjkBXP3RYinRWpxctKSpuUodXQu6l&amp;show_text=true&amp;width=350\" title=\"Ouvrie le lien\" rel=\"nofollow noopener\" target=\"_blank\">Cliquez ici pour visualiser le contenu<\/a><\/p>\n<p class=\" wall-content\">La vall\u00e9e du Rh\u00f4ne et le Nord-Is\u00e8re devraient aussi \u00eatre concern\u00e9s par cette premi\u00e8re vague de chaleur de l\u2019ann\u00e9e, le tout sous un grand soleil.<\/p>\n<p>Vid\u00e9os : en ce moment sur Actu<\/p>\n<p class=\" wall-content\">Les temp\u00e9ratures devraient rester douces dans la nuit, avec 18\u00b0C annonc\u00e9s \u00e0 Grenoble et 20\u00b0C sur les communes en entr\u00e9e de <a href=\"https:\/\/actu.fr\/auvergne-rhone-alpes\/lyon_69123\" rel=\"nofollow noopener\" target=\"_blank\">Lyon<\/a>.\u00a0<\/p>\n<p>Les orages vont suivre<\/p>\n<p class=\" wall-content\">Samedi 31 mai, en revanche, le temps risque de <strong>tourner \u00e0 l\u2019orage<\/strong>. Les premiers coups de tonnerre sont annonc\u00e9s dans l\u2019apr\u00e8s-midi sur l\u2019agglom\u00e9ration grenobloise, ainsi que le long du <a href=\"https:\/\/actu.fr\/auvergne-rhone-alpes\/rhone_69\" rel=\"nofollow noopener\" target=\"_blank\">Rh\u00f4ne<\/a>. \u00ab\u00a0Les orages y seront localis\u00e9s <strong>mais parfois forts<\/strong>\u00ab\u00a0, pr\u00e9vient M\u00e9t\u00e9o Centre-Is\u00e8re.<\/p>\n<p class=\" wall-content\">Si le ciel devrait se calmer en fin de journ\u00e9e, les orages pourraient \u00eatre de retour d\u00e8s le dimanche 1er juin, les temp\u00e9ratures restant \u00e9lev\u00e9es : 31\u00b0C sont ainsi attendus \u00e0 Grenoble. \u00ab\u00a0<strong>Le temps sera tr\u00e8s lourd dimanche<\/strong>, et apr\u00e8s une matin\u00e9e calme, il faudra surveiller l\u2019\u00e9volution orageuse pour la fin de journ\u00e9e et la soir\u00e9e qui pourrait \u00eatre plus g\u00e9n\u00e9ralis\u00e9e en plus intense.\u00a0\u00bb\u00a0<\/p>\n<p class=\" wall-content\">Les averses et orages pourraient se maintenir pour les premiers jours de juin, avec un d\u00e9but de semaine qui \u00ab\u00a0restera agit\u00e9\u00a0\u00bb et des temp\u00e9ratures en l\u00e9g\u00e8re baisse, notamment en plaine.<\/p>\n<p class=\" wall-content\">Suivez toute l\u2019actualit\u00e9 de vos villes et m\u00e9dias favoris en vous inscrivant \u00e0 <a href=\"https:\/\/moncompte.actu.fr\" title=\"D\u00e9couvez Mon Actu\" rel=\"nofollow noopener\" data-trk=\"{&quot;cta&quot;:{&quot;action&quot;:&quot;https:\\\/\\\/moncompte.actu.fr&quot;,&quot;category&quot;:&quot;mon compte&quot;,&quot;from&quot;:&quot;article footer&quot;,&quot;name&quot;:&quot;Mon actu&quot;,&quot;type&quot;:&quot;cta&quot;}}\" target=\"_blank\">Mon Actu<\/a>.<\/p>\n","protected":false},"excerpt":{"rendered":"Par R\u00e9daction Grenoble Publi\u00e9 le 29 mai 2025 \u00e0 6h46 \u00c7a va chauffer. Les pr\u00e9visions m\u00e9t\u00e9o pour ce&hellip;\n","protected":false},"author":2,"featured_media":136048,"comment_status":"","ping_status":"","sticky":false,"template":"","format":"standard","meta":{"footnotes":""},"categories":[9566],"tags":[1111,11,2430,1777,674,1011,27,2731,2487,2357,12,25],"class_list":{"0":"post-136047","1":"post","2":"type-post","3":"status-publish","4":"format-standard","5":"has-post-thumbnail","7":"category-grenoble","8":"tag-actu","9":"tag-actualites","10":"tag-auvergne-rhone-alpes","11":"tag-eu","12":"tag-europe","13":"tag-fr","14":"tag-france","15":"tag-grenoble","16":"tag-meteo","17":"tag-meteo-france","18":"tag-news","19":"tag-republique-francaise"},"share_on_mastodon":{"url":"https:\/\/pubeurope.com\/@fr\/114589379280966878","error":""},"_links":{"self":[{"href":"https:\/\/www.europesays.com\/fr\/wp-json\/wp\/v2\/posts\/136047","targetHints":{"allow":["GET"]}}],"collection":[{"href":"https:\/\/www.europesays.com\/fr\/wp-json\/wp\/v2\/posts"}],"about":[{"href":"https:\/\/www.europesays.com\/fr\/wp-json\/wp\/v2\/types\/post"}],"author":[{"embeddable":true,"href":"https:\/\/www.europesays.com\/fr\/wp-json\/wp\/v2\/users\/2"}],"replies":[{"embeddable":true,"href":"https:\/\/www.europesays.com\/fr\/wp-json\/wp\/v2\/comments?post=136047"}],"version-history":[{"count":0,"href":"https:\/\/www.europesays.com\/fr\/wp-json\/wp\/v2\/posts\/136047\/revisions"}],"wp:featuredmedia":[{"embeddable":true,"href":"https:\/\/www.europesays.com\/fr\/wp-json\/wp\/v2\/media\/136048"}],"wp:attachment":[{"href":"https:\/\/www.europesays.com\/fr\/wp-json\/wp\/v2\/media?parent=136047"}],"wp:term":[{"taxonomy":"category","embeddable":true,"href":"https:\/\/www.europesays.com\/fr\/wp-json\/wp\/v2\/categories?post=136047"},{"taxonomy":"post_tag","embeddable":true,"href":"https:\/\/www.europesays.com\/fr\/wp-json\/wp\/v2\/tags?post=136047"}],"curies":[{"name":"wp","href":"https:\/\/api.w.org\/{rel}","templated":true}]}}