{"id":136049,"date":"2025-05-29T05:05:10","date_gmt":"2025-05-29T05:05:10","guid":{"rendered":"https:\/\/www.europesays.com\/fr\/136049\/"},"modified":"2025-05-29T05:05:10","modified_gmt":"2025-05-29T05:05:10","slug":"le-fc-grenoble-recoit-provence-rugby-dans-un-stade-des-alpes-au-complet-en-demi-finale","status":"publish","type":"post","link":"https:\/\/www.europesays.com\/fr\/136049\/","title":{"rendered":"le FC Grenoble re\u00e7oit Provence Rugby dans un Stade des Alpes au complet en demi-finale"},"content":{"rendered":"<p>\t\t\t\t\t\t\t\t\t\t\t<img loading=\"lazy\" decoding=\"async\" width=\"1110\" title=\"Pro D2\u00a0: le FC Grenoble re\u00e7oit Provence Rugby dans un Stade des Alpes au complet en demi-finale\" class=\"img-fluid not_lzld mb-3\" src=\"https:\/\/www.europesays.com\/fr\/wp-content\/uploads\/2025\/05\/1110x624_pro-d2-le-fc-grenoble-recoit-provence-rugby-dans-un-stade-des-alpes-au-complet-en-demi-fina\" alt=\"Pro D2\u00a0: le FC Grenoble re\u00e7oit Provence Rugby dans un Stade des Alpes au complet en demi-finale\" itemprop=\"image\" height=\"624\"\/>\t\t\t\t\t\t\t\t\t\t\t\t<\/p>\n<p>Pro D2\u00a0: le FC Grenoble re\u00e7oit Provence Rugby dans un Stade des Alpes au complet en demi-finale &#8211; DR FCG<\/p>\n<p itemprop=\"description\"><strong>Face \u00e0 Aix-en-Provence, le FC Grenoble Rugby n\u2019a pas le droit \u00e0 la moindre erreur ce jeudi 29 mai.<\/strong><\/p>\n<p class=\"MsoNormal\" style=\"caret-color: #212121; color: #212121; font-size: 12pt; font-style: normal; font-variant-caps: normal; font-weight: 400; letter-spacing: normal; orphans: auto; text-align: start; text-indent: 0px; text-transform: none; white-space: normal; widows: auto; word-spacing: 0px; -webkit-text-stroke-width: 0px; text-decoration: none; margin: 0cm 0cm 8pt; line-height: 18.4px; font-family: Calibri, sans-serif;\">Ce jeudi soir (21h, Canal+), le FC Grenoble d\u00e9bute une nouvelle \u00e9tape dans sa saison : les playoffs de Pro D2. Apr\u00e8s avoir termin\u00e9 en t\u00eate du championnat au terme de la phase r\u00e9guli\u00e8re, les Is\u00e9rois ont \u00e9vit\u00e9 les barrages et ne sont plus qu\u2019\u00e0 160 minutes d\u2019acc\u00e9der au Top 14, six ans apr\u00e8s l\u2019avoir quitt\u00e9.<\/p>\n<p class=\"MsoNormal\" style=\"caret-color: #212121; color: #212121; font-size: 12pt; font-style: normal; font-variant-caps: normal; font-weight: 400; letter-spacing: normal; orphans: auto; text-align: start; text-indent: 0px; text-transform: none; white-space: normal; widows: auto; word-spacing: 0px; -webkit-text-stroke-width: 0px; text-decoration: none; margin: 0cm 0cm 8pt; line-height: 18.4px; font-family: Calibri, sans-serif;\">Pour r\u00e9aliser cet exploit, le FCG pourra compter sur un stade des Alpes \u00e0 guichets ferm\u00e9s. Lundi soir, la billetterie s\u2019\u00e9tant d\u00e9j\u00e0 envol\u00e9e, le club a d\u00fb demander de nouvelles places \u00e0 Aix-en-Provence pour ses supporters.<\/p>\n<p class=\"MsoNormal\" style=\"caret-color: #212121; color: #212121; font-size: 12pt; font-style: normal; font-variant-caps: normal; font-weight: 400; letter-spacing: normal; orphans: auto; text-align: start; text-indent: 0px; text-transform: none; white-space: normal; widows: auto; word-spacing: 0px; -webkit-text-stroke-width: 0px; text-decoration: none; margin: 0cm 0cm 8pt; line-height: 18.4px; font-family: Calibri, sans-serif;\">Afin de se pr\u00e9parer de la meilleure des mani\u00e8res, les joueurs ont pass\u00e9 un stage de trois jours \u00e0 Aix-les-Bains la semaine derni\u00e8re.<\/p>\n<p class=\"MsoNormal\" style=\"caret-color: #212121; color: #212121; font-size: 12pt; font-style: normal; font-variant-caps: normal; font-weight: 400; letter-spacing: normal; orphans: auto; text-align: start; text-indent: 0px; text-transform: none; white-space: normal; widows: auto; word-spacing: 0px; -webkit-text-stroke-width: 0px; text-decoration: none; margin: 0cm 0cm 8pt; line-height: 18.4px; font-family: Calibri, sans-serif;\"><strong>\u00ab\u00a0On n\u2019a encore rien gagn\u00e9 pour l\u2019instant\u00a0\u00bb<\/strong><\/p>\n<p class=\"MsoNormal\" style=\"caret-color: #212121; color: #212121; font-size: 12pt; font-style: normal; font-variant-caps: normal; font-weight: 400; letter-spacing: normal; orphans: auto; text-align: start; text-indent: 0px; text-transform: none; white-space: normal; widows: auto; word-spacing: 0px; -webkit-text-stroke-width: 0px; text-decoration: none; margin: 0cm 0cm 8pt; line-height: 18.4px; font-family: Calibri, sans-serif;\">\u00c0 quelques heures du coup d\u2019envoi, le capitaine is\u00e9rois, Antonin Berruyer, s\u2019est livr\u00e9 \u00e0 nos confr\u00e8res de Rubyrama.\u00a0\u00bbForc\u00e9ment qu\u2019il y a de la pression, parce qu\u2019il va y avoir du monde, parce qu\u2019on a fait une belle saison mais qu\u2019on n\u2019a encore rien gagn\u00e9 pour l\u2019instant. Il faut qu\u2019on se serve de cette pression-l\u00e0 pour se surpasser et contrer cette belle \u00e9quipe d\u2019Aix, parce que ce sont des moments comme \u00e7a qui font qu\u2019on se l\u00e8ve tous les matins pour aller s\u2019entra\u00eener\u00a0\u00bb, a-t-il confi\u00e9.<\/p>\n<p class=\"MsoNormal\" style=\"caret-color: #212121; color: #212121; font-size: 12pt; font-style: normal; font-variant-caps: normal; font-weight: 400; letter-spacing: normal; orphans: auto; text-align: start; text-indent: 0px; text-transform: none; white-space: normal; widows: auto; word-spacing: 0px; -webkit-text-stroke-width: 0px; text-decoration: none; margin: 0cm 0cm 8pt; line-height: 18.4px; font-family: Calibri, sans-serif;\">Adrien Marbot sera l\u2019arbitre de la rencontre. L\u2019homme de 42 ans est un habitu\u00e9 des grands rendez-vous de Top 14.<\/p>\n<blockquote class=\"twitter-tweet\"><p>&#13;<\/p>\n<p dir=\"ltr\" lang=\"fr\">\u2764\ufe0f\u200d\ud83d\udd25 La compo\u2019 du FCG pour la demi-finale.<\/p>\n<p>Rendez-vous d\u00e8s 19h au Stade des Alpes !<br \/>\ud83d\ude4c Haie d\u2019honneur pour l\u2019arriv\u00e9e des joueurs en Parvis Sud, rendez-vous d\u00e8s l&rsquo;ouverture des portes, nos joueurs arriveront \u00e0 19h20, soyez en places t\u00f4t ! Venez toutes et tous les accueillir et leur\u2026 <a href=\"https:\/\/t.co\/cmwZYEB7zY\" rel=\"nofollow\">pic.twitter.com\/cmwZYEB7zY<\/a><\/p>\n<p>&#13;<br \/>\n\u2014 FC Grenoble Rugby #AllezFCG (@FCGrugby) <a href=\"https:\/\/twitter.com\/FCGrugby\/status\/1927758259735150629?ref_src=twsrc%5Etfw\" rel=\"nofollow noopener\" target=\"_blank\">May 28, 2025<\/a><\/p><\/blockquote>\n<p>\t\t\t\t\t\t\t\t\t\t\t\t\t\t\t\t\t\t\t<script async src=\"https:\/\/platform.twitter.com\/widgets.js\" charset=\"utf-8\"><\/script><\/p>\n","protected":false},"excerpt":{"rendered":"Pro D2\u00a0: le FC Grenoble re\u00e7oit Provence Rugby dans un Stade des Alpes au complet en demi-finale &#8211;&hellip;\n","protected":false},"author":2,"featured_media":136050,"comment_status":"","ping_status":"","sticky":false,"template":"","format":"standard","meta":{"footnotes":""},"categories":[9566],"tags":[1111,11,7733,8279,2430,7736,650,7734,2889,2263,1777,674,1011,27,2731,8280,6417,1114,108,4662,12,3725,1825,25,7737],"class_list":{"0":"post-136049","1":"post","2":"type-post","3":"status-publish","4":"format-standard","5":"has-post-thumbnail","7":"category-grenoble","8":"tag-actu","9":"tag-actualites","10":"tag-alpes","11":"tag-alpes1","12":"tag-auvergne-rhone-alpes","13":"tag-cds","14":"tag-cinema","15":"tag-ecoute","16":"tag-emission","17":"tag-equipe","18":"tag-eu","19":"tag-europe","20":"tag-fr","21":"tag-france","22":"tag-grenoble","23":"tag-haute","24":"tag-information","25":"tag-infos","26":"tag-isere","27":"tag-journal","28":"tag-news","29":"tag-podcast","30":"tag-radio","31":"tag-republique-francaise","32":"tag-winamp"},"share_on_mastodon":{"url":"https:\/\/pubeurope.com\/@fr\/114589383420290015","error":""},"_links":{"self":[{"href":"https:\/\/www.europesays.com\/fr\/wp-json\/wp\/v2\/posts\/136049","targetHints":{"allow":["GET"]}}],"collection":[{"href":"https:\/\/www.europesays.com\/fr\/wp-json\/wp\/v2\/posts"}],"about":[{"href":"https:\/\/www.europesays.com\/fr\/wp-json\/wp\/v2\/types\/post"}],"author":[{"embeddable":true,"href":"https:\/\/www.europesays.com\/fr\/wp-json\/wp\/v2\/users\/2"}],"replies":[{"embeddable":true,"href":"https:\/\/www.europesays.com\/fr\/wp-json\/wp\/v2\/comments?post=136049"}],"version-history":[{"count":0,"href":"https:\/\/www.europesays.com\/fr\/wp-json\/wp\/v2\/posts\/136049\/revisions"}],"wp:featuredmedia":[{"embeddable":true,"href":"https:\/\/www.europesays.com\/fr\/wp-json\/wp\/v2\/media\/136050"}],"wp:attachment":[{"href":"https:\/\/www.europesays.com\/fr\/wp-json\/wp\/v2\/media?parent=136049"}],"wp:term":[{"taxonomy":"category","embeddable":true,"href":"https:\/\/www.europesays.com\/fr\/wp-json\/wp\/v2\/categories?post=136049"},{"taxonomy":"post_tag","embeddable":true,"href":"https:\/\/www.europesays.com\/fr\/wp-json\/wp\/v2\/tags?post=136049"}],"curies":[{"name":"wp","href":"https:\/\/api.w.org\/{rel}","templated":true}]}}