{"id":136051,"date":"2025-05-29T05:06:17","date_gmt":"2025-05-29T05:06:17","guid":{"rendered":"https:\/\/www.europesays.com\/fr\/136051\/"},"modified":"2025-05-29T05:06:17","modified_gmt":"2025-05-29T05:06:17","slug":"on-a-trouve-des-formes-de-vie-etranges-le-premier-breton-etait-un-ver-marin","status":"publish","type":"post","link":"https:\/\/www.europesays.com\/fr\/136051\/","title":{"rendered":"\u00ab\u00a0On a trouv\u00e9 des formes de vie \u00e9tranges\u00a0\u00bb\u00a0: le premier Breton \u00e9tait&#8230; un ver marin"},"content":{"rendered":"<p>D\u2019immenses blocs de roches \u00e0 l\u2019allure d\u2019ardoise foisonnent dans le centre de la Bretagne et autour de Rennes. Les promeneurs n\u2019y voient sans doute que des structures inertes. Le pal\u00e9ontologue Didier N\u00e9raudeau, lui, \u00ab ne pense pas aux cailloux mais \u00e0 la vie qu\u2019ils contiennent \u00bb.<\/p>\n<p>Dans ces anciens s\u00e9diments marins p\u00e9trifi\u00e9s gisent, en effet, de v\u00e9ritables tr\u00e9sors : \u00ab Les traces des plus anciens animaux d\u00e9couverts en France \u00bb, assure le responsable du master bio-g\u00e9oscience de l\u2019Universit\u00e9 de Rennes 1. Des fossiles qui remonteraient \u00e0 environ 550 millions d\u2019ann\u00e9es, \u00e0 une \u00e9poque durant laquelle la Bretagne \u00e9tait sous les eaux, sur une plan\u00e8te quasiment toute bleue, d\u2019o\u00f9 jaillissaient des terres \u00e9merg\u00e9es aux contours tr\u00e8s \u00e9loign\u00e9s de ceux des continents d\u2019aujourd\u2019hui. Quelques millions d\u2019ann\u00e9es plus tard survenait \u00ab l\u2019explosion cambrienne \u00bb, qui s\u2019est traduite par l\u2019apparition de nombreuses formes de vie animale. Il faudra attendre -400 millions d\u2019ann\u00e9es pour voir les premi\u00e8res esp\u00e8ces fouler la terre ferme.<\/p>\n<p><img decoding=\"async\" src=\"https:\/\/www.europesays.com\/fr\/wp-content\/uploads\/2025\/05\/6835b8bcba0fcc9890027810.1.jpeg\" width=\"480\" height=\"300\" class=\"web_golden_m\" loading=\"lazy\" alt=\"Un fossile d'animal de type m\u00e9duse d\u2019un centim\u00e8tre, d\u00e9couvert par le pal\u00e9ontologue Didier N\u00e9raudeau, de l'Universit\u00e9 de Rennes 1.\"\/>Un fossile d&rsquo;animal de type m\u00e9duse d\u2019un centim\u00e8tre, d\u00e9couvert par le pal\u00e9ontologue Didier N\u00e9raudeau, de l&rsquo;Universit\u00e9 de Rennes 1. (Didier N\u00e9raudeau\/Universit\u00e9 de Rennes 1)\u00ab Une aiguille dans une meule de foin \u00bb<\/p>\n<p>Des d\u00e9couvertes de fossiles d\u2019animaux marins aussi anciens qu\u2019en Bretagne avaient d\u00e9j\u00e0 \u00e9t\u00e9 faites en Australie, en Russie, en Chine\u2026 et aussi en Espagne et dans le sud de l\u2019Angleterre. \u00ab Mais bizarrement, personne n\u2019avait vraiment pass\u00e9 du temps \u00e0 en chercher en Bretagne alors qu\u2019on trouve, dans le massif armoricain, les roches s\u00e9dimentaires les plus anciennes de France. On a le potentiel g\u00e9ologique mais \u00e7a revient \u00e0 chercher une aiguille dans une meule de foin. 99 % de ces roches-l\u00e0 ne contiennent pas d\u2019animaux \u00bb, raconte Didier N\u00e9raudeau.<\/p>\n<p>Pour d\u00e9marrer ses recherches, il y a dix ans, le scientifique s\u2019est appuy\u00e9 sur les d\u00e9couvertes, remontant \u00e0 la fin du XIXe si\u00e8cle, d\u2019un pharmacien rennais, le premier \u00e0 avoir trouv\u00e9 des traces de vie dans ces s\u00e9diments. \u00ab J\u2019ai commenc\u00e9 \u00e0 fouiller o\u00f9 il avait d\u00e9j\u00e0 cherch\u00e9, autour de Rennes. \u00bb<\/p>\n<p><img decoding=\"async\" src=\"https:\/\/www.europesays.com\/fr\/wp-content\/uploads\/2025\/05\/6835b8bcf650f8bb0c00c14e.1.jpeg\" width=\"480\" height=\"300\" class=\"web_golden_m\" loading=\"lazy\" alt=\"Un fossile de ver annel\u00e9 mesurant deux millim\u00e8tres de diam\u00e8tre, d\u00e9couvert par le pal\u00e9ontologue Didier N\u00e9raudeau, de l'Universit\u00e9 de Rennes 1.\"\/>Un fossile de ver annel\u00e9 mesurant deux millim\u00e8tres de diam\u00e8tre, d\u00e9couvert par le pal\u00e9ontologue Didier N\u00e9raudeau, de l&rsquo;Universit\u00e9 de Rennes 1. (Didier N\u00e9raudeau\/Universit\u00e9 de Rennes 1)<\/p>\n<p>En dix ans d\u2019enqu\u00eate, le pal\u00e9ontologue et ses \u00e9tudiants ont notamment mis au jour des pistes fossilis\u00e9es dans des s\u00e9diments. \u00ab On ne sait pas exactement quels animaux ont fait ces pistes mais on peut dire qu\u2019ils \u00e9taient vermiformes. Ces vers se d\u00e9pla\u00e7aient sur le fond marin, en se nourrissant du film d\u2019algues microscopiques qui le tapissait. On aper\u00e7oit ces traces de broutage \u00bb, d\u00e9taille le scientifique.<\/p>\n<p>\u00ab Des sortes de toutes petites m\u00e9duses \u00bb<\/p>\n<p>Outre \u00ab ces choses \u00bb filiformes, d\u2019environ un millim\u00e8tre de diam\u00e8tre, l\u2019\u00e9quipe de Didier N\u00e9raudeau a fini par mettre la main sur \u00ab tout un monde d\u2019animaux qui n\u2019existent plus \u00bb. \u00ab La plupart du temps, ils ressemblent \u00e0 de toutes petites m\u00e9duses, de quelques centim\u00e8tres. On a aussi trouv\u00e9 des animaux plus \u00e9tranges, qu\u2019on n\u2019arrive pas \u00e0 interpr\u00e9ter. \u00bb<\/p>\n<p><img decoding=\"async\" src=\"https:\/\/www.europesays.com\/fr\/wp-content\/uploads\/2025\/05\/animaux1.jpg\"\/>Un fossile de tapis bact\u00e9rien pos\u00e9 sur le fond marin, d\u00e9couvert par le pal\u00e9ontologue Didier N\u00e9raudeau, de l&rsquo;Universit\u00e9 de Rennes 1. (Didier N\u00e9raudeau\/Universit\u00e9 de Rennes 1)<\/p>\n<p>C\u2019est d\u00e9sormais dans la description de cette \u00e9tonnante faune que le scientifique souhaite orienter ses recherches. Ce bestiaire myst\u00e9rieux aurait v\u00e9cu plut\u00f4t pr\u00e8s des c\u00f4tes, dans des eaux peu profondes &#8211; de quelques dizaines de m\u00e8tres seulement &#8211; o\u00f9 la lumi\u00e8re p\u00e9n\u00e9trait jusqu\u2019au fond, d\u2019apr\u00e8s les derniers travaux de l\u2019\u00e9quipe rennaise.<\/p>\n<p>Didier N\u00e9raudeau et ses \u00e9tudiants vont \u00e9galement concentrer leurs recherches en Normandie, pour avancer de quelques millions d\u2019ann\u00e9es dans le temps. Les roches y ont, en effet, \u00e9t\u00e9 dat\u00e9es aux alentours de -535 \u00e0 520\u00a0millions d\u2019ann\u00e9es, soit apr\u00e8s l\u2019explosion cambrienne de -539 . \u00ab On voit l\u2019apparition de terriers verticaux : la vie commence \u00e0 exploiter la vase des fonds marins pour s\u2019enfouir dedans, se cacher, se nourrir. On va pouvoir mieux comprendre comment a \u00e9volu\u00e9 la vie ! \u00bb, s\u2019enthousiasme le pal\u00e9ontologue.<\/p>\n","protected":false},"excerpt":{"rendered":"D\u2019immenses blocs de roches \u00e0 l\u2019allure d\u2019ardoise foisonnent dans le centre de la Bretagne et autour de Rennes.&hellip;\n","protected":false},"author":2,"featured_media":136052,"comment_status":"","ping_status":"","sticky":false,"template":"","format":"standard","meta":{"footnotes":""},"categories":[2821],"tags":[1111,11,829,1777,674,1011,27,937,848,12,16048,584,25,41],"class_list":{"0":"post-136051","1":"post","2":"type-post","3":"status-publish","4":"format-standard","5":"has-post-thumbnail","7":"category-rennes","8":"tag-actu","9":"tag-actualites","10":"tag-bretagne","11":"tag-eu","12":"tag-europe","13":"tag-fr","14":"tag-france","15":"tag-histoire","16":"tag-ille-et-vilaine","17":"tag-news","18":"tag-newsletter-aujourdhui-en-bretagne","19":"tag-rennes","20":"tag-republique-francaise","21":"tag-sciences"},"share_on_mastodon":{"url":"https:\/\/pubeurope.com\/@fr\/114589387035446046","error":""},"_links":{"self":[{"href":"https:\/\/www.europesays.com\/fr\/wp-json\/wp\/v2\/posts\/136051","targetHints":{"allow":["GET"]}}],"collection":[{"href":"https:\/\/www.europesays.com\/fr\/wp-json\/wp\/v2\/posts"}],"about":[{"href":"https:\/\/www.europesays.com\/fr\/wp-json\/wp\/v2\/types\/post"}],"author":[{"embeddable":true,"href":"https:\/\/www.europesays.com\/fr\/wp-json\/wp\/v2\/users\/2"}],"replies":[{"embeddable":true,"href":"https:\/\/www.europesays.com\/fr\/wp-json\/wp\/v2\/comments?post=136051"}],"version-history":[{"count":0,"href":"https:\/\/www.europesays.com\/fr\/wp-json\/wp\/v2\/posts\/136051\/revisions"}],"wp:featuredmedia":[{"embeddable":true,"href":"https:\/\/www.europesays.com\/fr\/wp-json\/wp\/v2\/media\/136052"}],"wp:attachment":[{"href":"https:\/\/www.europesays.com\/fr\/wp-json\/wp\/v2\/media?parent=136051"}],"wp:term":[{"taxonomy":"category","embeddable":true,"href":"https:\/\/www.europesays.com\/fr\/wp-json\/wp\/v2\/categories?post=136051"},{"taxonomy":"post_tag","embeddable":true,"href":"https:\/\/www.europesays.com\/fr\/wp-json\/wp\/v2\/tags?post=136051"}],"curies":[{"name":"wp","href":"https:\/\/api.w.org\/{rel}","templated":true}]}}